{"id":134764,"date":"2025-09-23T22:02:11","date_gmt":"2025-09-23T22:02:11","guid":{"rendered":"https:\/\/www.europesays.com\/es\/134764\/"},"modified":"2025-09-23T22:02:11","modified_gmt":"2025-09-23T22:02:11","slug":"vende-en-internet-las-joyas-de-su-madre","status":"publish","type":"post","link":"https:\/\/www.europesays.com\/es\/134764\/","title":{"rendered":"vende en internet las joyas de su madre"},"content":{"rendered":"<p id=\"eMro4vuwPD\" data-wc=\"104\">Cuando no est\u00e1 tu madre, est\u00e1s solo en el mundo. Esta es la frase que el hijo de <strong>Mar\u00eda Jim\u00e9nez<\/strong> y Pepe Sancho pronunci\u00f3 tras la muerte de la artista, cuya voz se apag\u00f3 para siempre el 7 de septiembre de 2023. Dos a\u00f1os despu\u00e9s de aquella inesperada despedida, sigue recibiendo mensaje de cari\u00f1o, respeto y admiraci\u00f3n hacia la cantante, gestos que le reconfortan y le hacen sentir un orgullo inmenso. La <a class=\"hm-link ho-link\" href=\"https:\/\/www.hola.com\/realeza\/20240405251966\/reina-letizia-encuentro-alejandro-hijo-maria-jimenez-nsv\/\" data-mrf-recirculation=\"article-body-link\" rel=\"nofollow noopener\" target=\"_blank\">ganadora de la Medalla de Oro al M\u00e9rito en las Bellas Artes<\/a> dej\u00f3 un legado eterno en forma de m\u00fasica, y tambi\u00e9n de <strong>objetos personales que Alejandro ha puesto a la venta.\u00a0<\/strong><\/p>\n<p> <img src=\"https:\/\/www.europesays.com\/es\/wp-content\/uploads\/2025\/09\/c22ece63187c-esa-peita-guapa-mariajimenez-y-su-hijo-es-decir-mi-hijo-.jpg\"   width=\"1024\" height=\"1024\" loading=\"lazy\" decoding=\"async\" alt=\"Media Image\" fetchpriority=\"auto\" class=\"image ho-image\"\/>\u00a9 mariajimenezoficial<\/p>\n<p id=\"eOcOxamei7\" data-wc=\"103\">Los seguidores que tanto apoyaron a la cantante andaluza durante su carrera, pueden ahora tener un recuerdo \u00fanico de la mujer que ha puesto banda sonora a diferentes generaciones con temas como Se acab\u00f3 y La lista de la compra. Mediante la web oficial de la artista, en la que hasta ahora se ofrec\u00eda merchandising como camisetas y tazas, se pueden adquirir \u00abpiezas \u00fanicas y originales de Mar\u00eda\u00bb, todas pertenecientes a su joyero personal. <strong>Su hijo Alejandro ha ofrecido 12 collares, de los que han adquirido ya 6, y tambi\u00e9n una pulsera que est\u00e1 vendida. Los precios oscilan \u00a0entre 15 y 90 euros.\u00a0<\/strong><\/p>\n<p> <img src=\"https:\/\/www.europesays.com\/es\/wp-content\/uploads\/2025\/09\/8183ce368109-collar.jpg\"   width=\"876\" height=\"1024\" loading=\"lazy\" decoding=\"async\" alt=\"Media Image\" fetchpriority=\"auto\" class=\"image ho-image\"\/><\/p>\n<p id=\"eNF0koRDCT\" data-wc=\"110\">La iniciativa ha generado un sinf\u00edn de reacciones. \u00abQu\u00e9 buena idea. Gracias por darnos la oportunidad de tener algo de ella. Seguro a Mar\u00eda esto le parece genial\u00bb, \u00abQuiero todos\u00bb y \u00abDivino, como era ella\u00bb, son solo algunos de los comentarios que se pueden leer. Tambi\u00e9n hay quienes se han preguntado la raz\u00f3n de esta venta. \u00ab\u00bfC\u00f3mo vend\u00e9is eso de gran valor sentimental para vosotros? No entiendo nada\u00bb, pregunta a la que Alejandro ha respondido tajante: <strong>\u00abNo hay nada que entender, queremos que los teng\u00e1is<\/strong>\u00ab. La idea parece estar teniendo una buena acogida porque el empresario ha avisado de que \u00abdebido al volumen de pedidos, tardar\u00e9 en enviarlos unos d\u00edas\u00bb.<\/p>\n<p id=\"e-qYMYrIcq\" data-wc=\"111\">\u00a0Este verano, el heredero universal de la artista, puso en marcha tambi\u00e9n otra idea para acercar al p\u00fablico los recuerdos m\u00e1s \u00edntimos de su madre. <strong>Alejandro\u00a0<\/strong><a class=\"hm-link ho-link\" href=\"https:\/\/www.hola.com\/actualidad\/20250907853897\/asi-es-por-dentro-la-casa-de-maria-jimenez-en-cadiz-que-podras-alquilar-a-partir-de-ahora\/\" data-mrf-recirculation=\"article-body-link\" rel=\"nofollow noopener\" target=\"_blank\">puso en alquiler una parte de la casa en la que Mar\u00eda del Monte vivi\u00f3 en Chiclana de la Frontera<\/a>. Ubicada en la urbanizaci\u00f3n de San Andr\u00e9s Golf, la propiedad est\u00e1 compuesta por 4 apartamentos independientes dise\u00f1ados por ella misma, rodeados de una enorme piscina en la que tanto disfrut\u00f3 con sus dos nietos, Julia y \u00c1lex, por los que sent\u00eda verdadera devoci\u00f3n. Ambos son hijos de Alejandro y su pareja, Danae S\u00e1nchez de Castro, quien siempre se ha mantenido en un discreto segundo plano.<\/p>\n<p><\/p>\n","protected":false},"excerpt":{"rendered":"Cuando no est\u00e1 tu madre, est\u00e1s solo en el mundo. Esta es la frase que el hijo de&hellip;\n","protected":false},"author":2,"featured_media":134765,"comment_status":"","ping_status":"","sticky":false,"template":"","format":"standard","meta":{"footnotes":""},"categories":[174],"tags":[517,255,146,147,25,24,931,256,185,23],"class_list":{"0":"post-134764","1":"post","2":"type-post","3":"status-publish","4":"format-standard","5":"has-post-thumbnail","7":"category-famosos","8":"tag-actualidad","9":"tag-celebrities","10":"tag-entertainment","11":"tag-entretenimiento","12":"tag-es","13":"tag-espana","14":"tag-fallecimiento","15":"tag-famosos","16":"tag-musica","17":"tag-spain"},"share_on_mastodon":{"url":"","error":""},"_links":{"self":[{"href":"https:\/\/www.europesays.com\/es\/wp-json\/wp\/v2\/posts\/134764","targetHints":{"allow":["GET"]}}],"collection":[{"href":"https:\/\/www.europesays.com\/es\/wp-json\/wp\/v2\/posts"}],"about":[{"href":"https:\/\/www.europesays.com\/es\/wp-json\/wp\/v2\/types\/post"}],"author":[{"embeddable":true,"href":"https:\/\/www.europesays.com\/es\/wp-json\/wp\/v2\/users\/2"}],"replies":[{"embeddable":true,"href":"https:\/\/www.europesays.com\/es\/wp-json\/wp\/v2\/comments?post=134764"}],"version-history":[{"count":0,"href":"https:\/\/www.europesays.com\/es\/wp-json\/wp\/v2\/posts\/134764\/revisions"}],"wp:featuredmedia":[{"embeddable":true,"href":"https:\/\/www.europesays.com\/es\/wp-json\/wp\/v2\/media\/134765"}],"wp:attachment":[{"href":"https:\/\/www.europesays.com\/es\/wp-json\/wp\/v2\/media?parent=134764"}],"wp:term":[{"taxonomy":"category","embeddable":true,"href":"https:\/\/www.europesays.com\/es\/wp-json\/wp\/v2\/categories?post=134764"},{"taxonomy":"post_tag","embeddable":true,"href":"https:\/\/www.europesays.com\/es\/wp-json\/wp\/v2\/tags?post=134764"}],"curies":[{"name":"wp","href":"https:\/\/api.w.org\/{rel}","templated":true}]}}