{"id":134766,"date":"2025-09-23T22:04:19","date_gmt":"2025-09-23T22:04:19","guid":{"rendered":"https:\/\/www.europesays.com\/es\/134766\/"},"modified":"2025-09-23T22:04:19","modified_gmt":"2025-09-23T22:04:19","slug":"el-puertollanense-miguel-angel-fernandez-presentara-el-libro-dios-no-echa-las-cartas-este-viernes-en-el-museo-cristina-garcia-rodero","status":"publish","type":"post","link":"https:\/\/www.europesays.com\/es\/134766\/","title":{"rendered":"El puertollanense Miguel \u00c1ngel Fern\u00e1ndez presentar\u00e1 el libro &#8216;Dios no echa las cartas&#8217; este viernes en el Museo &#8216;Cristina Garc\u00eda Rodero&#8217;"},"content":{"rendered":"<p>Miguel \u00c1ngel Fern\u00e1ndez N\u00fa\u00f1ez presentar\u00e1 el libro &#8216;Dios no echa las cartas&#8217;\u00a0en el Museo Cristina Garc\u00eda Rodero el viernes, 26 de septiembre, a las 18:30\u00a0 horas.<\/p>\n<p>A lo largo de estas p\u00e1ginas, analiza las causas del auge de las nuevas espiritualidades e indaga en sus or\u00edgenes, explora qu\u00e9 voz aporta Dios ante estas religiones, qu\u00e9 palabras ha pronunciado el Creador a trav\u00e9s de lo creado y la propuesta de espiritualidad que ofreci\u00f3 Jes\u00fas de Nazaret.<\/p>\n<p>El libro se publica tanto en Espa\u00f1a como en EEUU y Latinoam\u00e9rica, de la mano de la editorial cristiana Andamio Editorial (<a target=\"_blank\" href=\"https:\/\/andamioeditorial.com\/producto\/dios-no-echa-las-cartas\/\" rel=\"nofollow noopener\">https:\/\/andamioeditorial.com\/producto\/dios-no-echa-las-cartas\/<\/a>).<\/p>\n<p><strong>El autor<\/strong><\/p>\n<p>Miguel \u00c1ngel Fern\u00e1ndez\u00a0naci\u00f3 en Puertollano, aunque en estos momentos reside junto a su familia en Jerez de la Frontera. Ingeniero industrial que desarrolla su actividad en los astilleros nacionales de la bah\u00eda de C\u00e1diz y con estudios superiores en teolog\u00eda por una universidad privada de Barcelona.<\/p>\n<p>Colabora de forma frecuente en entornos universitarios dando conferencias y talleres sobre varios asuntos relacionados con la teolog\u00eda y la apolog\u00e9tica de la Fe cristiana, entre ellos el tema que desarrollo en el libro: el auge de las nuevas espiritualidades (astrolog\u00eda, tarot, santeria, etc), c\u00f3mo entender la espiritualidad desde una mirada cristiana y c\u00f3mo tender puentes con aquellos que est\u00e1n buscando una espiritualidad plena que vivir.<\/p>\n","protected":false},"excerpt":{"rendered":"Miguel \u00c1ngel Fern\u00e1ndez N\u00fa\u00f1ez presentar\u00e1 el libro &#8216;Dios no echa las cartas&#8217;\u00a0en el Museo Cristina Garc\u00eda Rodero el&hellip;\n","protected":false},"author":2,"featured_media":134767,"comment_status":"","ping_status":"","sticky":false,"template":"","format":"standard","meta":{"footnotes":""},"categories":[172],"tags":[224,209,146,147,25,24,225,671,42843,42842,8594,23],"class_list":{"0":"post-134766","1":"post","2":"type-post","3":"status-publish","4":"format-standard","5":"has-post-thumbnail","7":"category-libros","8":"tag-books","9":"tag-cultura","10":"tag-entertainment","11":"tag-entretenimiento","12":"tag-es","13":"tag-espana","14":"tag-libros","15":"tag-literatura","16":"tag-miguel-angel-fernandez","17":"tag-museo-garcia-rodero","18":"tag-presentacion-libro","19":"tag-spain"},"share_on_mastodon":{"url":"","error":""},"_links":{"self":[{"href":"https:\/\/www.europesays.com\/es\/wp-json\/wp\/v2\/posts\/134766","targetHints":{"allow":["GET"]}}],"collection":[{"href":"https:\/\/www.europesays.com\/es\/wp-json\/wp\/v2\/posts"}],"about":[{"href":"https:\/\/www.europesays.com\/es\/wp-json\/wp\/v2\/types\/post"}],"author":[{"embeddable":true,"href":"https:\/\/www.europesays.com\/es\/wp-json\/wp\/v2\/users\/2"}],"replies":[{"embeddable":true,"href":"https:\/\/www.europesays.com\/es\/wp-json\/wp\/v2\/comments?post=134766"}],"version-history":[{"count":0,"href":"https:\/\/www.europesays.com\/es\/wp-json\/wp\/v2\/posts\/134766\/revisions"}],"wp:featuredmedia":[{"embeddable":true,"href":"https:\/\/www.europesays.com\/es\/wp-json\/wp\/v2\/media\/134767"}],"wp:attachment":[{"href":"https:\/\/www.europesays.com\/es\/wp-json\/wp\/v2\/media?parent=134766"}],"wp:term":[{"taxonomy":"category","embeddable":true,"href":"https:\/\/www.europesays.com\/es\/wp-json\/wp\/v2\/categories?post=134766"},{"taxonomy":"post_tag","embeddable":true,"href":"https:\/\/www.europesays.com\/es\/wp-json\/wp\/v2\/tags?post=134766"}],"curies":[{"name":"wp","href":"https:\/\/api.w.org\/{rel}","templated":true}]}}