{"id":134776,"date":"2025-09-23T22:09:13","date_gmt":"2025-09-23T22:09:13","guid":{"rendered":"https:\/\/www.europesays.com\/es\/134776\/"},"modified":"2025-09-23T22:09:13","modified_gmt":"2025-09-23T22:09:13","slug":"detectado-en-madrid-el-primer-caso-importado-en-espana-de-viruela-del-mono-del-clado-1b","status":"publish","type":"post","link":"https:\/\/www.europesays.com\/es\/134776\/","title":{"rendered":"Detectado en Madrid el primer caso importado en Espa\u00f1a de viruela del mono del clado 1b"},"content":{"rendered":"<p>El paciente tiene 32 a\u00f1os, viaj\u00f3 a Tanzania y mantuvo relaciones sexuales de riesgo<\/p>\n<p><img fetchpriority=\"high\" class=\"voc-img\" src=\"https:\/\/www.europesays.com\/es\/wp-content\/uploads\/2025\/09\/vacuna-mpox-R4U1zKQNW74wj2GfH8C69qJ-1200x840@diario_abc.jpg\" loading=\"eager\" decoding=\"async\" alt=\"Vacunaci\u00f3n contra la viruela del mono\" width=\"1200\" height=\"840\"\/><\/p>\n<p>Vacunaci\u00f3n contra la viruela del mono    REUTERS  <\/p>\n<p><img decoding=\"async\" class=\"voc-author__img\" src=\"https:\/\/www.europesays.com\/es\/wp-content\/uploads\/2025\/08\/autor-1616-foto-10.jpeg\" alt=\"E. Calvo\"\/><\/p>\n<p>23\/09\/2025<br \/>\n<br \/><strong><br \/>\nActualizado a las 17:26h.<br \/>\n<\/strong><\/p>\n<p class=\"voc-p\" style=\"\">La Comunidad de Madrid ha detectado el primer caso de <a href=\"https:\/\/www.abc.es\/sociedad\/sanidad-notifica-muerte-viruela-mono-paciente-vih-20250626120146-nt.html\" target=\"_self\" data-voc-vtm-id=\"in-text-traffic\" title=\"viruela del mono\" rel=\"nofollow noopener\">viruela del mono<\/a> de la variante clado 1b. Tal como ha informado la Consejer\u00eda de Sanidad de la regi\u00f3n, la infecci\u00f3n es importada de Tanzania y el paciente evoluciona favorablemente. Actualmente se encuentra en aislamiento domiciliario. <\/p>\n<p class=\"voc-p\" style=\"\">Es el primer caso en nuestro pa\u00eds de esta variante, que el verano pasado oblig\u00f3 a activar la emergencia internacional tras su r\u00e1pida expansi\u00f3n por \u00c1frica, especialmente por Rep\u00fablica Democr\u00e1tica del Congo. Hace tres semanas la Organizaci\u00f3n Mundial de la Salud (OMS) puso fin a la emergencia por la disminuci\u00f3n de los casos. Los pa\u00edses cuentan adem\u00e1s con protocolos de actuaci\u00f3n ante las infecciones.<\/p>\n<p class=\"voc-p\" style=\"\">El paciente, ha explicado la Comunidad de Madrid, es un hombre de 32 a\u00f1os que viaj\u00f3 a Tanzania el pasado agosto y mantuvo relaciones sexuales consideradas de riesgo. Tras presentar s\u00edntomas se le tomaron muestras en el Hospital Ram\u00f3n y Cajal de Madrid que confirmaron la infecci\u00f3n por mpox. <\/p>\n<p class=\"voc-p\" style=\"\">Adem\u00e1s, se han seguido los protocolos establecidos, de manera que las muestras se enviaron tambi\u00e9n al Centro Nacional de Microbiolog\u00eda. La comunidad, explica, ha informado tambi\u00e9n del caso al <a href=\"https:\/\/www.abc.es\/sociedad\/sindicatos-dan-ultimatum-monica-garcia-ante-retroceso-20250923135608-nt.html\" target=\"_self\" data-voc-vtm-id=\"in-text-traffic\" title=\"Ministerio de Sanidad\" rel=\"nofollow noopener\">Ministerio de Sanidad<\/a>. <\/p>\n<p>\nVigilancia\n<\/p>\n<p class=\"voc-p\" style=\"\">Hace tres semanas la Organizaci\u00f3n Mundial de la Salud (OMS) puso fin a la emergencia de salud p\u00fablica de inter\u00e9s internacional por mpox, que hab\u00eda sido declarada durante el verano de 2024 ante la expansi\u00f3n de la nueva variante, m\u00e1s transmisible, en algunos pa\u00edses de \u00c1frica. En Europa se detectaron algunos casos en Suecia, Alemania o Francia. La OMS indic\u00f3 cuando puso fin a la emergencia que la posibilidad de que surgieran nuevos brotes segu\u00eda existiendo, por lo que abog\u00f3 por continuar con la vigilancia y capacidad de respuesta adecuadas. <\/p>\n<p>Reportar un error<\/p>\n","protected":false},"excerpt":{"rendered":"El paciente tiene 32 a\u00f1os, viaj\u00f3 a Tanzania y mantuvo relaciones sexuales de riesgo Vacunaci\u00f3n contra la viruela&hellip;\n","protected":false},"author":2,"featured_media":134777,"comment_status":"","ping_status":"","sticky":false,"template":"","format":"standard","meta":{"footnotes":""},"categories":[92],"tags":[42846,42845,25,24,165,205,20905,977,166,23,20904],"class_list":{"0":"post-134776","1":"post","2":"type-post","3":"status-publish","4":"format-standard","5":"has-post-thumbnail","7":"category-salud","8":"tag-clado","9":"tag-detectado","10":"tag-es","11":"tag-espana","12":"tag-health","13":"tag-madrid","14":"tag-mono","15":"tag-primer","16":"tag-salud","17":"tag-spain","18":"tag-viruela"},"share_on_mastodon":{"url":"","error":""},"_links":{"self":[{"href":"https:\/\/www.europesays.com\/es\/wp-json\/wp\/v2\/posts\/134776","targetHints":{"allow":["GET"]}}],"collection":[{"href":"https:\/\/www.europesays.com\/es\/wp-json\/wp\/v2\/posts"}],"about":[{"href":"https:\/\/www.europesays.com\/es\/wp-json\/wp\/v2\/types\/post"}],"author":[{"embeddable":true,"href":"https:\/\/www.europesays.com\/es\/wp-json\/wp\/v2\/users\/2"}],"replies":[{"embeddable":true,"href":"https:\/\/www.europesays.com\/es\/wp-json\/wp\/v2\/comments?post=134776"}],"version-history":[{"count":0,"href":"https:\/\/www.europesays.com\/es\/wp-json\/wp\/v2\/posts\/134776\/revisions"}],"wp:featuredmedia":[{"embeddable":true,"href":"https:\/\/www.europesays.com\/es\/wp-json\/wp\/v2\/media\/134777"}],"wp:attachment":[{"href":"https:\/\/www.europesays.com\/es\/wp-json\/wp\/v2\/media?parent=134776"}],"wp:term":[{"taxonomy":"category","embeddable":true,"href":"https:\/\/www.europesays.com\/es\/wp-json\/wp\/v2\/categories?post=134776"},{"taxonomy":"post_tag","embeddable":true,"href":"https:\/\/www.europesays.com\/es\/wp-json\/wp\/v2\/tags?post=134776"}],"curies":[{"name":"wp","href":"https:\/\/api.w.org\/{rel}","templated":true}]}}