{"id":134778,"date":"2025-09-23T22:10:14","date_gmt":"2025-09-23T22:10:14","guid":{"rendered":"https:\/\/www.europesays.com\/es\/134778\/"},"modified":"2025-09-23T22:10:14","modified_gmt":"2025-09-23T22:10:14","slug":"telma-ortiz-reaparece-en-madrid-con-un-traje-de-chaqueta-y-pantalon-inspirado-en-la-reina-letizia-tendencia-de-otono-2025","status":"publish","type":"post","link":"https:\/\/www.europesays.com\/es\/134778\/","title":{"rendered":"Telma Ortiz reaparece en Madrid con un traje de chaqueta y pantal\u00f3n inspirado en la reina Letizia tendencia de oto\u00f1o 2025"},"content":{"rendered":"<p data-journey-content=\"true\" data-node-id=\"2\" class=\"css-6wxqfj emevuu60\">La <a href=\"https:\/\/www.elle.com\/es\/star-style\/el-estilo-de\/a42303568\/reina-letizia-firmas-espanolas-independientes\/\" target=\"_blank\" data-vars-ga-outbound-link=\"https:\/\/www.elle.com\/es\/star-style\/el-estilo-de\/a42303568\/reina-letizia-firmas-espanolas-independientes\/\" data-vars-ga-ux-element=\"Hyperlink\" data-vars-ga-call-to-action=\"reina Letizia es considerada como una de las mujeres mejor vestidas\" data-node-id=\"2.1\" class=\"body-link css-103hk4r emevuu60\" rel=\"nofollow noopener\">reina Letizia es considerada como una de las mujeres mejor vestidas<\/a> por eso no nos extra\u00f1a para nada que sea referente de estilo. Como lo es para muchas, tambi\u00e9n lo es para su hermana menor, <strong data-node-id=\"2.3\">Telma, que sabemos que toma nota de sus trucos de estilo para ir siempre impecable.<\/strong> Y as\u00ed lo comprob\u00e1bamos en su \u00faltima aparici\u00f3n. Ha reaparecido en Madrid con motivo de su participaci\u00f3n en el Festival Centroam\u00e9rica con un look que nos recuerda mucho a uno de los \u00faltimos que le hemos visto a do\u00f1a Letizia. <\/p>\n<p data-journey-content=\"true\" data-node-id=\"3\" class=\"css-6wxqfj emevuu60\">Si hay algo en lo que es experta la Reina, eso es en los estilismos en clave &#8216;working&#8217;, no hay traje de chaqueta que se le resista y los ha lucido en todos los estilos y de todos los colores. Y, despu\u00e9s de ver todos los que cuelgan de su armario, nos cuesta elegir favorito. Si que sabemos que el traje blanco con el que anunciaron su pedida de mano es uno de los grandes iconos pero <strong data-node-id=\"3.1\">ahora luce como nadie los dos piezas de Mango, de Hugo Boss o incluso de Bimba y Lola. <\/strong>Sabemos que no pierde de vista las tendencias y se apunta a todas, dentro de su estilo impecable, combinando todos los trajes que tiene. <\/p>\n<p data-journey-content=\"true\" data-node-id=\"4\" class=\"css-6wxqfj emevuu60\">Como experta en esto, es adem\u00e1s un referente, por eso su hermana Telma se inspiraba en uno de sus looks m\u00e1s conocidos \u00faltimamente, que adem\u00e1s ha repetido hace poco. <\/p>\n<p>Telma Ortiz se inspira en uno de los looks m\u00e1s ic\u00f3nicos de la reina Letizia<img draggable=\"true\" alt=\"telma ortiz at photocall for opening ceremony of centroamerica cuenta festival in madrid on monday, 22 september 2025.\" title=\"telma ortiz at photocall for opening ceremony of centroamerica cuenta festival in madrid on monday, 22 september 2025.\" loading=\"lazy\" width=\"1280\" height=\"1920\" decoding=\"async\" data-nimg=\"1\" style=\"color:transparent;width:100%;height:auto;\"   src=\"https:\/\/www.europesays.com\/es\/wp-content\/uploads\/2025\/09\/dl-u591742-018-68d2b0ab70f33.jpg\" class=\"css-0 e1g79fud0\"\/><a target=\"_blank\" rel=\"noopener nofollow\" data-theme-key=\"base-link\" href=\"https:\/\/pinterest.com\/pin\/create\/button\/?url=https:\/\/www.elle.com\/es\/star-style\/el-estilo-de\/a68014890\/telma-ortiz-traje-chaqueta-reina-letizia-tendencia-otono\/&amp;description=- ElleSpain&amp;media=https:\/\/hips.hearstapps.com\/hmg-prod\/images\/dl-u591742-018-68d2b0ab70f33.jpg?resize=1600:*\" class=\"pinterest css-on9hn5 e1c1bym14\"><img decoding=\"async\" data-dynamic-svg=\"true\" src=\"https:\/\/www.elle.com\/_assets\/design-tokens\/fre\/static\/icons\/social\/pinterest.e8cf655.svg?primary=%2523ffffff\" loading=\"lazy\" data-testid=\"dynamic-svg-base\" height=\"auto\" width=\"auto\" alt=\"pinterest\" class=\"css-4lml0h e1mlxuuw1\"\/><\/a><\/p>\n<p>Jes\u00fas Briones<\/p>\n<p><img draggable=\"true\" alt=\"sergio ram\u00edrez, telma ortiz and le\u00f3n de la torre at photocall for opening ceremony of centroamerica cuenta festival in madrid on monday, 22 september 2025.\" title=\"sergio ram\u00edrez, telma ortiz and le\u00f3n de la torre at photocall for opening ceremony of centroamerica cuenta festival in madrid on monday, 22 september 2025.\" loading=\"lazy\" width=\"1280\" height=\"1920\" decoding=\"async\" data-nimg=\"1\" style=\"color:transparent;width:100%;height:auto;\"   src=\"https:\/\/www.europesays.com\/es\/wp-content\/uploads\/2025\/09\/dl-u591742-014-68d2b0da1c5da.jpg\" class=\"css-0 e1g79fud0\"\/><a target=\"_blank\" rel=\"noopener nofollow\" data-theme-key=\"base-link\" href=\"https:\/\/pinterest.com\/pin\/create\/button\/?url=https:\/\/www.elle.com\/es\/star-style\/el-estilo-de\/a68014890\/telma-ortiz-traje-chaqueta-reina-letizia-tendencia-otono\/&amp;description=- ElleSpain&amp;media=https:\/\/hips.hearstapps.com\/hmg-prod\/images\/dl-u591742-014-68d2b0da1c5da.jpg?resize=1600:*\" class=\"pinterest css-on9hn5 e1c1bym14\"><img decoding=\"async\" data-dynamic-svg=\"true\" src=\"https:\/\/www.elle.com\/_assets\/design-tokens\/fre\/static\/icons\/social\/pinterest.e8cf655.svg?primary=%2523ffffff\" loading=\"lazy\" data-testid=\"dynamic-svg-base\" height=\"auto\" width=\"auto\" alt=\"pinterest\" class=\"css-4lml0h e1mlxuuw1\"\/><\/a><\/p>\n<p>Jes\u00fas Briones<\/p>\n<p data-journey-content=\"true\" data-node-id=\"9\" class=\"css-6wxqfj emevuu60\"><strong data-node-id=\"9.0\">La hermana de la reina nos sorprend\u00eda con este tres piezas de chaqueta, chaleco y pantal\u00f3n en azul beb\u00e9 que ha combinado con unas sandalias viniladas. <\/strong>No han hecho falta muchas joyas, algo en lo que tambi\u00e9n se ha inspirado en la reina Letizia, que no suele lucir muchas cuando lleva este tipo de looks.<\/p>\n<p data-journey-content=\"true\" data-node-id=\"10\" class=\"css-6wxqfj emevuu60\">El traje en el que <strong data-node-id=\"10.1\">se ha inspirado es en el dise\u00f1o de Hugo Boss en este mismo color<\/strong> que llev\u00f3 la semana pasada justo antes de su Viaje de Estado a Egipto. Un dos piezas que le sienta como un guante y que en este caso combin\u00f3 con unos salones negros destalonados y un bolso de mano de Carolina Herrera. <\/p>\n<p><img draggable=\"true\" alt=\"spanish royals depart to egypt\" title=\"Spanish Royals Depart To Egypt\" loading=\"lazy\" width=\"2667\" height=\"4000\" decoding=\"async\" data-nimg=\"1\" style=\"color:transparent;width:100%;height:auto;\"   src=\"https:\/\/www.europesays.com\/es\/wp-content\/uploads\/2025\/09\/queen-letizia-of-spain-departs-for-an-official-visit-to-news-photo-1758638337.pjpeg\" class=\"css-0 e1g79fud0\"\/><a target=\"_blank\" rel=\"noopener nofollow\" data-theme-key=\"base-link\" href=\"https:\/\/pinterest.com\/pin\/create\/button\/?url=https:\/\/www.elle.com\/es\/star-style\/el-estilo-de\/a68014890\/telma-ortiz-traje-chaqueta-reina-letizia-tendencia-otono\/&amp;description=- ElleSpain&amp;media=https:\/\/hips.hearstapps.com\/hmg-prod\/images\/queen-letizia-of-spain-departs-for-an-official-visit-to-news-photo-1758638337.pjpeg?resize=1600:*\" class=\"pinterest css-on9hn5 e1c1bym14\"><img decoding=\"async\" data-dynamic-svg=\"true\" src=\"https:\/\/www.elle.com\/_assets\/design-tokens\/fre\/static\/icons\/social\/pinterest.e8cf655.svg?primary=%2523ffffff\" loading=\"lazy\" data-testid=\"dynamic-svg-base\" height=\"auto\" width=\"auto\" alt=\"pinterest\" class=\"css-4lml0h e1mlxuuw1\"\/><\/a><\/p>\n<p>Paolo Blocco\/\/Getty Images<\/p>\n","protected":false},"excerpt":{"rendered":"La reina Letizia es considerada como una de las mujeres mejor vestidas por eso no nos extra\u00f1a para&hellip;\n","protected":false},"author":2,"featured_media":134779,"comment_status":"","ping_status":"","sticky":false,"template":"","format":"standard","meta":{"footnotes":""},"categories":[91],"tags":[253,146,147,25,24,23],"class_list":{"0":"post-134778","1":"post","2":"type-post","3":"status-publish","4":"format-standard","5":"has-post-thumbnail","7":"category-entretenimiento","8":"tag-discover","9":"tag-entertainment","10":"tag-entretenimiento","11":"tag-es","12":"tag-espana","13":"tag-spain"},"share_on_mastodon":{"url":"","error":""},"_links":{"self":[{"href":"https:\/\/www.europesays.com\/es\/wp-json\/wp\/v2\/posts\/134778","targetHints":{"allow":["GET"]}}],"collection":[{"href":"https:\/\/www.europesays.com\/es\/wp-json\/wp\/v2\/posts"}],"about":[{"href":"https:\/\/www.europesays.com\/es\/wp-json\/wp\/v2\/types\/post"}],"author":[{"embeddable":true,"href":"https:\/\/www.europesays.com\/es\/wp-json\/wp\/v2\/users\/2"}],"replies":[{"embeddable":true,"href":"https:\/\/www.europesays.com\/es\/wp-json\/wp\/v2\/comments?post=134778"}],"version-history":[{"count":0,"href":"https:\/\/www.europesays.com\/es\/wp-json\/wp\/v2\/posts\/134778\/revisions"}],"wp:featuredmedia":[{"embeddable":true,"href":"https:\/\/www.europesays.com\/es\/wp-json\/wp\/v2\/media\/134779"}],"wp:attachment":[{"href":"https:\/\/www.europesays.com\/es\/wp-json\/wp\/v2\/media?parent=134778"}],"wp:term":[{"taxonomy":"category","embeddable":true,"href":"https:\/\/www.europesays.com\/es\/wp-json\/wp\/v2\/categories?post=134778"},{"taxonomy":"post_tag","embeddable":true,"href":"https:\/\/www.europesays.com\/es\/wp-json\/wp\/v2\/tags?post=134778"}],"curies":[{"name":"wp","href":"https:\/\/api.w.org\/{rel}","templated":true}]}}