{"id":134790,"date":"2025-09-23T22:17:09","date_gmt":"2025-09-23T22:17:09","guid":{"rendered":"https:\/\/www.europesays.com\/es\/134790\/"},"modified":"2025-09-23T22:17:09","modified_gmt":"2025-09-23T22:17:09","slug":"toros-en-pozoblanco-david-de-miranda-sustituya-a-manzanares-en-la-corrida-del-sabado-en-pozoblanco","status":"publish","type":"post","link":"https:\/\/www.europesays.com\/es\/134790\/","title":{"rendered":"TOROS EN POZOBLANCO | David de Miranda sustituya a Manzanares en la corrida del s\u00e1bado en Pozoblanco"},"content":{"rendered":"<p class=\"ft-text\">La empresa de la plaza de toros de <a class=\"ft-link ft-link--decoration\" href=\"https:\/\/www.diariocordoba.com\/cordoba\/pozoblanco\/\" rel=\"nofollow noopener\" target=\"_blank\">Pozoblanco<\/a> ha informado de que <strong>David de Miranda<\/strong> sustituir\u00e1 en la <a class=\"ft-link ft-link--decoration\" href=\"https:\/\/www.diariocordoba.com\/tags\/corrida-de-toros\/\" rel=\"nofollow noopener\" target=\"_blank\">corrida de toros<\/a> este s\u00e1bado a Jos\u00e9 Mar\u00eda Manzanares, que se encuentra de baja tras la lesi\u00f3n producida hace unos d\u00edas en la feria de Murcia.<\/p>\n<p class=\"ft-text\">El diestro onubense compartir\u00e1 cartel con Pablo Aguado y Marco P\u00e9rez en la corrida de la<strong> Feria Taurina de Pozoblanco<\/strong>, que se celebrar\u00e1 este s\u00e1bado 27 de septiembre. Miranda tambi\u00e9n sustituye a Manzanares en la corrida que ten\u00eda prevista el viernes d\u00eda 26 en Sevilla.<\/p>\n<p class=\"ft-text\">El\u00a0<strong>diestro Jos\u00e9 Mar\u00eda Manzanares<\/strong>\u00a0ya hab\u00eda\u00a0<strong>cancelado\u00a0<\/strong>sus\u00a0<strong>pr\u00f3ximos compromisos<\/strong>\u00a0del mes de septiembre por culpa de la lesi\u00f3n que sufri\u00f3 el 15 de septiembre en Murcia, concretamente la fractura de la octava costilla izquierda. Seg\u00fan anunci\u00f3 el torero alicantino a trav\u00e9s de las redes sociales la pasada semana,\u00a0<strong>el tiempo de baja lo marcar\u00e1 la propia evoluci\u00f3n de la dolencia.<\/strong><\/p>\n<p class=\"ft-text\">El percance de Manzanares sobrevino durante la faena de muleta al primer toro de la corrida del lunes en\u00a0<strong>Murcia, de Daniel Ruiz<\/strong>. El animal se fren\u00f3 en la mitad de un derechazo, levantando al torero y tir\u00e1ndolo violentamente contra la arena, haciendo despu\u00e9s por \u00e9l nuevamente cuando se encontraba a merced suya. Visiblemente dolorido, el diestro se rehizo para acabar esta y su segunda faena al cuarto toro, de los que pase\u00f3 una oreja de cada uno, logrando la salida a hombros junto a\u00a0<strong>Juan Ortega y Borja Jim\u00e9nez<\/strong>, que tambi\u00e9n lograron el mismo balance de dos ap\u00e9ndices.<\/p>\n<p>Feria de Pozoblanco<\/p>\n<p class=\"ft-text\">La Feria Taurina de Pozoblanco comenzar\u00e1 el viernes 26 con la\u00a0<strong>novillada sin picadores<\/strong>\u00a0en la que actuar\u00e1n los j\u00f3venes\u00a0<strong>Moreno Leal, Jos\u00e9 Antonio de Gracia, Manuel Quintana, Alejandro Gonz\u00e1lez, \u00c1lvaro Hern\u00e1ndez y Hugo Mas\u00eda<\/strong>. La nueva incorporaci\u00f3n de David de Miranda, junto a <strong>Pablo Aguado y<\/strong>\u00a0<strong>Marcos P\u00e9rez,<\/strong>\u00a0conforman el cartel principal de la feria, el s\u00e1bado 27. El ciclo se cerrar\u00e1 el domingo 28 de septiembre con la\u00a0<strong>corrida de rejones<\/strong>, en la que est\u00e1n anunciados\u00a0<strong>Andy Cartagena, Leonardo Hern\u00e1ndez y Lea Vicens<\/strong>.\u00a0<\/p>\n","protected":false},"excerpt":{"rendered":"La empresa de la plaza de toros de Pozoblanco ha informado de que David de Miranda sustituir\u00e1 en&hellip;\n","protected":false},"author":2,"featured_media":134791,"comment_status":"","ping_status":"","sticky":false,"template":"","format":"standard","meta":{"footnotes":""},"categories":[277],"tags":[373,1569,1904,2429,168,25,24,5090,9126,8072,23,167,42847,625,374],"class_list":{"0":"post-134790","1":"post","2":"type-post","3":"status-publish","4":"format-standard","5":"has-post-thumbnail","7":"category-toreo","8":"tag-bullfighting","9":"tag-corrida","10":"tag-corridas-de-toros","11":"tag-david","12":"tag-deportes","13":"tag-es","14":"tag-espana","15":"tag-manzanares","16":"tag-miranda","17":"tag-pozoblanco","18":"tag-spain","19":"tag-sports","20":"tag-sustituya","21":"tag-tauromaquia","22":"tag-toreo"},"share_on_mastodon":{"url":"","error":""},"_links":{"self":[{"href":"https:\/\/www.europesays.com\/es\/wp-json\/wp\/v2\/posts\/134790","targetHints":{"allow":["GET"]}}],"collection":[{"href":"https:\/\/www.europesays.com\/es\/wp-json\/wp\/v2\/posts"}],"about":[{"href":"https:\/\/www.europesays.com\/es\/wp-json\/wp\/v2\/types\/post"}],"author":[{"embeddable":true,"href":"https:\/\/www.europesays.com\/es\/wp-json\/wp\/v2\/users\/2"}],"replies":[{"embeddable":true,"href":"https:\/\/www.europesays.com\/es\/wp-json\/wp\/v2\/comments?post=134790"}],"version-history":[{"count":0,"href":"https:\/\/www.europesays.com\/es\/wp-json\/wp\/v2\/posts\/134790\/revisions"}],"wp:featuredmedia":[{"embeddable":true,"href":"https:\/\/www.europesays.com\/es\/wp-json\/wp\/v2\/media\/134791"}],"wp:attachment":[{"href":"https:\/\/www.europesays.com\/es\/wp-json\/wp\/v2\/media?parent=134790"}],"wp:term":[{"taxonomy":"category","embeddable":true,"href":"https:\/\/www.europesays.com\/es\/wp-json\/wp\/v2\/categories?post=134790"},{"taxonomy":"post_tag","embeddable":true,"href":"https:\/\/www.europesays.com\/es\/wp-json\/wp\/v2\/tags?post=134790"}],"curies":[{"name":"wp","href":"https:\/\/api.w.org\/{rel}","templated":true}]}}