{"id":134800,"date":"2025-09-23T22:25:06","date_gmt":"2025-09-23T22:25:06","guid":{"rendered":"https:\/\/www.europesays.com\/es\/134800\/"},"modified":"2025-09-23T22:25:06","modified_gmt":"2025-09-23T22:25:06","slug":"quiero-que-nos-sintamos-humanos-en-tiempos-de-deshumanizacion","status":"publish","type":"post","link":"https:\/\/www.europesays.com\/es\/134800\/","title":{"rendered":"Quiero que nos sintamos humanos en tiempos de deshumanizaci\u00f3n"},"content":{"rendered":"<p class=\"c-paragraph\"><a href=\"https:\/\/www.20minutos.es\/tags\/personas\/pablo-alboran.html\" title=\"Pablo Albor\u00e1n\" rel=\"nofollow noopener\" target=\"_blank\">Pablo Albor\u00e1n<\/a> ha congregado este martes a miles de fans en la Puerta del Sol de Madrid en un concierto<b>\u00a0gratuito con motivo de la presentaci\u00f3n de KM0, su nuevo disco<\/b>. Desde primera hora de la tarde, los seguidores del artista se han concentrado en las inmediaciones de la emblem\u00e1tica ubicaci\u00f3n de la capital para aguardar la llegada de su \u00eddolo.<\/p>\n<p class=\"c-paragraph\">A las 20.30 horas, el cantante malague\u00f1o ha saltado al escenario preparado en la plaza y <b>ha interpretado siete temas.<\/b> Algunos de ellos in\u00e9ditos, como Qu\u00e9 tal te va,\u00a0Mis 36 y\u00a0Me quedo, pero\u00a0sin olvidarse de sus \u00e9xitos m\u00e1s populares, pues en el cierre de la actuaci\u00f3n ha cantando Saturno, que ha sido coreada por el p\u00fablico presente.<\/p>\n<p class=\"c-paragraph\">KM0 no sale a la luz hasta el 7 de noviembre, pero Albor\u00e1n ha querido compartir peque\u00f1as pinceladas de este <b>gran proyecto que ha preparado con todo su\u00a0 \u00abcari\u00f1o\u00bb, <\/b>tal y como \u00e9l mismo ha reconocido entre canci\u00f3n y canci\u00f3n.<\/p>\n<p class=\"c-paragraph\">\u00abLo que intento es que las canciones vuelvan a tener sus intros, sus estribillos, sus puentes&#8230; <b>que sint\u00e1is la m\u00fasica y que nos sintamos humanos<\/b> en tiempo de tanta deshumanizaci\u00f3n\u00bb, ha explicado.<\/p>\n<p class=\"c-paragraph\">Antes de marcharse, Pablo Albor\u00e1n ha querido agradecer a todas las personas que han asistido a su concierto haber sacado un hueco en su tarde para verle. <b>\u00abNos vemos en los escenarios\u00bb<\/b>, ha concluido el artista, a que ya est\u00e1 preparando la gira. \u00abSon 15 a\u00f1os y eso mola mucho, tengo repertorio suficiente para hacer un espect\u00e1culo din\u00e1mico [&#8230;] Est\u00e1 ya armado\u00bb, ha confesado en una <a href=\"https:\/\/www.20minutos.es\/musica\/entrevista-pablo-alboran-disco-km0_6371370_0.html\" title=\"Pablo Albor\u00e1n: &quot;No miento y no oculto nada, otra cosa es que no exponga mi vida ni la venda. Pero mi vida es muy normal&quot;\" rel=\"nofollow noopener\" target=\"_blank\">entrevista para este peri\u00f3dico<\/a>.<\/p>\n","protected":false},"excerpt":{"rendered":"Pablo Albor\u00e1n ha congregado este martes a miles de fans en la Puerta del Sol de Madrid en&hellip;\n","protected":false},"author":2,"featured_media":134801,"comment_status":"","ping_status":"","sticky":false,"template":"","format":"standard","meta":{"footnotes":""},"categories":[174],"tags":[42848,255,2339,2125,146,147,25,24,256,618,1262,23],"class_list":{"0":"post-134800","1":"post","2":"type-post","3":"status-publish","4":"format-standard","5":"has-post-thumbnail","7":"category-famosos","8":"tag-alboran","9":"tag-celebrities","10":"tag-concierto","11":"tag-directo","12":"tag-entertainment","13":"tag-entretenimiento","14":"tag-es","15":"tag-espana","16":"tag-famosos","17":"tag-pablo","18":"tag-sigue","19":"tag-spain"},"share_on_mastodon":{"url":"","error":""},"_links":{"self":[{"href":"https:\/\/www.europesays.com\/es\/wp-json\/wp\/v2\/posts\/134800","targetHints":{"allow":["GET"]}}],"collection":[{"href":"https:\/\/www.europesays.com\/es\/wp-json\/wp\/v2\/posts"}],"about":[{"href":"https:\/\/www.europesays.com\/es\/wp-json\/wp\/v2\/types\/post"}],"author":[{"embeddable":true,"href":"https:\/\/www.europesays.com\/es\/wp-json\/wp\/v2\/users\/2"}],"replies":[{"embeddable":true,"href":"https:\/\/www.europesays.com\/es\/wp-json\/wp\/v2\/comments?post=134800"}],"version-history":[{"count":0,"href":"https:\/\/www.europesays.com\/es\/wp-json\/wp\/v2\/posts\/134800\/revisions"}],"wp:featuredmedia":[{"embeddable":true,"href":"https:\/\/www.europesays.com\/es\/wp-json\/wp\/v2\/media\/134801"}],"wp:attachment":[{"href":"https:\/\/www.europesays.com\/es\/wp-json\/wp\/v2\/media?parent=134800"}],"wp:term":[{"taxonomy":"category","embeddable":true,"href":"https:\/\/www.europesays.com\/es\/wp-json\/wp\/v2\/categories?post=134800"},{"taxonomy":"post_tag","embeddable":true,"href":"https:\/\/www.europesays.com\/es\/wp-json\/wp\/v2\/tags?post=134800"}],"curies":[{"name":"wp","href":"https:\/\/api.w.org\/{rel}","templated":true}]}}