{"id":134864,"date":"2025-09-23T23:07:13","date_gmt":"2025-09-23T23:07:13","guid":{"rendered":"https:\/\/www.europesays.com\/es\/134864\/"},"modified":"2025-09-23T23:07:13","modified_gmt":"2025-09-23T23:07:13","slug":"muere-nikola-pilic-leyenda-absoluta-del-tenis-y-mentor-de-novak-djokovic","status":"publish","type":"post","link":"https:\/\/www.europesays.com\/es\/134864\/","title":{"rendered":"Muere Nikola Pili\u0107, leyenda absoluta del tenis y mentor de Novak Djokovic"},"content":{"rendered":"<p class=\"voc-p\" style=\"\">La leyenda del tenis croata <strong>Nikola Pili\u0107<\/strong>, varias veces campe\u00f3n de la Copa Davis como capit\u00e1n y uno de los primeros mentores de Novak Djokovic, falleci\u00f3 ayer lunes a sus 87 a\u00f1os en Opatija, al oeste de Croacia, tal y como ha informado hoy la federaci\u00f3n de tenis del pa\u00eds. \u00abUno de los mayores jugadores y entrenadores que el tenis croata haya dado\u00bb, precisa su comunicado. <\/p>\n<p class=\"voc-p\" style=\"\"><strong>Pili\u0107 <\/strong>comenz\u00f3 su carrera en 1953 en Split y s\u00f3lo cuatro a\u00f1os m\u00e1s tarde ya jugaba en el equipo j\u00fanior de Yugoslavia. Gan\u00f3 el campeonato de Yugoslavia en cinco ocasiones en la modalidad de simples (1962, 1963, 1964, 1966 y 1967) y siete en dobles. El mayor logro de su carrera fue haber disputado la final de Roland Garros en 1973, que perdi\u00f3 en tres sets frente al rumano Ilie Nastase. Tambi\u00e9n gan\u00f3 el US Open en dobles junto al franc\u00e9s Pierre Barth\u00e8s en 1970. <\/p>\n<p class=\"voc-p\" style=\"\">Tras colgar la raqueta, <strong>Pili\u0107 <\/strong>fue entrenador de varias estrellas del tenis como Goran Ivani\u0161evi\u0107, Michael Stich y Boris Becker. Tambi\u00e9n tuvo gran influencia en Djokovic, qui\u00e9n le calific\u00f3 de \u00abpadre ten\u00edstico\u00bb. En 1999, la primera entrenadora de Djokovic, Jelena Gen\u010di\u0107, envi\u00f3 al entonces joven Novak a entrenarse a la academia de <strong>Pili\u0107<\/strong>, en M\u00fanich, donde el serbio pudo mejorar su juego. <\/p>\n<p class=\"voc-p\" style=\"\">\u00abNikola Pili\u0107 quedar\u00e1 en la memoria como el \u00fanico capit\u00e1n que llev\u00f3 a tres pa\u00edses diferentes a ganar la Copa Davis\u00bb, destaca la federaci\u00f3n croata haciendo referencia a los t\u00edtulos con Alemania (1988, 1989 y 1993), Croacia (2005) y Serbia (2010).<\/p>\n<p>Reportar un error<\/p>\n","protected":false},"excerpt":{"rendered":"La leyenda del tenis croata Nikola Pili\u0107, varias veces campe\u00f3n de la Copa Davis como capit\u00e1n y uno&hellip;\n","protected":false},"author":2,"featured_media":134865,"comment_status":"","ping_status":"","sticky":false,"template":"","format":"standard","meta":{"footnotes":""},"categories":[274],"tags":[17304,168,2132,25,24,368,42860,8938,42858,27854,42859,23,167,327,326],"class_list":{"0":"post-134864","1":"post","2":"type-post","3":"status-publish","4":"format-standard","5":"has-post-thumbnail","7":"category-tenis","8":"tag-absoluta","9":"tag-deportes","10":"tag-djokovic","11":"tag-es","12":"tag-espana","13":"tag-leyenda","14":"tag-mentor","15":"tag-muere","16":"tag-nikola","17":"tag-novak","18":"tag-pilic","19":"tag-spain","20":"tag-sports","21":"tag-tenis","22":"tag-tennis"},"share_on_mastodon":{"url":"","error":""},"_links":{"self":[{"href":"https:\/\/www.europesays.com\/es\/wp-json\/wp\/v2\/posts\/134864","targetHints":{"allow":["GET"]}}],"collection":[{"href":"https:\/\/www.europesays.com\/es\/wp-json\/wp\/v2\/posts"}],"about":[{"href":"https:\/\/www.europesays.com\/es\/wp-json\/wp\/v2\/types\/post"}],"author":[{"embeddable":true,"href":"https:\/\/www.europesays.com\/es\/wp-json\/wp\/v2\/users\/2"}],"replies":[{"embeddable":true,"href":"https:\/\/www.europesays.com\/es\/wp-json\/wp\/v2\/comments?post=134864"}],"version-history":[{"count":0,"href":"https:\/\/www.europesays.com\/es\/wp-json\/wp\/v2\/posts\/134864\/revisions"}],"wp:featuredmedia":[{"embeddable":true,"href":"https:\/\/www.europesays.com\/es\/wp-json\/wp\/v2\/media\/134865"}],"wp:attachment":[{"href":"https:\/\/www.europesays.com\/es\/wp-json\/wp\/v2\/media?parent=134864"}],"wp:term":[{"taxonomy":"category","embeddable":true,"href":"https:\/\/www.europesays.com\/es\/wp-json\/wp\/v2\/categories?post=134864"},{"taxonomy":"post_tag","embeddable":true,"href":"https:\/\/www.europesays.com\/es\/wp-json\/wp\/v2\/tags?post=134864"}],"curies":[{"name":"wp","href":"https:\/\/api.w.org\/{rel}","templated":true}]}}