{"id":134879,"date":"2025-09-23T23:15:11","date_gmt":"2025-09-23T23:15:11","guid":{"rendered":"https:\/\/www.europesays.com\/es\/134879\/"},"modified":"2025-09-23T23:15:11","modified_gmt":"2025-09-23T23:15:11","slug":"israel-busca-apoyos-dia-y-noche-para-evitar-ser-expulsado-de-eurovision-podriamos-quedar-aislados","status":"publish","type":"post","link":"https:\/\/www.europesays.com\/es\/134879\/","title":{"rendered":"Israel busca apoyos \u201cd\u00eda y noche\u201d para evitar ser expulsado de Eurovisi\u00f3n: \u201cPodr\u00edamos quedar aislados\u201d"},"content":{"rendered":"<p><img alt=\"Isaac Herzog, presidente de Israel,\" class=\"global-image\" decoding=\"async\" fetchpriority=\"high\" height=\"3744\" loading=\"eager\" src=\"https:\/\/www.europesays.com\/es\/wp-content\/uploads\/2025\/09\/FZP5EFBP5VGB5OCELOCJIGPNTY.JPG\" width=\"5616\"\/>Isaac Herzog, presidente de Israel, en una fotograf\u00eda de archivo. (REUTERS\/Ints Kalnins)<\/p>\n<p class=\"paragraph\">La posibilidad de que <b>Israel<\/b> quede fuera de <b>Eurovisi\u00f3n 2026<\/b> ha cobrado fuerza en las \u00faltimas semanas, en medio de una creciente presi\u00f3n pol\u00edtica derivada de la guerra en Gaza y el boicot anunciado por varios pa\u00edses europeos, entre ellos Espa\u00f1a. Seg\u00fan la prensa israel\u00ed, la <b>Uni\u00f3n Europea de Radiodifusi\u00f3n<\/b> (UER) contempla la opci\u00f3n de excluir a Israel del certamen sin necesidad de una votaci\u00f3n formal, una decisi\u00f3n que podr\u00eda anunciarse entre octubre y noviembre, antes de la <a href=\"https:\/\/www.infobae.com\/espana\/2025\/07\/03\/la-uer-pospone-la-votacion-sobre-la-expulsion-de-israel-en-eurovision-y-teme-por-su-continuidad-muchos-paises-se-oponen\/\" target=\"_blank\" rel=\"noreferrer nofollow noopener\" title=\"https:\/\/www.infobae.com\/espana\/2025\/07\/03\/la-uer-pospone-la-votacion-sobre-la-expulsion-de-israel-en-eurovision-y-teme-por-su-continuidad-muchos-paises-se-oponen\/\">reuni\u00f3n decisiva de la UER prevista para diciembre<\/a> en Ginebra.<\/p>\n<p class=\"paragraph\">El escenario actual sit\u00faa a la emisora israel\u00ed Kan Broadcasting Corporation en una posici\u00f3n de incertidumbre, mientras la prensa del pa\u00eds se hace eco de los movimientos pol\u00edticos para evitar una expulsi\u00f3n del Festival. De acuerdo con Ynet, <b>la corporaci\u00f3n ha cumplido con todas las normas del concurso<\/b>, pero <a href=\"https:\/\/www.infobae.com\/espana\/2025\/09\/11\/fractura-total-en-eurovision-irlanda-anuncia-que-abandonara-el-festival-si-se-mantiene-la-participacion-de-israel\/\" target=\"_blank\" rel=\"noreferrer nofollow noopener\" title=\"https:\/\/www.infobae.com\/espana\/2025\/09\/11\/fractura-total-en-eurovision-irlanda-anuncia-que-abandonara-el-festival-si-se-mantiene-la-participacion-de-israel\/\">la presi\u00f3n internaciona<\/a>l ha desplazado el debate del terreno musical al pol\u00edtico. Un exfuncionario de la UER, citado por el mismo medio, sostiene que \u201csi Israel es eliminado de Eurovisi\u00f3n, ser\u00e1 \u00fanicamente por culpa de una persona: su primer ministro, Benjam\u00edn Netanyahu\u201d. <\/p>\n<p class=\"paragraph\">Por su parte, el periodista griego Yannis Argyriou<b> <\/b>subraya al citado diario que \u201c<b>el boicot contra Israel en Eurovisi\u00f3n es completamente pol\u00edtico<\/b>\u201d, y que los pa\u00edses que amenazan con retirarse lo hacen en respuesta a la situaci\u00f3n en Gaza, no por cuestiones relacionadas con el concurso.<\/p>\n<p class=\"paragraph\">Hasta la fecha, cuatro pa\u00edses han anunciado oficialmente su boicot a Eurovisi\u00f3n 2026 en caso de que Israel participe: Espa\u00f1a, Pa\u00edses Bajos, Eslovenia e Irlanda. <a href=\"https:\/\/www.infobae.com\/espana\/2025\/09\/16\/el-consejo-de-administracion-de-rtve-aprueba-la-retirada-de-espana-de-eurovision-si-israel-participa\/\" target=\"_blank\" rel=\"noreferrer nofollow noopener\" title=\"https:\/\/www.infobae.com\/espana\/2025\/09\/16\/el-consejo-de-administracion-de-rtve-aprueba-la-retirada-de-espana-de-eurovision-si-israel-participa\/\">Espa\u00f1a destaca especialmente<\/a> por su peso como uno de los Big Five, patrocinadores del certamen. Seg\u00fan Ynet, otros pa\u00edses como <b>Islandia<\/b>, <b>B\u00e9lgica<\/b> <b>y<\/b> <b>Portugal podr\u00edan sumarse <\/b>a la lista si la tendencia se mantiene. No obstante, la delegaci\u00f3n israel\u00ed conf\u00eda en que el n\u00famero de pa\u00edses boicoteadores no aumente significativamente, lo que permitir\u00eda gestionar la situaci\u00f3n con un impacto limitado.<\/p>\n<p><img alt=\"Yuval Raphael, representante de Israel\" class=\"global-image\" decoding=\"async\" fetchpriority=\"low\" height=\"1280\" loading=\"lazy\" src=\"https:\/\/www.europesays.com\/es\/wp-content\/uploads\/2025\/09\/TZMZGTVVU5HVTMDGKQUUJVSZNM.jpg\" width=\"1920\"\/>Yuval Raphael, representante de Israel en Eurovisi\u00f3n 2025. (Europa Press)<\/p>\n<p class=\"paragraph\">En contraste, Austria, pa\u00eds anfitri\u00f3n de la pr\u00f3xima edici\u00f3n, ha manifestado su apoyo a la participaci\u00f3n israel\u00ed. La ministra de Asuntos Exteriores austriaca, Beata Meinl-Reisenger, <b>ha pedido p\u00fablicamente evitar el boicot,<\/b> argumentando que \u201cexcluir a Israel de Eurovisi\u00f3n o boicotear el evento no aliviar\u00e1 la crisis humanitaria en Gaza ni contribuir\u00e1 a una soluci\u00f3n pol\u00edtica\u201d. Francia, Australia, Malta y Dinamarca tambi\u00e9n han confirmado su presencia en el certamen, aunque algunos de estos pa\u00edses han matizado su postura respecto a la situaci\u00f3n en Gaza.<\/p>\n<p class=\"paragraph\">La UER, fundada tras la Segunda Guerra Mundial con el objetivo de unir a Europa a trav\u00e9s de la cultura, enfrenta ahora un dilema hist\u00f3rico. Yuval Cohen, exmiembro de la junta ejecutiva de la UER y veterano de la delegaci\u00f3n israel\u00ed, explic\u00f3 a Ynet que \u201csi empezamos a excluir pa\u00edses por motivos pol\u00edticos,<b> Eurovisi\u00f3n se aleja de sus cimientos<\/b>\u201d. El riesgo de que Israel quede aislado, como ocurri\u00f3 con Rusia en otros eventos internacionales, preocupa tanto a la delegaci\u00f3n israel\u00ed como a expertos.<\/p>\n<p class=\"paragraph\">En el plano diplom\u00e1tico, el presidente de Israel, <b>Isaac Herzog<\/b>, ha asumido un papel central en los esfuerzos para evitar la exclusi\u00f3n. Seg\u00fan Ynet y ESCSpot.pl, Herzog lidera un equipo especial dentro de su oficina, que trata el asunto de Eurovisi\u00f3n como una prioridad. A diferencia del primer ministro Benjam\u00edn Netanyahu, percibido como una figura pol\u00edtica, Herzog busca <b>interlocuci\u00f3n directa con l\u00edderes europeos,<\/b> especialmente en Alemania y Austria, para recabar apoyos que refuercen la posici\u00f3n israel\u00ed. \u201cLe dedico d\u00eda y noche\u201d, habr\u00eda afirmado Herzog en conversaciones internas recogidas por Ynet.<\/p>\n<p>Julia Varela y Tony Aguilar hacen referencia a las v\u00edctimas civiles en Gaza durante la presentaci\u00f3n de Israel en la segunda semifinal de Eurovisi\u00f3n 2025. (RTVE)<\/p>\n<p class=\"paragraph\">El inspector externo designado por la UER, cuya identidad no se ha hecho p\u00fablica pero que, seg\u00fan ESCSpot.pl, no procede de un pa\u00eds hostil a Israel, a\u00fan no ha contactado con la emisora Kan. Este mediador tiene la tarea de formular una recomendaci\u00f3n que podr\u00eda inclinarse por la<b> <\/b>exclusi\u00f3n inmediata de Israel sin votaci\u00f3n, o bien someter la decisi\u00f3n a la asamblea de la UER en diciembre. La posibilidad de una exclusi\u00f3n sin votaci\u00f3n se ha visto reforzada por el<b> precedente de la UEFA<\/b>, que recientemente ha debatido la exclusi\u00f3n de clubes israel\u00edes de competiciones europeas, lo que facilitar\u00eda un movimiento similar en el \u00e1mbito cultural.<\/p>\n<p class=\"paragraph\">Entre las opciones que se manejan, Ynet informa que se han propuesto soluciones provisionales, como la retirada temporal de Israel, la participaci\u00f3n bajo una bandera neutral o una declaraci\u00f3n p\u00fablica de Kan distanci\u00e1ndose de las acciones del gobierno y el ej\u00e9rcito. Sin embargo, la UER ha rechazado oficialmente estas alternativas. Eden Golan, representante israel\u00ed en la \u00faltima edici\u00f3n, expres\u00f3 al medio hebreo su rechazo a cualquier f\u00f3rmula que no implique la presencia de la bandera israel\u00ed: \u201c<b>Debemos estar en este escenario con la frente en alto<\/b> y la bandera israel\u00ed izada con orgullo, y no con ninguna otra bandera\u201d.<\/p>\n<p class=\"paragraph\">El <b>riesgo de aislamiento internacional<\/b> preocupa a los responsables israel\u00edes: \u201cSi nos expulsan de la industria deportiva europea, la UER podr\u00eda verse arrastrada hacia abajo, y viceversa. Podr\u00edamos quedar aislados y boicoteados como Rusia, y no debemos llegar a esa situaci\u00f3n\u201d, expresa a Ynet Yoav Tzafir, jefe de la delegaci\u00f3n.<\/p>\n<p class=\"paragraph\">La incertidumbre tambi\u00e9n afecta a la preparaci\u00f3n de la delegaci\u00f3n israel\u00ed. ESCSpot.pl se\u00f1ala que la duod\u00e9cima edici\u00f3n del programa <b>HaKokhav HaBa<\/b>, encargado de seleccionar al representante de Israel, est\u00e1 prevista para mediados de octubre, aunque el acuerdo formal entre la productora Keshet 12 y Kan a\u00fan no se ha firmado. Tradicionalmente, este acuerdo se cerraba con mayor antelaci\u00f3n, pero en esta ocasi\u00f3n ambas partes han alcanzado solo un entendimiento provisional, condicionado a la decisi\u00f3n final de la UER sobre la participaci\u00f3n israel\u00ed.<\/p>\n","protected":false},"excerpt":{"rendered":"Isaac Herzog, presidente de Israel, en una fotograf\u00eda de archivo. (REUTERS\/Ints Kalnins) La posibilidad de que Israel quede&hellip;\n","protected":false},"author":2,"featured_media":134880,"comment_status":"","ping_status":"","sticky":false,"template":"","format":"standard","meta":{"footnotes":""},"categories":[171],"tags":[405,146,147,25,24,406,39040,23,214],"class_list":{"0":"post-134879","1":"post","2":"type-post","3":"status-publish","4":"format-standard","5":"has-post-thumbnail","7":"category-tv","8":"tag-diplomacy-foreign-policy","9":"tag-entertainment","10":"tag-entretenimiento","11":"tag-es","12":"tag-espana","13":"tag-europe","14":"tag-riga","15":"tag-spain","16":"tag-tv"},"share_on_mastodon":{"url":"","error":""},"_links":{"self":[{"href":"https:\/\/www.europesays.com\/es\/wp-json\/wp\/v2\/posts\/134879","targetHints":{"allow":["GET"]}}],"collection":[{"href":"https:\/\/www.europesays.com\/es\/wp-json\/wp\/v2\/posts"}],"about":[{"href":"https:\/\/www.europesays.com\/es\/wp-json\/wp\/v2\/types\/post"}],"author":[{"embeddable":true,"href":"https:\/\/www.europesays.com\/es\/wp-json\/wp\/v2\/users\/2"}],"replies":[{"embeddable":true,"href":"https:\/\/www.europesays.com\/es\/wp-json\/wp\/v2\/comments?post=134879"}],"version-history":[{"count":0,"href":"https:\/\/www.europesays.com\/es\/wp-json\/wp\/v2\/posts\/134879\/revisions"}],"wp:featuredmedia":[{"embeddable":true,"href":"https:\/\/www.europesays.com\/es\/wp-json\/wp\/v2\/media\/134880"}],"wp:attachment":[{"href":"https:\/\/www.europesays.com\/es\/wp-json\/wp\/v2\/media?parent=134879"}],"wp:term":[{"taxonomy":"category","embeddable":true,"href":"https:\/\/www.europesays.com\/es\/wp-json\/wp\/v2\/categories?post=134879"},{"taxonomy":"post_tag","embeddable":true,"href":"https:\/\/www.europesays.com\/es\/wp-json\/wp\/v2\/tags?post=134879"}],"curies":[{"name":"wp","href":"https:\/\/api.w.org\/{rel}","templated":true}]}}