{"id":134887,"date":"2025-09-23T23:19:08","date_gmt":"2025-09-23T23:19:08","guid":{"rendered":"https:\/\/www.europesays.com\/es\/134887\/"},"modified":"2025-09-23T23:19:08","modified_gmt":"2025-09-23T23:19:08","slug":"estos-son-los-colegios-en-los-que-se-vacunara-de-la-gripe-en-a-coruna-y-su-area-la-voz-de-galicia","status":"publish","type":"post","link":"https:\/\/www.europesays.com\/es\/134887\/","title":{"rendered":"Estos son los colegios en los que se vacunar\u00e1 de la gripe en A Coru\u00f1a y su \u00e1rea &#8211; La Voz de Galicia"},"content":{"rendered":"<ol>\n<li><a href=\"https:\/\/news.google.com\/rss\/articles\/CBMivgFBVV95cUxOSWpEdndmcWRCR29pWGY0alJOdXJ0MHF3amZjZFpMN1Z0UmNZVWtidU1OX3VwcUtYRnJCa0xEVkRoaFF6cUFkejlHOWc4ZDRocGw3dFlfdk51NmQ5Rm1ETl9yV0NNVEc5WkJuYzIyZFhtUU4yb1lJQjgxVTRIOUU0YUtVR1pNaWFQN2lqYzR2UGw3eGwtWU1wcEVNcTB2Vk5DaWtSalVKQVMySXFnZW9GdnRjbFNGUWQwbm9jQjB30gHaAUFVX3lxTE11ek1UT2ZkNDI3NkNLeGR4X1k2OUpxdUo5RW9vRHNXOHV6bzJXclN5Y2wzcmo1cUNrUDZDUHZnNlRqbTdlWGtNakRxczBKS0Y1aXdvd1R6aHpyX1ZHYlA0NjhXTmdSODBtYWJfRE11c2RrVnlzUWZvRUllZHRuY0F0LVlLVndma1hqX2NiUDlPTlVEUVBfREdzWWluMEc3NlFkS3lMX2hCYzZmN2ZKRlBUQ2gxMDFMcTFwQmROeXR2Q1ctaW9rQzRVV1FqekVvNC04WGg1STFCVWx3?oc=5\" target=\"_blank\" rel=\"nofollow noopener\">Estos son los colegios en los que se vacunar\u00e1 de la gripe en A Coru\u00f1a y su \u00e1rea<\/a>&nbsp;&nbsp;La Voz de Galicia<\/li>\n<li><a href=\"https:\/\/news.google.com\/rss\/articles\/CBMinwFBVV95cUxPUEYxQkI2UXlTaEl4Z1dfNm9pckJpU3NNS2hOSzdFMUhhRXRSZzFjR3ctTTNjV0E0MnlWaDN4dzhMeGxtbldXZTV5VUEyYmR2NGZlNHNSeVBpQTJZZmVyX1lQRHlLeHlKTHRweFkzTllIcEhXVGZoRjFmSWVGemdLWmhFSzltYzhPMEUyYkVxbGptNUFzLURwZnQtQTZCREU?oc=5\" target=\"_blank\" rel=\"nofollow noopener\">Galicia inicia en octubre un programa de vacunaci\u00f3n intranasal contra la gripe: novedades y centros educativos seleccionados<\/a>&nbsp;&nbsp;La Regi\u00f3n<\/li>\n<li><a href=\"https:\/\/news.google.com\/rss\/articles\/CBMiwAFBVV95cUxPTjhDS0owUUlWdHdkajFZUmFSNGtzZGpOWnltT3ZQQVF3TUVwNWwtNEhPMDRQSXBBOHBaRVJTenlaOS1MRXZpY1ZiQnhjNWMwNl8tTGZRZ3V5OHphS2pLdFo2YlFFY29QRXRyQmktdjZ3QlMxMmFPbnhKT3VHWjFlb29ZXzZXRTVzLW5TaTBXMG5IcF95dXdxS21SZTg2bFpJdFFNZTkzR3NoSG5ORmJ1QU5Zc3NaMEQybmhlOGRSNDjSAcwBQVVfeXFMTU5OM1M0d3Q1RG5NNzhDU2kyZG80NzBpOF9nVHZMcTZKS0hDZXloelF0a1diR2tTTHhXaXVtM3g4OUtaZVhobDdZWXByQkxmeGl3MUhaTnYzYXVRUmZpTG1jZGJzVklJY3ZtUnlSOV9BS1pqM1ViczQzMmdmSmwtWnRsb213ajB5S0dNWS1ucEo2WUkwdkg2Y1B5elg4N0JIXy1SQ2xfc2Z5QXBUV0loeVo4cmxsZm5LcGhvb2hEVzdMemVIX0ExWE1rNE9B?oc=5\" target=\"_blank\" rel=\"nofollow noopener\">Unos 19.000 ni\u00f1os gallegos recibir\u00e1n la vacuna intranasal de la gripe en el colegio<\/a>&nbsp;&nbsp;Telecinco<\/li>\n<li><a href=\"https:\/\/news.google.com\/rss\/articles\/CBMingFBVV95cUxQMTF3WnlwNWNGOHVtM05DQ3ZQeUV1aEhicFBzaDBnaWszWlBQbFAxWHh1S2s2Ulk5XzFfU0hLM0F5RE5ib0c4OXZDcnN3b0VzMU5Hak9Jc2ZKeFZGekpVdEhjcjVjbEFfamlFZXlsLV9mTlRabHplQVpxOENPaS0ySXBpNmRHZlE0c09GanUzaHhJeUtJRy1nTGY4WGs2d9IBowFBVV95cUxQamxmZEZ4bmtXZDJkZlhCeGhDZlFkMmktM3FteklmeDh0LThnZklNbWNIbkVFdVlsR0pGdHRlOVNQVGZhRjNKV3poYXMzbWxucWFJRGw4ZFF5ZzJCdXE1clNZOTF2NENxSGZ1cFFuRUpRMFYzZ2FCU2EwczdxOGgzenk5TFA4dkpmeWR3VGJnVVRLenUybkl1WlJjdWlYYUZXS3Zr?oc=5\" target=\"_blank\" rel=\"nofollow noopener\">Seis colegios del \u00e1rea entran en un programa piloto de vacunaci\u00f3n<\/a>&nbsp;&nbsp;Faro de Vigo<\/li>\n<li><a href=\"https:\/\/news.google.com\/rss\/articles\/CBMimwFBVV95cUxQcWpkM1hzVXpzSUVYa1ZoTkJkeTVSWVN2QmhXNng2dHRZdnNHeU93alNVNWw5UjZZYmljWXkxdmhENWVleGRleXlkWkY4VFpvazBhcTBLQXVyN0k1Wl81NUZBeDNCQ2xTWkRoYXVZaGFyVkk2aEZYc1FpQlYyN1F2TDdmellwNnNEVXBYQWhaX2swZGlobmUxUzRyMNIBoAFBVV95cUxOLWpEa3NYTFdDRUhQUXpqSGg4MmNDbzYwT2dJTWpzVTJuNmdPVXl4VjNDUHhkMy1GNms1Y1VaVEs5QXZmVTVRRDVKQTVVWkxSdFRMOGh5NnA1VFB6NzZnX29Nb1NPZGZpOF9LWjlxNEVieVdwT1BtQk92d3g2b0N3M3VBYWtFcmI4NkY3U3FzZFdRdVZRQ3RpNmFnNGUxNU1R?oc=5\" target=\"_blank\" rel=\"nofollow noopener\">Estos son los colegios de A Coru\u00f1a y alrededores en los que Sanidade vacunar\u00e1 contra la gripe<\/a>&nbsp;&nbsp;La Opini\u00f3n A Coru\u00f1a<\/li>\n<\/ol>\n","protected":false},"excerpt":{"rendered":"Estos son los colegios en los que se vacunar\u00e1 de la gripe en A Coru\u00f1a y su \u00e1rea&nbsp;&nbsp;La&hellip;\n","protected":false},"author":2,"featured_media":134888,"comment_status":"","ping_status":"","sticky":false,"template":"","format":"standard","meta":{"footnotes":""},"categories":[92],"tags":[39615,25,24,165,166,23,7589],"class_list":{"0":"post-134887","1":"post","2":"type-post","3":"status-publish","4":"format-standard","5":"has-post-thumbnail","7":"category-salud","8":"tag-a-coruna-ciudad","9":"tag-es","10":"tag-espana","11":"tag-health","12":"tag-salud","13":"tag-spain","14":"tag-vacunacion"},"share_on_mastodon":{"url":"","error":""},"_links":{"self":[{"href":"https:\/\/www.europesays.com\/es\/wp-json\/wp\/v2\/posts\/134887","targetHints":{"allow":["GET"]}}],"collection":[{"href":"https:\/\/www.europesays.com\/es\/wp-json\/wp\/v2\/posts"}],"about":[{"href":"https:\/\/www.europesays.com\/es\/wp-json\/wp\/v2\/types\/post"}],"author":[{"embeddable":true,"href":"https:\/\/www.europesays.com\/es\/wp-json\/wp\/v2\/users\/2"}],"replies":[{"embeddable":true,"href":"https:\/\/www.europesays.com\/es\/wp-json\/wp\/v2\/comments?post=134887"}],"version-history":[{"count":0,"href":"https:\/\/www.europesays.com\/es\/wp-json\/wp\/v2\/posts\/134887\/revisions"}],"wp:featuredmedia":[{"embeddable":true,"href":"https:\/\/www.europesays.com\/es\/wp-json\/wp\/v2\/media\/134888"}],"wp:attachment":[{"href":"https:\/\/www.europesays.com\/es\/wp-json\/wp\/v2\/media?parent=134887"}],"wp:term":[{"taxonomy":"category","embeddable":true,"href":"https:\/\/www.europesays.com\/es\/wp-json\/wp\/v2\/categories?post=134887"},{"taxonomy":"post_tag","embeddable":true,"href":"https:\/\/www.europesays.com\/es\/wp-json\/wp\/v2\/tags?post=134887"}],"curies":[{"name":"wp","href":"https:\/\/api.w.org\/{rel}","templated":true}]}}