{"id":134895,"date":"2025-09-23T23:23:08","date_gmt":"2025-09-23T23:23:08","guid":{"rendered":"https:\/\/www.europesays.com\/es\/134895\/"},"modified":"2025-09-23T23:23:08","modified_gmt":"2025-09-23T23:23:08","slug":"por-que-la-ciencia-contradice-a-trump-dw-23-09-2025","status":"publish","type":"post","link":"https:\/\/www.europesays.com\/es\/134895\/","title":{"rendered":"por qu\u00e9 la ciencia contradice a Trump \u2013 DW \u2013 23\/09\/2025"},"content":{"rendered":"<p>Las preguntas complejas suelen tener respuestas igualmente complejas, como ocurre con las causas del <a class=\"internal-link\" href=\"https:\/\/www.dw.com\/es\/autismo\/t-38245085\" rel=\"nofollow noopener\" target=\"_blank\">autismo<\/a>. Aunque los expertos llevan d\u00e9cadas debatiendo este tema, ahora el presidente de Estados Unidos, <a class=\"internal-link\" href=\"https:\/\/www.dw.com\/es\/trump-donald\/t-19445010\" rel=\"nofollow noopener\" target=\"_blank\">Donald Trump<\/a>, asegura haber resuelto el misterio.<\/p>\n<p>El Departamento de Salud y Servicios Humanos (HHS)\u00a0de los\u00a0<a class=\"internal-link\" href=\"https:\/\/www.dw.com\/es\/estados-unidos\/t-17411942\" rel=\"nofollow noopener\" target=\"_blank\">Estados Unidos<\/a> puso en marcha una \u00abcampa\u00f1a masiva de pruebas e investigaci\u00f3n\u00bb\u00a0para determinar \u00abqu\u00e9 ha causado la epidemia de autismo\u00bb\u00a0antes de septiembre, seg\u00fan declar\u00f3,\u00a0en abril,\u00a0el secretario del HHS, <a class=\"internal-link\" href=\"https:\/\/www.dw.com\/es\/robert-f-kennedy-jr-confirmado-como-secretario-de-salud\/a-71601787\" rel=\"nofollow noopener\" target=\"_blank\">Robert F. Kennedy Jr<\/a>.\u00a0\u00a0<\/p>\n<p>El n\u00famero de personas diagnosticadas con autismo en Estados Unidos ha ido aumentando durante d\u00e9cadas. Aproximadamente uno de cada 36 ni\u00f1os fue identificado con un trastorno del espectro autista en 2020. Esto supone un aumento con respecto a uno de cada 150 ni\u00f1os en 2000, seg\u00fan datos de los Centros para el Control y la Prevenci\u00f3n de Enfermedades (CDC) de Estados Unidos.\u00a0\u00a0<\/p>\n<p>En el <a class=\"internal-link\" href=\"https:\/\/www.dw.com\/es\/trump-encabeza-multitudinario-funeral-de-charlie-kirk\/a-74084607\" rel=\"nofollow noopener\" target=\"_blank\">funeral<\/a>\u00a0del activista de derecha <a class=\"internal-link\" href=\"https:\/\/www.dw.com\/es\/charlie-kirk-la-voz-del-conservadurismo-juvenil-en-ee-uu\/a-73968594\" rel=\"nofollow noopener\" target=\"_blank\">Charlie Kirk<\/a>, asesinado a tiros el 10 de septiembre, Trump adelant\u00f3 un anuncio\u00a0\u00absorprendente\u00bb. \u00abCreo que hemos encontrado la respuesta al autismo\u00bb, afirm\u00f3. Y, en un comunicado de la <a class=\"internal-link\" href=\"https:\/\/www.dw.com\/es\/casa-blanca\/t-36684155\" rel=\"nofollow noopener\" target=\"_blank\">Casa Blanca<\/a>,\u00a0el lunes (22.09.2025), el presidente culp\u00f3 al analg\u00e9sico Tylenol de las altas tasas del\u00a0trastorno.\u00a0<\/p>\n<p>\u00abTomar Tylenol no es bueno, lo digo claramente: no es bueno\u00bb, afirm\u00f3 Trump. Tanto \u00e9l como el secretario de Salud, Kennedy, afirmaron que aconsejaban a las mujeres embarazadas que no tomaran Tylenol, y que tambi\u00e9n recomendar\u00edan lo mismo a los m\u00e9dicos.\u00a0<\/p>\n<p>Seg\u00fan el Gobierno de Estados Unidos, las personas que toman Tylenol durante el embarazo tienen un riesgo significativamente mayor de dar a luz a un ni\u00f1o con trastorno del espectro autista. El Tylenol se vende sin receta en Estados Unidos.\u00a0Su principio activo, el acetaminof\u00e9n, tambi\u00e9n conocido como\u00a0<a class=\"internal-link\" href=\"https:\/\/www.dw.com\/es\/cient\u00edficos-crean-paracetamol-a-partir-de-residuos-pl\u00e1sticos-usando-bacterias-modificadas\/a-73012064\" rel=\"nofollow noopener\" target=\"_blank\">paracetamol<\/a>.<\/p>\n<p>\u00bfEl Tylenol causa autismo?<\/p>\n<p>Durante el embarazo, el uso de analg\u00e9sicos se considera generalmente un riesgo, pero los trastornos del desarrollo neurol\u00f3gico, incluido el autismo, est\u00e1n relacionados con riesgos polig\u00e9nicos, explica Christine M. Freitag, directora del Departamento de Psiquiatr\u00eda Infantil y Adolescente, Psicosom\u00e1tica y Psicoterapia del Hospital Universitario de Fr\u00e1ncfort. Esto significa que dichos trastornos no pueden atribuirse a un gen en particular, ni a un solo ingrediente activo de medicamentos.<\/p>\n<p>Desde una perspectiva cient\u00edfica, responsabilizar a un ingrediente activo del autismo no es sostenible, y los estudios realizados no han demostrado un efecto causal, solo un aumento m\u00ednimo del riesgo, a\u00f1ade la especialista.\u00a0<\/p>\n<p><img data-format=\"MASTER_LANDSCAPE\" data-id=\"74101948\" data-url=\"https:\/\/static.dw.com\/image\/74101948_${formatId}.jpg\" data-aspect-ratio=\"16\/9\" alt=\"El presidente Donald Trump y el secretario del Departamento de Salud y Servicios Humanos, Robert F. Kennedy Jr., en conferencia de prensa.   \" style=\"padding-bottom: 56.25%; height: 0; max-height: 0;\"\/>Frente a las declaraciones de Trump y Kennedy, especialistas se\u00f1alan que los estudios no han mostrado un efecto causal entre el acetaminof\u00e9n o paracetamol y el autismo. Imagen: Francis Chung\/UPI Photo\/Newscom\/picture alliance<\/p>\n<p>Es probable que intervengan entre cientos y miles de variantes gen\u00e9ticas, por lo que las personas portadoras de una sola de ellas tienen un riesgo m\u00ednimo de desarrollar autismo. Solo cuando estas variantes se acumulan, el riesgo aumenta.<\/p>\n<p>Autismo: causas y diagn\u00f3stico<\/p>\n<p>Tal y como se describe en los textos m\u00e9dicos, el trastorno del espectro autista surge de alteraciones en el desarrollo del <a class=\"internal-link\" href=\"https:\/\/www.dw.com\/es\/la-gran-revoluci\u00f3n-neuronal-cient\u00edficos-mapean-cerebro-con-precisi\u00f3n-sin-precedentes\/a-72202355\" rel=\"nofollow noopener\" target=\"_blank\">cerebro<\/a> durante los primeros a\u00f1os de vida. Las investigaciones han demostrado que, en las personas con autismo, puede haber una amplia gama de cambios en el funcionamiento de dicho \u00f3rgano.\u00a0\u00a0<\/p>\n<p>Los cient\u00edficos est\u00e1n \u00abmuy seguros de que existe una base gen\u00e9tica\u00bb, afirma Geoff Bird, neurocient\u00edfico cognitivo experto en autismo de la Universidad de Oxford y la\u00a0University College de Londres. Alrededor del 80 por ciento\u00a0de los casos de autismo pueden estar relacionados con mutaciones gen\u00e9ticas hereditarias.\u00a0\u00a0<\/p>\n<p><img data-format=\"MASTER_LANDSCAPE\" data-id=\"68343099\" data-url=\"https:\/\/static.dw.com\/image\/68343099_${formatId}.jpg\" data-aspect-ratio=\"16\/9\" alt=\"Imagen de una mujer embarazada tocando su vientre. \" style=\"padding-bottom: 56.25%; height: 0; max-height: 0;\"\/>La relaci\u00f3n entre el autismo y las vacunas administradas durante el embarazo o despu\u00e9s del nacimiento tambi\u00e9n ha sido refutada en numerosas ocasiones.Imagen: Armsamsung\/Pond5 Images\/IMAGO<\/p>\n<p>Se ha descubierto que los cambios en <a class=\"internal-link\" href=\"https:\/\/www.dw.com\/es\/la-visualizaci\u00f3n-m\u00e1s-completa-del-genoma-humano\/a-73401340\" rel=\"nofollow noopener\" target=\"_blank\">genes<\/a> como el MECP2 alteran el desarrollo del cerebro, pero no hay pruebas claras de que cambios espec\u00edficos est\u00e9n directamente relacionados con el autismo.\u00a0<\/p>\n<p>Por otro lado, la idea de que las <a class=\"internal-link\" href=\"https:\/\/www.dw.com\/es\/nobeles-se-oponen-a-kennedy-jr-como-secretario-de-salud\/a-71008474\" rel=\"nofollow noopener\" target=\"_blank\">vacunas<\/a> causan autismo ha sido refutada por la ciencia en repetidas ocasiones. En las \u00faltimas dos d\u00e9cadas, numerosos estudios rigurosos se han llevado a cabo y ninguno ha demostrado que exista una relaci\u00f3n entre el autismo y las vacunas administradas durante el embarazo o despu\u00e9s del nacimiento.<\/p>\n<p>El aumento en los diagn\u00f3sticos de autismo se debe, principalmente, a los cambios en las definiciones cl\u00ednicas y sociales desde su primera descripci\u00f3n hace 80 a\u00f1os. Hoy en d\u00eda, tambi\u00e9n se diagnostican casos\u00a0m\u00e1s sutiles, explica Bird.<\/p>\n<p>Escepticismo en la comunidad autista\u00a0<\/p>\n<p>Los defensores de la comunidad autista recibieron con escepticismo el anuncio del secretario del HHS. La Sociedad Nacional del Autismo del Reino Unido calific\u00f3 la afirmaci\u00f3n de Kennedy como \u00abuna maniobra publicitaria de noticias falsas\u00bb.\u00a0<\/p>\n<p>\u00abEstamos consternados por la forma insensible y anticient\u00edfica en que Trump y RFK Jr. hablan de las personas autistas\u00bb, declar\u00f3 en abril Tim Nicholls, subdirector de pol\u00edtica, investigaci\u00f3n y estrategia del organismo, con sede en Reino Unido. \u00ab\u00bfNo ser\u00eda mejor que destinaran sus enormes recursos financieros a mejorar la vida de las personas autistas y sus familias, y a mejorar la comprensi\u00f3n del autismo por parte de la sociedad?\u00bb.<\/p>\n<p>(jm\/cp)<\/p>\n","protected":false},"excerpt":{"rendered":"Las preguntas complejas suelen tener respuestas igualmente complejas, como ocurre con las causas del autismo. Aunque los expertos&hellip;\n","protected":false},"author":2,"featured_media":134896,"comment_status":"","ping_status":"","sticky":false,"template":"","format":"standard","meta":{"footnotes":""},"categories":[42],"tags":[17,18,13,14,11,61,62,63,64,19,20,9,10,15,16,12,21,22,65,66,67],"class_list":{"0":"post-134895","1":"post","2":"type-post","3":"status-publish","4":"format-standard","5":"has-post-thumbnail","7":"category-internacional","8":"tag-breaking-news","9":"tag-breakingnews","10":"tag-featured-news","11":"tag-featurednews","12":"tag-headlines","13":"tag-internacional","14":"tag-international","15":"tag-international-news","16":"tag-internationalnews","17":"tag-latest-news","18":"tag-latestnews","19":"tag-news","20":"tag-noticias","21":"tag-noticias-destacadas","22":"tag-noticiasdestacadas","23":"tag-titulares","24":"tag-ultimas-noticias","25":"tag-ultimasnoticias","26":"tag-world","27":"tag-world-news","28":"tag-worldnews"},"share_on_mastodon":{"url":"","error":""},"_links":{"self":[{"href":"https:\/\/www.europesays.com\/es\/wp-json\/wp\/v2\/posts\/134895","targetHints":{"allow":["GET"]}}],"collection":[{"href":"https:\/\/www.europesays.com\/es\/wp-json\/wp\/v2\/posts"}],"about":[{"href":"https:\/\/www.europesays.com\/es\/wp-json\/wp\/v2\/types\/post"}],"author":[{"embeddable":true,"href":"https:\/\/www.europesays.com\/es\/wp-json\/wp\/v2\/users\/2"}],"replies":[{"embeddable":true,"href":"https:\/\/www.europesays.com\/es\/wp-json\/wp\/v2\/comments?post=134895"}],"version-history":[{"count":0,"href":"https:\/\/www.europesays.com\/es\/wp-json\/wp\/v2\/posts\/134895\/revisions"}],"wp:featuredmedia":[{"embeddable":true,"href":"https:\/\/www.europesays.com\/es\/wp-json\/wp\/v2\/media\/134896"}],"wp:attachment":[{"href":"https:\/\/www.europesays.com\/es\/wp-json\/wp\/v2\/media?parent=134895"}],"wp:term":[{"taxonomy":"category","embeddable":true,"href":"https:\/\/www.europesays.com\/es\/wp-json\/wp\/v2\/categories?post=134895"},{"taxonomy":"post_tag","embeddable":true,"href":"https:\/\/www.europesays.com\/es\/wp-json\/wp\/v2\/tags?post=134895"}],"curies":[{"name":"wp","href":"https:\/\/api.w.org\/{rel}","templated":true}]}}