{"id":134912,"date":"2025-09-23T23:37:26","date_gmt":"2025-09-23T23:37:26","guid":{"rendered":"https:\/\/www.europesays.com\/es\/134912\/"},"modified":"2025-09-23T23:37:26","modified_gmt":"2025-09-23T23:37:26","slug":"el-vi-otono-literario-de-caceres-programa-25-presentaciones-de-libros-y-la-celebracion-del-dia-de-las-escritoras","status":"publish","type":"post","link":"https:\/\/www.europesays.com\/es\/134912\/","title":{"rendered":"El VI Oto\u00f1o Literario de C\u00e1ceres programa 25 presentaciones de libros y la celebraci\u00f3n del D\u00eda de las Escritoras"},"content":{"rendered":"<p>C\u00c1CERES 23 Sep. (EUROPA PRESS) &#8211; <\/p>\n<p>   Un total de 25 presentaciones de libros y la celebraci\u00f3n del D\u00eda de las Escritoras componen la programaci\u00f3n del VI Oto\u00f1o Literario que organiza la Concejal\u00eda de Cultura del Ayuntamiento de C\u00e1ceres durante los meses de octubre y noviembre, como un espacio para que autores locales presenten sus creaciones.<\/p>\n<p>    Para ello, se ha dise\u00f1ado una programaci\u00f3n diversa, tanto en g\u00e9neros literarios, como en cuanto al p\u00fablico al que van dirigidas las obras, en las que se tratar\u00e1n temas tan actuales como los riesgos del uso de Internet por los m\u00e1s peque\u00f1os o la discapacidad.<\/p>\n<p>   El concejal de Cultura, Jorge Su\u00e1rez, ha detallado que habr\u00e1 poes\u00eda, relato, o presentaciones de novela, en sus distintas categor\u00edas: hist\u00f3ricas, polic\u00edacas, rom\u00e1nticas y generacionales. \u00abY no pod\u00eda faltar el teatro, as\u00ed como estudios de sociolog\u00eda y el mundo rural, algo muy importante para nosotros\u00bb, ha dicho.<\/p>\n<p>   En esta edici\u00f3n estar\u00e1n muy presentes las publicaciones dirigidas al p\u00fablico infantil, fomentando la lectura para crear y trabajar en el pensamiento cr\u00edtico. \u00abY no solo de cuentos y poes\u00eda infantil estamos hablando, sino obras en las que se tratar\u00e1n temas tan actuales como los riesgos del uso de Internet por los m\u00e1s peque\u00f1os de la casa o la discapacidad\u00bb, ha apuntado el edil.<\/p>\n<p>   La programaci\u00f3n enmarcar\u00e1 tambi\u00e9n el D\u00eda de las Escritoras, para unirse a la convocatoria que la Biblioteca Nacional realiza a todas las bibliotecas espa\u00f1olas. Se contar\u00e1 con cuatro mujeres diferentes de distintas localidades, formas de escribir y g\u00e9neros literarios como narrativa, cuento y prosa po\u00e9tica, \u00abvinculadas por la tierra y las emociones\u00bb.<\/p>\n<p>   Las autoras que participar\u00e1n en una mesa redonda el 16 de octubre son: Mar\u00eda del Carmen Herrero Serradilla, Natalia Jim\u00e9nez Gonz\u00e1lez, la ilustradora Mari Rodr\u00edguez P\u00e9rez, y Paquita Escobero Ferreira. Moderar\u00e1 Myriam Navas Reyes, coordinadora del Plan de Fomento de la Lectura de Extremadura.<\/p>\n<p>   \u00abSe trata de una edici\u00f3n muy diversa, tanto en g\u00e9neros literarios, como p\u00fablico al que van dirigidas las obras, con talento de la ciudad y de otras localidades. Animamos a los cacere\u00f1os y cacere\u00f1as a que asistan a las presentaciones, para disfrutar y apoyar a los escritores y escritoras\u00bb, ha subrayado Su\u00e1rez.<\/p>\n<p>AUTORES Y OBRAS<\/p>\n<p>   Entre los autores que presentar\u00e1n sus obras se encuentra Dionisio L\u00f3pez con &#8216;Los \u00faltimos del Oeste. Poetas extreme\u00f1os del Siglo XXI; Jorge Sol\u00eds, que dar\u00e1 a conocer dos libros, uno de pose\u00eda &#8216;Cantares del m\u00e1s ac\u00e1&#8217; y otro de teatro &#8216;Hipias&#8217;.<\/p>\n<p>   Cora Ib\u00e1\u00f1ez aportar\u00e1 su escritura creativa; Paulina Rodr\u00edguez Gonz\u00e1lez, presentar\u00e1 sus relatos recogidas en &#8216;Reflejos&#8217;, mientras que Julio P\u00e9rez Gonz\u00e1lez acercar\u00e1 a los asistentes a la novela polic\u00edaca con &#8216;Match (invasi\u00f3n)&#8217;.<\/p>\n<p>   Tambi\u00e9n presentar\u00e1n sus trabajos Mar\u00eda Jes\u00fas Garc\u00eda Fern\u00e1ndez; Juan Manuel Bermejo Vivas; Eusebio Medina Garc\u00eda; Jos\u00e9 M\u00aa Mart\u00edn Mart\u00edn; Antonio Bueno Flores; Pilar Alc\u00e1ntara; Teo Carrasco; Dar\u00edo Gonz\u00e1lez y Mery Rodr\u00edguez; Fran Mart\u00edn; Gonzalo Barrientos; Raquel Silva Merch\u00e1n; Jesus Jelsh; Raquel Gamero; Faustino Lobato; Alberto V\u00e1zquez Cob\u00e1n; Antonio Castro; Jos\u00e9 Luis Villegas Agudo, Rosa L\u00f3pez Casero y Paco de Borja.<\/p>\n<p>    El concejal de Cultura ha destacado que este evento literario \u00abes una cita obligada\u00bb y \u00abparte muy activa\u00bb de la actividad cultural de la ciduad de cara a la candidatura de Capital Europea de la Cultura en 2031. <\/p>\n","protected":false},"excerpt":{"rendered":"C\u00c1CERES 23 Sep. (EUROPA PRESS) &#8211; Un total de 25 presentaciones de libros y la celebraci\u00f3n del D\u00eda&hellip;\n","protected":false},"author":2,"featured_media":134913,"comment_status":"","ping_status":"","sticky":false,"template":"","format":"standard","meta":{"footnotes":""},"categories":[172],"tags":[224,146,147,25,24,225,23],"class_list":{"0":"post-134912","1":"post","2":"type-post","3":"status-publish","4":"format-standard","5":"has-post-thumbnail","7":"category-libros","8":"tag-books","9":"tag-entertainment","10":"tag-entretenimiento","11":"tag-es","12":"tag-espana","13":"tag-libros","14":"tag-spain"},"share_on_mastodon":{"url":"","error":""},"_links":{"self":[{"href":"https:\/\/www.europesays.com\/es\/wp-json\/wp\/v2\/posts\/134912","targetHints":{"allow":["GET"]}}],"collection":[{"href":"https:\/\/www.europesays.com\/es\/wp-json\/wp\/v2\/posts"}],"about":[{"href":"https:\/\/www.europesays.com\/es\/wp-json\/wp\/v2\/types\/post"}],"author":[{"embeddable":true,"href":"https:\/\/www.europesays.com\/es\/wp-json\/wp\/v2\/users\/2"}],"replies":[{"embeddable":true,"href":"https:\/\/www.europesays.com\/es\/wp-json\/wp\/v2\/comments?post=134912"}],"version-history":[{"count":0,"href":"https:\/\/www.europesays.com\/es\/wp-json\/wp\/v2\/posts\/134912\/revisions"}],"wp:featuredmedia":[{"embeddable":true,"href":"https:\/\/www.europesays.com\/es\/wp-json\/wp\/v2\/media\/134913"}],"wp:attachment":[{"href":"https:\/\/www.europesays.com\/es\/wp-json\/wp\/v2\/media?parent=134912"}],"wp:term":[{"taxonomy":"category","embeddable":true,"href":"https:\/\/www.europesays.com\/es\/wp-json\/wp\/v2\/categories?post=134912"},{"taxonomy":"post_tag","embeddable":true,"href":"https:\/\/www.europesays.com\/es\/wp-json\/wp\/v2\/tags?post=134912"}],"curies":[{"name":"wp","href":"https:\/\/api.w.org\/{rel}","templated":true}]}}