{"id":134920,"date":"2025-09-23T23:41:16","date_gmt":"2025-09-23T23:41:16","guid":{"rendered":"https:\/\/www.europesays.com\/es\/134920\/"},"modified":"2025-09-23T23:41:16","modified_gmt":"2025-09-23T23:41:16","slug":"un-experto-en-moda-no-se-corta-y-habla-asi-de-la-ropa-de-lamine-yamal-y-su-familia-en-la-gala-del-balon-de-oro-surrealista","status":"publish","type":"post","link":"https:\/\/www.europesays.com\/es\/134920\/","title":{"rendered":"Un experto en moda no se corta y habla as\u00ed de la ropa de Lamine Yamal y su familia en la gala del Bal\u00f3n de Oro: \u00abSurrealista\u00bb"},"content":{"rendered":"<p><img decoding=\"async\" class=\"voc-author__img\" src=\"https:\/\/www.europesays.com\/es\/wp-content\/uploads\/2025\/09\/autor-6148-foto-6.png\" alt=\"Marina Ortiz\"\/><\/p>\n<p>23\/09\/2025<br \/>\n<br \/><strong><br \/>\nActualizado a las 18:20h.<br \/>\n<\/strong><\/p>\n<p class=\"voc-p\" style=\"\">El pasado 22 de septiembre tuvo lugar la 69\u00aa edici\u00f3n de la ceremonia de entrega del <a href=\"https:\/\/www.abc.es\/deportes\/futbol\/balon-oro-2025-directo-nominados-premios-ganadores-20250922153945-di.html\" title=\"www.abc.es\" data-voc-vtm-id=\"in-text-traffic\" data-mrf-link=\"www.abc.es\" rel=\"nofollow noopener\" target=\"_blank\">Bal\u00f3n de Oro<\/a>, que este 2025 se ha celebrado en el Th\u00e9\u00e2tre du Ch\u00e2telet de Par\u00eds. <\/p>\n<p class=\"voc-p\" style=\"\">La que es una de las citas m\u00e1s importantes del f\u00fatbol a d\u00eda de hoy reuni\u00f3, como cada a\u00f1o, a<strong> decenas de jugadores <\/strong>invitados y tambi\u00e9n candidatos a llevarse el m\u00e1ximo reconocimiento en esta gala, el Bal\u00f3n de Oro. <\/p>\n<p class=\"voc-p\" style=\"\">Uno de los grandes momentos de la noche para el f\u00fatbol espa\u00f1ol fue cuando <strong>Aitana Bonmat\u00ed<\/strong>, del Barcelona, firm\u00f3 su leyenda al ganar su tercer Bal\u00f3n de Oro consecutivo. La catalana se convierte as\u00ed en la jugadora m\u00e1s laureada de la historia del premio.<\/p>\n<p class=\"voc-p\" style=\"\">Por su parte, el franc\u00e9s Ousmane <strong>Demb\u00e9l\u00e9<\/strong>, delantero del Paris Saint-Germain, fue el gran protagonista de la noche al recibir su primer Bal\u00f3n de Oro, superando la competencia de j\u00f3venes figuras como<strong> Lamine Yamal<\/strong>, del Barcelona, quien finalmente se qued\u00f3 con el segundo puesto y recibi\u00f3 el premio al mejor jugador joven de la temporada, conocido como Trofeo Kopa.<\/p>\n<p class=\"voc-p\" style=\"\">En este tipo de eventos, aunque el protagonista es este deporte, tambi\u00e9n hay cabida para que muchos se fijen en otros aspectos, como los<strong> relacionados con la moda y el estilo<\/strong>, ya que la alfombra roja previa a la gala expone a los futbolistas, sea en solitario o acompa\u00f1ados, con looks elegantes o m\u00e1s llamativos de lo que suelen llevar habitualmente. <\/p>\n<p class=\"voc-p\" style=\"\"><strong>Lamine Yamal<\/strong>, como ya ha hecho en otros eventos, decidi\u00f3 acudir con su familia a la gala y, antes de ello<strong>, posaron frente a las c\u00e1maras y los flashes todos juntos<\/strong>. Aunque los looks elegidos eran acordes a la situaci\u00f3n, las redes han dejado opiniones de todo tipo al respecto. <\/p>\n<p>\nLa opini\u00f3n de un experto en moda sobre los looks de Lamine Yamal y su familia en el Bal\u00f3n de Oro\n<\/p>\n<p class=\"voc-p\" style=\"\">Una de las m\u00e1s destacadas es la del experto en moda Carlos Morales, quien se ha mostrado cr\u00edtico con algunos detalles de <strong>los atuendos tanto del futbolista del Bar\u00e7a como de su familia<\/strong>: <\/p>\n<p class=\"voc-p\" style=\"\">\u00abQuiero pensar que Lamine Yamal y familia han cogido un buen sastre para este gran evento. <strong>Ese sastre ha debido cobrar un pastizal por hacerles a medida cada traje<\/strong>\u00bb ha empezado escribiendo en la red social X. <\/p>\n<p><img decoding=\"async\" loading=\"lazy\" src=\"https:\/\/www.europesays.com\/es\/wp-content\/uploads\/2025\/09\/lamine-balondeoro--kFQG--760x427@diario_abc.jpg\" class=\"voc-img\" width=\"760\" height=\"427\" alt=\"Lamine Yamal junto a su familia en la gala del Bal\u00f3n de Oro 2025\" data-voc-vtm-id=\"in-text-traffic\"\/><\/p>\n<p>Lamine Yamal junto a su familia en la gala del Bal\u00f3n de Oro 2025<\/p>\n<p>REUTERS<\/p>\n<p><img decoding=\"async\" loading=\"lazy\" src=\"https:\/\/www.europesays.com\/es\/wp-content\/uploads\/2025\/09\/lamine-balondeoro-1-kFQG-U701634693573HLD-560x427@diario_abc.jpg\" class=\"voc-img\" width=\"560\" height=\"427\" alt=\"Lamine Yamal junto a su familia en la gala del Bal\u00f3n de Oro 2025\" data-voc-vtm-id=\"in-text-traffic\"\/><\/p>\n<p>Lamine Yamal junto a su familia en la gala del Bal\u00f3n de Oro 2025<\/p>\n<p>AFP<\/p>\n<p class=\"voc-p\" style=\"\">\u00abA pesar de todo esto, <strong>\u00bfno ha podido cogerle el largo de mangas y piernas correctamente <\/strong>a la mayor\u00eda de los que salen posando en ese photocall? <strong>Surrealista<\/strong>\u00bb ha opinado sin pelos en la lengua.<\/p>\n<blockquote class=\"twitter-tweet\">\n<p lang=\"es\" dir=\"ltr\">Solo un take aqu\u00ed:<\/p>\n<p>Quiero pensar que Lamine Yamal y familia han cogido un buen sastre para este gran evento. Ese sastre ha debido cobrar un pastizal por hacerles a medida cada traje. Y seguramente sea un tipo de renombre. De hecho, si no lo era, ahora lo es por haberles vestido.\u2026 <a href=\"https:\/\/t.co\/k0Ne4WB9hs\" rel=\"nofollow\">https:\/\/t.co\/k0Ne4WB9hs<\/a><\/p>\n<p>\u2014 Carlos Morales (@CarlosMoralesG_) <a href=\"https:\/\/twitter.com\/CarlosMoralesG_\/status\/1970488727555146164?ref_src=twsrc%5Etfw\" rel=\"nofollow noopener\" target=\"_blank\">September 23, 2025<\/a><\/p><\/blockquote>\n<p class=\"voc-p\" style=\"\">De este modo, Morales da a entender que la ropa tanto de Yamal como de sus acompa\u00f1antes no terminaba de quedar del todo bien a su figura,<strong> algo que considera digno de cr\u00edtica <\/strong>teniendo en cuenta la fama y popularidad del joven futbolista.<\/p>\n<p>Reportar un error<\/p>\n<p><script async src=\"https:\/\/platform.twitter.com\/widgets.js\" charset=\"utf-8\"><\/script><\/p>\n","protected":false},"excerpt":{"rendered":"23\/09\/2025 Actualizado a las 18:20h. El pasado 22 de septiembre tuvo lugar la 69\u00aa edici\u00f3n de la ceremonia&hellip;\n","protected":false},"author":2,"featured_media":134921,"comment_status":"","ping_status":"","sticky":false,"template":"","format":"standard","meta":{"footnotes":""},"categories":[93],"tags":[4711,415,4708,168,25,24,4921,367,1649,4596,11680,1023,4126,3371,5518,23,167,8083,14780],"class_list":{"0":"post-134920","1":"post","2":"type-post","3":"status-publish","4":"format-standard","5":"has-post-thumbnail","7":"category-deportes","8":"tag-balon","9":"tag-carlos","10":"tag-corta","11":"tag-deportes","12":"tag-es","13":"tag-espana","14":"tag-experto","15":"tag-familia","16":"tag-gala","17":"tag-habla","18":"tag-lamine","19":"tag-moda","20":"tag-morales","21":"tag-oro","22":"tag-ropa","23":"tag-spain","24":"tag-sports","25":"tag-surrealista","26":"tag-yamal"},"share_on_mastodon":{"url":"","error":""},"_links":{"self":[{"href":"https:\/\/www.europesays.com\/es\/wp-json\/wp\/v2\/posts\/134920","targetHints":{"allow":["GET"]}}],"collection":[{"href":"https:\/\/www.europesays.com\/es\/wp-json\/wp\/v2\/posts"}],"about":[{"href":"https:\/\/www.europesays.com\/es\/wp-json\/wp\/v2\/types\/post"}],"author":[{"embeddable":true,"href":"https:\/\/www.europesays.com\/es\/wp-json\/wp\/v2\/users\/2"}],"replies":[{"embeddable":true,"href":"https:\/\/www.europesays.com\/es\/wp-json\/wp\/v2\/comments?post=134920"}],"version-history":[{"count":0,"href":"https:\/\/www.europesays.com\/es\/wp-json\/wp\/v2\/posts\/134920\/revisions"}],"wp:featuredmedia":[{"embeddable":true,"href":"https:\/\/www.europesays.com\/es\/wp-json\/wp\/v2\/media\/134921"}],"wp:attachment":[{"href":"https:\/\/www.europesays.com\/es\/wp-json\/wp\/v2\/media?parent=134920"}],"wp:term":[{"taxonomy":"category","embeddable":true,"href":"https:\/\/www.europesays.com\/es\/wp-json\/wp\/v2\/categories?post=134920"},{"taxonomy":"post_tag","embeddable":true,"href":"https:\/\/www.europesays.com\/es\/wp-json\/wp\/v2\/tags?post=134920"}],"curies":[{"name":"wp","href":"https:\/\/api.w.org\/{rel}","templated":true}]}}