{"id":134922,"date":"2025-09-23T23:42:09","date_gmt":"2025-09-23T23:42:09","guid":{"rendered":"https:\/\/www.europesays.com\/es\/134922\/"},"modified":"2025-09-23T23:42:09","modified_gmt":"2025-09-23T23:42:09","slug":"no-siempre-es-el-estres-o-la-edad-muchas-veces-es-la-tiroides-pidiendo-ayuda","status":"publish","type":"post","link":"https:\/\/www.europesays.com\/es\/134922\/","title":{"rendered":"No siempre es el estr\u00e9s o la edad, muchas veces es la tiroides pidiendo ayuda"},"content":{"rendered":"<p class=\"c-paragraph\">Se estima que un<b> 2% de las mujeres en Espa\u00f1a padecen hipotiroidismo<\/b>. Este se produce cuando <a href=\"https:\/\/www.20minutos.es\/salud\/medicina\/tiroides-que-es-funciones-sintomas-hipoiroidismo-5244586\/\" title=\"Qu\u00e9 es la tiroides, qu\u00e9 funci\u00f3n tiene y cu\u00e1les son los s\u00edntomas del hipotiroidsimo\" rel=\"nofollow noopener\" target=\"_blank\">la gl\u00e1ndula tiroides no produce la cantidad suficiente de hormonas tiroideas<\/a>, tal y como explica el portal m\u00e9dico Mayo Clinic. A menudo llamada tiroides hipoactiva, esta afecci\u00f3n<b> puede ser asintom\u00e1tica en un per\u00edodo inicial<\/b> y de no tratarse puede derivar en importantes complicaciones en la salud, sobre todo, del coraz\u00f3n. Es habitual en la poblaci\u00f3n femenina, ya que, aunque tenga como causas condiciones autoinmunes,<b> los factores hormonales tambi\u00e9n tienen un impacto directo.\u00a0<\/b><\/p>\n<p class=\"c-paragraph\">En este sentido, el doctor Alexandre Olmos, a trav\u00e9s de sus redes sociales, ha advertido de <b>algunos de los avisos que a menudo se confunden con otras patolog\u00edas<\/b>, pero que indican el riesgo de estar padeciendo un hipotiroidismo.\u00a0<\/p>\n<p>Atenci\u00f3n a estas se\u00f1ales, puede ser hipotiroidismo<\/p>\n<p class=\"c-paragraph\"><b>\u00abSi comes bien, duermes, pero sigues agotada, tienes la mente nublada y sigues ganando peso sin explicaci\u00f3n podr\u00edas tener hipotiroidismo\u00bb<\/b>, explica el doctor Olmos. La funci\u00f3n de la tiroides es regular todo el metabolismo, pero, al no producir suficiente hormonas todo el cuerpo \u00abse desacelera\u00bb, a\u00f1ade el m\u00e9dico.\u00a0<\/p>\n<p class=\"c-paragraph\">No obstante, el mayor problema para el experto es que, pese a que muchas mujeres viven desde hace a\u00f1os con s\u00edntomas, \u00ab<b>los an\u00e1lisis b\u00e1sicos salen normales, nadie les da respuesta\u00bb<\/b>. Por ello, es de vital importancia atender a los s\u00edntomas que puede llegar a producir y una vez descartadas otras patolog\u00edas sospechar de un caso de hipotiroidismo. La sintomatolog\u00eda puede ser variada, pero <b>los signos m\u00e1s comunes seg\u00fan el doctor son<\/b>:<\/p>\n<ul>\n<li>Fatiga constante.<\/li>\n<li>Ca\u00edda de cabello.<a href=\"\"> <\/a><\/li>\n<li>Fr\u00edos en manos y pies.<\/li>\n<li>Piel seca<\/li>\n<li>Cambios de humor<\/li>\n<li>Aumento de peso.\u00a0<\/li>\n<li>Ansiedad.<\/li>\n<li>Poca concentraci\u00f3n.<\/li>\n<li>Retenci\u00f3n de l\u00edquidos.<\/li>\n<li>Estre\u00f1imiento<\/li>\n<li>Bajo estado de \u00e1nimo.<\/li>\n<li>Menstruaci\u00f3n irregular.<\/li>\n<\/ul>\n<p class=\"c-paragraph\">A simple vista, estos s\u00edntomas podr\u00edan ser los de otras patolog\u00edas comunes en las mujeres o incluso de la llegada de la menopausia, de ah\u00ed la advertencia de Olmos:\u00a0<b>\u00abNo siempre es el estr\u00e9s o la edad, muchas veces es la tiroides pidiendo ayuda\u00bb.<\/b><\/p>\n<p>C\u00f3mo saber si la tiroides est\u00e1 teniendo problemas<\/p>\n<p class=\"c-paragraph\">Para el experto es clave hacer una evaluaci\u00f3n m\u00e1s profunda de los an\u00e1lisis cl\u00ednicos. \u00ab<b>No basta con mirar solo la TSH en una anal\u00edtica<\/b>, hay que ver otras hormonas tiroideas, el sistema inmune, el intestino y otros nutrientes clave\u00bb, cuenta Alexandre Olmos. Adem\u00e1s, el experto recalca la importancia de que <b>esta cuesti\u00f3n se aborde de una forma personalizada<\/b>, <a href=\"https:\/\/www.20minutos.es\/salud\/nutricion\/advertencia-endocrino-joaquin-puerma-hipotiroidismo-bebidas-vegetales-afecta-absorcion-medicamentos-5691957\/\" title=\"El aviso de un endocrino si tienes hipotiroidismo y tomas bebidas vegetales: &quot;afecta a la absorci\u00f3n de medicamentos&quot;\" rel=\"nofollow noopener\" target=\"_blank\">ya que cada mujer puede manifestarlo de diferente forma.\u00a0<\/a><\/p>\n<p class=\"c-paragraph\">Con los cambios de alimentaci\u00f3n, manejo del estr\u00e9s, una suplementaci\u00f3n espec\u00edfica, apoyo metab\u00f3lico, <b>muchas personas recuperan su energ\u00eda, disminuyen su inflamaci\u00f3n y vuelven a sentirse vivas<\/b>\u00ab, concluye el doctor.\u00a0<\/p>\n","protected":false},"excerpt":{"rendered":"Se estima que un 2% de las mujeres en Espa\u00f1a padecen hipotiroidismo. Este se produce cuando la gl\u00e1ndula&hellip;\n","protected":false},"author":2,"featured_media":134923,"comment_status":"","ping_status":"","sticky":false,"template":"","format":"standard","meta":{"footnotes":""},"categories":[92],"tags":[25,24,11909,165,166,3215,23,22246],"class_list":{"0":"post-134922","1":"post","2":"type-post","3":"status-publish","4":"format-standard","5":"has-post-thumbnail","7":"category-salud","8":"tag-es","9":"tag-espana","10":"tag-estres","11":"tag-health","12":"tag-salud","13":"tag-seo20","14":"tag-spain","15":"tag-tiroides"},"share_on_mastodon":{"url":"","error":""},"_links":{"self":[{"href":"https:\/\/www.europesays.com\/es\/wp-json\/wp\/v2\/posts\/134922","targetHints":{"allow":["GET"]}}],"collection":[{"href":"https:\/\/www.europesays.com\/es\/wp-json\/wp\/v2\/posts"}],"about":[{"href":"https:\/\/www.europesays.com\/es\/wp-json\/wp\/v2\/types\/post"}],"author":[{"embeddable":true,"href":"https:\/\/www.europesays.com\/es\/wp-json\/wp\/v2\/users\/2"}],"replies":[{"embeddable":true,"href":"https:\/\/www.europesays.com\/es\/wp-json\/wp\/v2\/comments?post=134922"}],"version-history":[{"count":0,"href":"https:\/\/www.europesays.com\/es\/wp-json\/wp\/v2\/posts\/134922\/revisions"}],"wp:featuredmedia":[{"embeddable":true,"href":"https:\/\/www.europesays.com\/es\/wp-json\/wp\/v2\/media\/134923"}],"wp:attachment":[{"href":"https:\/\/www.europesays.com\/es\/wp-json\/wp\/v2\/media?parent=134922"}],"wp:term":[{"taxonomy":"category","embeddable":true,"href":"https:\/\/www.europesays.com\/es\/wp-json\/wp\/v2\/categories?post=134922"},{"taxonomy":"post_tag","embeddable":true,"href":"https:\/\/www.europesays.com\/es\/wp-json\/wp\/v2\/tags?post=134922"}],"curies":[{"name":"wp","href":"https:\/\/api.w.org\/{rel}","templated":true}]}}