{"id":134931,"date":"2025-09-23T23:47:11","date_gmt":"2025-09-23T23:47:11","guid":{"rendered":"https:\/\/www.europesays.com\/es\/134931\/"},"modified":"2025-09-23T23:47:11","modified_gmt":"2025-09-23T23:47:11","slug":"palacio-rechaza-una-salida-extraordinaria-de-los-gitanos-en-diciembre","status":"publish","type":"post","link":"https:\/\/www.europesays.com\/es\/134931\/","title":{"rendered":"Palacio rechaza una salida extraordinaria de los Gitanos en diciembre"},"content":{"rendered":"<p class=\"voc-pretitle\">\nprocesi\u00f3n\n<\/p>\n<p>La hermandad ten\u00eda previsto celebrar una eucarist\u00eda en la Catedral por el sexto centenario el pueblo gitano con el Se\u00f1or de la Salud<\/p>\n<p><img fetchpriority=\"high\" class=\"voc-img\" src=\"https:\/\/www.europesays.com\/es\/wp-content\/uploads\/2025\/09\/hermandad-de-gitanos-RB0H3gloEyIYqCHZotNcCtN-1200x840@diario_abc.jpg\" loading=\"eager\" decoding=\"async\" alt=\"El Se\u00f1or de la Salud en la ma\u00f1ana del Viernes Santo\" width=\"1200\" height=\"840\"\/><\/p>\n<p>El Se\u00f1or de la Salud en la ma\u00f1ana del Viernes Santo    abc  <\/p>\n<p><img decoding=\"async\" class=\"voc-author__img\" src=\"https:\/\/www.europesays.com\/es\/wp-content\/uploads\/2025\/07\/autor-4048-foto-1.jpeg\" alt=\"M. J. R. Rechi\"\/><\/p>\n<p class=\"voc-p\" style=\"\"><strong>La autoridad eclesi\u00e1stica ha denegado la procesi\u00f3n del Se\u00f1or de la Salud de la hermandad de los Gitanos,<\/strong> prevista para el mes de diciembre del presente a\u00f1o, <strong>con motivo de la culminaci\u00f3n del sexto centenario de la llegada del pueblo gitano a Espa\u00f1a.<\/strong><\/p>\n<p class=\"voc-p\" style=\"\">La corporaci\u00f3n, <strong>en un encuentro mantenido con el arzobispo de Sevilla, Jos\u00e9 \u00c1ngel Saiz Meneses,<\/strong><strong>le present\u00f3 un amplio abanico de actos y actividades<\/strong> a llevar a cabo,<strong> entre los cuales se encontraba la propuesta de celebrar una eucarist\u00eda en la Catedral<\/strong> de Sevilla el 7 de diciembre,<strong> con la imagen del Se\u00f1or de la Salud<\/strong> sobre su paso de salida.<\/p>\n<p class=\"voc-p\" style=\"\">La hermandad t<strong>rabaja en un programa de actos en torno a esta efem\u00e9ride como mesas redondas, conferencia, una eucarist\u00eda<\/strong>, informaci\u00f3n a conocer en pr\u00f3ximas fechas por parte de los Gitanos. \u00abAprovechemos la ocasi\u00f3n para reflexionar sobre nuestra historia, fortalecer nuestra identidad y compartir con Sevilla y con su iglesia el valor de estos seiscientos a\u00f1os de camino del pueblo gitano\u00bb.<\/p>\n<p class=\"voc-p\" style=\"\">Por otro lado, <strong>la corporaci\u00f3n ha aclarado que no est\u00e1 prevista una salida<\/strong> extraordinaria, misi\u00f3n o traslado, ya que cualquier decisi\u00f3n en este sentido debe ser aprobada en cabildo general de hermanos.<\/p>\n<p class=\"voc-p\" style=\"\"><strong>La \u00faltima salida extraordinaria de la hermandad de los Gitanos ocurri\u00f3 en 2023, con la Virgen de las Angustias<\/strong>, para presidir una misa flamenca en la Catedral con motivo del Congreso Nacional de Hermandades de los Gitanos.<\/p>\n<p>Reportar un error<\/p>\n","protected":false},"excerpt":{"rendered":"procesi\u00f3n La hermandad ten\u00eda previsto celebrar una eucarist\u00eda en la Catedral por el sexto centenario el pueblo gitano&hellip;\n","protected":false},"author":2,"featured_media":134932,"comment_status":"","ping_status":"","sticky":false,"template":"","format":"standard","meta":{"footnotes":""},"categories":[8],"tags":[17,18,35329,25,24,20515,13,14,10713,11,19,20,9,10,15,16,6481,1350,1965,23,12,21,22],"class_list":{"0":"post-134931","1":"post","2":"type-post","3":"status-publish","4":"format-standard","5":"has-post-thumbnail","7":"category-espana","8":"tag-breaking-news","9":"tag-breakingnews","10":"tag-diciembre","11":"tag-es","12":"tag-espana","13":"tag-extraordinaria","14":"tag-featured-news","15":"tag-featurednews","16":"tag-gitanos","17":"tag-headlines","18":"tag-latest-news","19":"tag-latestnews","20":"tag-news","21":"tag-noticias","22":"tag-noticias-destacadas","23":"tag-noticiasdestacadas","24":"tag-palacio","25":"tag-rechaza","26":"tag-salida","27":"tag-spain","28":"tag-titulares","29":"tag-ultimas-noticias","30":"tag-ultimasnoticias"},"share_on_mastodon":{"url":"","error":""},"_links":{"self":[{"href":"https:\/\/www.europesays.com\/es\/wp-json\/wp\/v2\/posts\/134931","targetHints":{"allow":["GET"]}}],"collection":[{"href":"https:\/\/www.europesays.com\/es\/wp-json\/wp\/v2\/posts"}],"about":[{"href":"https:\/\/www.europesays.com\/es\/wp-json\/wp\/v2\/types\/post"}],"author":[{"embeddable":true,"href":"https:\/\/www.europesays.com\/es\/wp-json\/wp\/v2\/users\/2"}],"replies":[{"embeddable":true,"href":"https:\/\/www.europesays.com\/es\/wp-json\/wp\/v2\/comments?post=134931"}],"version-history":[{"count":0,"href":"https:\/\/www.europesays.com\/es\/wp-json\/wp\/v2\/posts\/134931\/revisions"}],"wp:featuredmedia":[{"embeddable":true,"href":"https:\/\/www.europesays.com\/es\/wp-json\/wp\/v2\/media\/134932"}],"wp:attachment":[{"href":"https:\/\/www.europesays.com\/es\/wp-json\/wp\/v2\/media?parent=134931"}],"wp:term":[{"taxonomy":"category","embeddable":true,"href":"https:\/\/www.europesays.com\/es\/wp-json\/wp\/v2\/categories?post=134931"},{"taxonomy":"post_tag","embeddable":true,"href":"https:\/\/www.europesays.com\/es\/wp-json\/wp\/v2\/tags?post=134931"}],"curies":[{"name":"wp","href":"https:\/\/api.w.org\/{rel}","templated":true}]}}