{"id":134943,"date":"2025-09-23T23:56:09","date_gmt":"2025-09-23T23:56:09","guid":{"rendered":"https:\/\/www.europesays.com\/es\/134943\/"},"modified":"2025-09-23T23:56:09","modified_gmt":"2025-09-23T23:56:09","slug":"markquis-nowell-ya-esta-en-vitoria","status":"publish","type":"post","link":"https:\/\/www.europesays.com\/es\/134943\/","title":{"rendered":"Markquis Nowell ya est\u00e1 en Vitoria"},"content":{"rendered":"<p><a class=\"v-mdl-ath__fig-a\" href=\"https:\/\/www.elcorreo.com\/autor\/jon-aroca-2327.html\" title=\"Jon Aroca\" rel=\"nofollow noopener\" target=\"_blank\"><br \/>\n<img decoding=\"async\" class=\"v-mdl-ath__img\" src=\"https:\/\/www.europesays.com\/es\/wp-content\/uploads\/2025\/08\/autor-2327-foto-2.jpeg\" alt=\"Jon Aroca\"\/><br \/>\n<\/a><\/p>\n<p class=\"v-mdl-ath__p v-mdl-ath__p--6\">\nMartes, 23 de septiembre 2025, 20:32<\/p>\n<p>| Actualizado 20:53h.<\/p>\n<p class=\"v-p\">El \u00faltimo fichaje del <a href=\"https:\/\/www.elcorreo.com\/baskonia\/\" title=\"www.elcorreo.com\" data-voc-vtm-id=\"in-text-traffic\" data-mrf-link=\"www.elcorreo.com\" rel=\"nofollow noopener\" target=\"_blank\">Baskonia<\/a> ya conoce el Buesa Arena. Markquis Nowell ha llegado este martes a <a href=\"https:\/\/www.elcorreo.com\/temas\/lugares\/vitoria-gasteiz.html\" title=\"www.elcorreo.com\" data-voc-vtm-id=\"in-text-traffic\" data-mrf-link=\"www.elcorreo.com\" rel=\"nofollow noopener\" target=\"_blank\">Vitoria<\/a> y poco despu\u00e9s de su r\u00e1pido aterrizaje desde Estados Unidos ha acudido al pabell\u00f3n azulgrana para animar a sus compa\u00f1eros en el partido de presentaci\u00f3n contra el Pallacanestro Trieste. Su estreno, de momento, tendr\u00e1 que esperar.<\/p>\n<p class=\"v-p\">El jugador ni siquiera ha podido entrenar con el equipo desde que el domingo se anunciara su fichaje por dos temporadas. A\u00fan deb\u00eda organizar la mudanza desde su pa\u00eds, donde estaba residiendo tras concluir el pasado ejercicio, pero lo ha hecho de manera r\u00e1pida. El propio jugador ha compartido este martes el itinerario: de Phoenix a Madrid con escala en Par\u00eds. De ah\u00ed, directo a Vitoria. <\/p>\n<p class=\"v-p\">Se le ha visto a pie de pista, vestido de ch\u00e1ndal, con el equipo de comunicaci\u00f3n del club y tom\u00e1ndose algunas fotograf\u00edas. Desde esa posici\u00f3n privilegiada sigue el desempe\u00f1o de sus compa\u00f1eros a la espera de poder debutar. La pr\u00f3xima oportunidad ser\u00e1 el jueves en Barakaldo en el marco de la Euskal Kopa.<\/p>\n<p>Comenta<\/p>\n<p>Reporta un error<\/p>\n","protected":false},"excerpt":{"rendered":"Martes, 23 de septiembre 2025, 20:32 | Actualizado 20:53h. El \u00faltimo fichaje del Baskonia ya conoce el Buesa&hellip;\n","protected":false},"author":2,"featured_media":134944,"comment_status":"","ping_status":"","sticky":false,"template":"","format":"standard","meta":{"footnotes":""},"categories":[269],"tags":[299,298,168,25,24,41446,41447,23,167,2177],"class_list":{"0":"post-134943","1":"post","2":"type-post","3":"status-publish","4":"format-standard","5":"has-post-thumbnail","7":"category-baloncesto","8":"tag-baloncesto","9":"tag-basketball","10":"tag-deportes","11":"tag-es","12":"tag-espana","13":"tag-markquis","14":"tag-nowell","15":"tag-spain","16":"tag-sports","17":"tag-vitoria"},"share_on_mastodon":{"url":"","error":""},"_links":{"self":[{"href":"https:\/\/www.europesays.com\/es\/wp-json\/wp\/v2\/posts\/134943","targetHints":{"allow":["GET"]}}],"collection":[{"href":"https:\/\/www.europesays.com\/es\/wp-json\/wp\/v2\/posts"}],"about":[{"href":"https:\/\/www.europesays.com\/es\/wp-json\/wp\/v2\/types\/post"}],"author":[{"embeddable":true,"href":"https:\/\/www.europesays.com\/es\/wp-json\/wp\/v2\/users\/2"}],"replies":[{"embeddable":true,"href":"https:\/\/www.europesays.com\/es\/wp-json\/wp\/v2\/comments?post=134943"}],"version-history":[{"count":0,"href":"https:\/\/www.europesays.com\/es\/wp-json\/wp\/v2\/posts\/134943\/revisions"}],"wp:featuredmedia":[{"embeddable":true,"href":"https:\/\/www.europesays.com\/es\/wp-json\/wp\/v2\/media\/134944"}],"wp:attachment":[{"href":"https:\/\/www.europesays.com\/es\/wp-json\/wp\/v2\/media?parent=134943"}],"wp:term":[{"taxonomy":"category","embeddable":true,"href":"https:\/\/www.europesays.com\/es\/wp-json\/wp\/v2\/categories?post=134943"},{"taxonomy":"post_tag","embeddable":true,"href":"https:\/\/www.europesays.com\/es\/wp-json\/wp\/v2\/tags?post=134943"}],"curies":[{"name":"wp","href":"https:\/\/api.w.org\/{rel}","templated":true}]}}