{"id":134961,"date":"2025-09-24T00:05:12","date_gmt":"2025-09-24T00:05:12","guid":{"rendered":"https:\/\/www.europesays.com\/es\/134961\/"},"modified":"2025-09-24T00:05:12","modified_gmt":"2025-09-24T00:05:12","slug":"usc-alzheimer-enfermedades-neurodegenerativas-universidade","status":"publish","type":"post","link":"https:\/\/www.europesays.com\/es\/134961\/","title":{"rendered":"USC ALZH\u00c9IMER ENFERMEDADES NEURODEGENERATIVAS UNIVERSIDADE"},"content":{"rendered":"<p class=\"ft-text\">Conseguir unos <strong>biomarcadores que predigan el riesgo de padecer alzh\u00e9imer con diez o incluso quince a\u00f1os de antelaci\u00f3n<\/strong> frente a los primeros s\u00edntomas, es el horizonte en el que est\u00e1 trabajando un numeroso grupo de investigadores liderado por el<strong> Instituto de Psicolox\u00eda<\/strong> de la <a class=\"ft-link ft-link--decoration\" href=\"https:\/\/www.elcorreogallego.es\/tags\/usc\/\" target=\"_blank\" rel=\"nofollow noopener\">USC<\/a>, con <strong>Arturo X. Pereiro<\/strong> al frente.<\/p>\n<p class=\"ft-text\">Y es que, como explica en conversaci\u00f3n con <a class=\"ft-link ft-link--decoration\" href=\"https:\/\/www.elcorreogallego.es\/\" target=\"_blank\" rel=\"nofollow noopener\">EL CORREO GALLEGO<\/a>, \u00abverificamos nun an\u00e1lise de sangue en plasma cunha t\u00e9cnica bastante moderna a concentraci\u00f3n de <strong>d\u00faas prote\u00ednas alteradas asociadas a etapas presintom\u00e1ticas<\/strong> ou nas que apenas se percibe alg\u00fan cambio no funcionamento cognitivo\u00bb.<\/p>\n<p class=\"ft-text\">En concreto, el p-tau217 y el p-tau181 se confirman como \u00abos mellores candidatos para dispo\u00f1er en breve de biomarcadores en plasma\u00bb capaces de identificar con mucha antelaci\u00f3n el riesgo de<a class=\"ft-link ft-link--decoration\" href=\"https:\/\/www.elcorreogallego.es\/sociedad\/2025\/09\/21\/alzheimer-precoz-pacientes-diagnostico-farmacos-121800189.html\" target=\"_blank\" rel=\"nofollow noopener\"> alzh\u00e9imer<\/a>, contribuyendo a adelantar el diagn\u00f3stico y, con ello, a ayudar a los profesionales sanitarios, puesto que \u00abos tratamentos farmacol\u00f3xicos e non farmacol\u00f3xicos son <strong>moito m\u00e1is eficaces en etapas temper\u00e1s<\/strong>, e a hip\u00f3tese prevalente na investigaci\u00f3n actual \u00e9 que o proceso neurodexenerativo do alzh\u00e9imer comeza 20 ou 25 anos antes de que aparezan os primeiros s\u00edntomas\u00bb.<\/p>\n<p>Trescientos pacientes del \u00e1rea sanitaria compostelana<\/p>\n<p class=\"ft-text\">Los resultados de este trabajo encaminado a validar los biomarcadores en sangre se obtuvieron a trav\u00e9s del an\u00e1lisis a participantes en el estudio longitudinal Compostela Aging study, con \u00abalgo m\u00e1is de trescentos pacientes da<a class=\"ft-link ft-link--decoration\" href=\"https:\/\/www.elcorreogallego.es\/tags\/area-sanitaria\/\" target=\"_blank\" rel=\"nofollow noopener\"> \u00c1rea Sanitaria<\/a> de Santiago e Barbanza\u00bb, a los que tambi\u00e9n se incorporar\u00e1n en fases sucesivas los de 250 personas del \u00e1rea de Vigo, de los que ya tienen tambi\u00e9n los biomarcadores, seg\u00fan apunta Pereiro, quien subraya que una investigaci\u00f3n de esta magnitud solo es posible gracias \u00ab\u00e1 <strong>colaboraci\u00f3n de moita xente<\/strong>\u00bb, puesto que adem\u00e1s de \u00e9l participan <strong>Montse Zurr\u00f3n, Fernando D\u00edaz<\/strong> y <strong>Cristina Lojo<\/strong>, del grupo de investigaci\u00f3n en <strong>Neurociencia Cognitiva e Psicoxerontolox\u00eda<\/strong> del Instituto de Psicolox\u00eda de la<a class=\"ft-link ft-link--decoration\" href=\"https:\/\/www.elcorreogallego.es\/tags\/usc\/\" target=\"_blank\" rel=\"nofollow noopener\"> USC<\/a>; as\u00ed como grupos del <a class=\"ft-link ft-link--decoration\" href=\"https:\/\/www.elcorreogallego.es\/tags\/idis\/\" target=\"_blank\" rel=\"nofollow noopener\">IDIS<\/a>, del <a class=\"ft-link ft-link--decoration\" href=\"https:\/\/www.elcorreogallego.es\/tags\/cimus\/\" target=\"_blank\" rel=\"nofollow noopener\">Cimus<\/a> y de la USC.<\/p>\n<p><img decoding=\"async\" src=\"https:\/\/www.europesays.com\/es\/wp-content\/uploads\/2025\/09\/60f59123-def9-4236-a9fc-5d717cc912c6_alta-libre-aspect-ratio_default_0.jpg\" width=\"1200\" height=\"1068\" alt=\"Integrantes del Grupo de investigacion NeuroCog-Aging-Psicoxeronto 2025.\" class=\"ft-helper-img-rd\" loading=\"lazy\" hasdataaida=\"true\"\/><\/p>\n<p class=\"ft-helper-fontColor-quaternary ft-helper-fontSize-body-S ft-helper-spacer-t-xxs\">Integrantes del Grupo de investigacion NeuroCog-Aging-Psicoxeronto 2025.  \/ Cedida<\/p>\n<p>Modelo global con todos los biomarcadores<\/p>\n<p class=\"ft-text\">Avanza que el objetivo es poder presentar en el plazo de un a\u00f1o o a\u00f1o y medio \u00abun modelo global que incl\u00faa todos os biomarcadores que temos, tanto <strong>psicol\u00f3xicos como psicofisiol\u00f3xicos, prote\u00f3micos ou xen\u00e9ticos<\/strong>, e tratar de ver como funcionan utilizando a intelixencia artificial para axudar aos profesionais da sa\u00fade a valorar de maneira m\u00e1is precisa as persoas en risco de desenvolver unha <a class=\"ft-link ft-link--decoration\" href=\"https:\/\/www.elcorreogallego.es\/sociedad\/2025\/09\/18\/falta-tiempo-consulta-alzheimer-diagnostico-121705280.html\" target=\"_blank\" rel=\"nofollow noopener\">demencia<\/a> no lapso de entre 7 a 15 anos\u00bb. Un reto fundamental, sobre todo teniendo en cuenta el sobreenvejecimiento de la poblaci\u00f3n y el hecho de que la prevalencia de las demencias se incrementa con la edad.<\/p>\n<p class=\"ft-text\">Esta investigaci\u00f3n se diferencia tambi\u00e9n de la publicada por personal investigador del<strong> Hospital del Mar Research Institute <\/strong>y del <strong>Barcelona\u03b2eta Brain Research Center (BBRC)<\/strong> vinculado a la <strong>Fundaci\u00f3n Pasqual Maragall <\/strong>en que \u00abanaliza as asociaci\u00f3ns deses marcadores con probas de neuroimaxe e s\u00edntomas cl\u00ednicos en etapas m\u00e1is temper\u00e1s, presintom\u00e1ticas e prodr\u00f3micas, en persoas potencialmente en risco de padecer a enfermidade no futuro\u00bb, indica Arturo Pereiro.<\/p>\n<p class=\"ft-text\">Financiado por el<strong> Ministerio de Ciencia<\/strong>, Innovaci\u00f3n y Universidades de la <strong>Axencia Galega de Innovaci\u00f3n<\/strong>, el trabajo ha sido aceptado para su publicaci\u00f3n en la revista cient\u00edfica The Journal of Prevention of Alzheimer\u2019s Disease.<\/p>\n","protected":false},"excerpt":{"rendered":"Conseguir unos biomarcadores que predigan el riesgo de padecer alzh\u00e9imer con diez o incluso quince a\u00f1os de antelaci\u00f3n&hellip;\n","protected":false},"author":2,"featured_media":134962,"comment_status":"","ping_status":"","sticky":false,"template":"","format":"standard","meta":{"footnotes":""},"categories":[92],"tags":[3350,25,24,165,1294,2397,885,1288,166,16587,23,42873,15503],"class_list":{"0":"post-134961","1":"post","2":"type-post","3":"status-publish","4":"format-standard","5":"has-post-thumbnail","7":"category-salud","8":"tag-alzheimer","9":"tag-es","10":"tag-espana","11":"tag-health","12":"tag-investigacion","13":"tag-posible","14":"tag-resultados","15":"tag-riesgo","16":"tag-salud","17":"tag-sanitarios","18":"tag-spain","19":"tag-tendre","20":"tag-usc"},"share_on_mastodon":{"url":"","error":""},"_links":{"self":[{"href":"https:\/\/www.europesays.com\/es\/wp-json\/wp\/v2\/posts\/134961","targetHints":{"allow":["GET"]}}],"collection":[{"href":"https:\/\/www.europesays.com\/es\/wp-json\/wp\/v2\/posts"}],"about":[{"href":"https:\/\/www.europesays.com\/es\/wp-json\/wp\/v2\/types\/post"}],"author":[{"embeddable":true,"href":"https:\/\/www.europesays.com\/es\/wp-json\/wp\/v2\/users\/2"}],"replies":[{"embeddable":true,"href":"https:\/\/www.europesays.com\/es\/wp-json\/wp\/v2\/comments?post=134961"}],"version-history":[{"count":0,"href":"https:\/\/www.europesays.com\/es\/wp-json\/wp\/v2\/posts\/134961\/revisions"}],"wp:featuredmedia":[{"embeddable":true,"href":"https:\/\/www.europesays.com\/es\/wp-json\/wp\/v2\/media\/134962"}],"wp:attachment":[{"href":"https:\/\/www.europesays.com\/es\/wp-json\/wp\/v2\/media?parent=134961"}],"wp:term":[{"taxonomy":"category","embeddable":true,"href":"https:\/\/www.europesays.com\/es\/wp-json\/wp\/v2\/categories?post=134961"},{"taxonomy":"post_tag","embeddable":true,"href":"https:\/\/www.europesays.com\/es\/wp-json\/wp\/v2\/tags?post=134961"}],"curies":[{"name":"wp","href":"https:\/\/api.w.org\/{rel}","templated":true}]}}