{"id":134969,"date":"2025-09-24T00:09:08","date_gmt":"2025-09-24T00:09:08","guid":{"rendered":"https:\/\/www.europesays.com\/es\/134969\/"},"modified":"2025-09-24T00:09:08","modified_gmt":"2025-09-24T00:09:08","slug":"macron-llama-a-trump-para-contarle-que-un-policia-de-nueva-york-no-le-deja-cruzar-la-calle-de-la-sede-de-la-onu","status":"publish","type":"post","link":"https:\/\/www.europesays.com\/es\/134969\/","title":{"rendered":"Macron llama a Trump para contarle que un polic\u00eda de Nueva York no le deja cruzar la calle de la sede de la ONU"},"content":{"rendered":"<p>23\/09\/2025<br \/>\n<br \/><strong><br \/>\nActualizado a las 20:34h.<br \/>\n<\/strong><\/p>\n<p class=\"voc-p\" style=\"\"><strong>\u00ab\u00bfC\u00f3mo est\u00e1s? \u00a1Adivina qu\u00e9!\u00bb<\/strong>. No era el comienzo m\u00e1s habitual para una <a href=\"https:\/\/www.abc.es\/internacional\/israel-niega-participar-reunion-consejo-seguridad-onu-20250923101535-nt.html\" data-voc-vtm-id=\"in-text-traffic\" title=\"llamada telef\u00f3nica entre dos jefes de Estado\" rel=\"nofollow noopener\" target=\"_blank\">llamada telef\u00f3nica entre dos jefes de Estado<\/a>, pero tampoco lo eran las circunstancias.<\/p>\n<p class=\"voc-p\" style=\"\">En Nueva York para asistir a la Asamblea General de la ONU y apresur\u00e1ndose para acudir a una reuni\u00f3n desde la sede de la ONU, el presidente franc\u00e9s <strong>Emmanuel Macron<\/strong> se sorprendi\u00f3 cuando la polic\u00eda le dijo que no pod\u00eda seguir adelante porque la calle estaba bloqueada por la comitiva del presidente estadounidense <strong>Donald Trump<\/strong>. As\u00ed que cogi\u00f3 su tel\u00e9fono.<\/p>\n<p class=\"voc-p\" style=\"\">\u00abEstoy esperando en la calle porque todo est\u00e1 paralizado por ti\u00bb, le dijo Macron a Trump en su fluido ingl\u00e9s, seg\u00fan las im\u00e1genes difundidas por BFMTV y el medio online Brut.<\/p>\n<p class=\"voc-p\" style=\"\">La llamada telef\u00f3nica <strong>no sirvi\u00f3 para desbloquear la calle<\/strong>, por lo que Macron continu\u00f3 a pie hacia su reuni\u00f3n, que, seg\u00fan dijo, era en el consulado franc\u00e9s. Ten\u00eda previsto cenar con el <a href=\"https:\/\/www.abc.es\/internacional\/guterres-advierte-impunidad-madre-caos-mundo-pendiente-20250923162027-nt.html\" data-voc-vtm-id=\"in-text-traffic\" title=\"secretario general de la ONU, Antonio Guterres\" rel=\"nofollow noopener\" target=\"_blank\">secretario general de la ONU, Antonio Guterres<\/a>.<\/p>\n<p class=\"voc-p\" style=\"\">Pero el paseo le permiti\u00f3 continuar la charla con el l\u00edder estadounidense, y Macron dijo que tambi\u00e9n quer\u00eda discutir la situaci\u00f3n en Gaza, junto con Qatar.<\/p>\n<p class=\"voc-p\" style=\"\">\u00abEl presidente aprovech\u00f3 la oportunidad para llamar por tel\u00e9fono a Donald Trump, mientras caminaba, en una <strong>conversaci\u00f3n muy cordial y amistosa,<\/strong> que permiti\u00f3 poner al d\u00eda varios asuntos internacionales\u00bb, afirm\u00f3 un funcionario de la presidencia francesa, que pidi\u00f3 no ser identificado.<\/p>\n<p class=\"voc-p\" style=\"\">Trump ha criticado duramente el <a href=\"https:\/\/www.abc.es\/internacional\/francia-reconoce-oficialmente-estado-palestina-asamblea-general-20250922212159-nt.html\" data-voc-vtm-id=\"in-text-traffic\" title=\"reconocimiento de Macron del Estado palestino\" rel=\"nofollow noopener\" target=\"_blank\">reconocimiento de Macron del Estado palestino<\/a> en la ONU. Sin embargo, se dice que ambos mantienen una cordial relaci\u00f3n personal, que se ha visto reflejada en largos y firmes apretones de manos y en la invitaci\u00f3n del l\u00edder franc\u00e9s a Trump a la reinauguraci\u00f3n de la catedral de Notre-Dame en Par\u00eds, incluso antes de que este iniciara su segundo mandato.<\/p>\n<p>Reportar un error<\/p>\n","protected":false},"excerpt":{"rendered":"23\/09\/2025 Actualizado a las 20:34h. \u00ab\u00bfC\u00f3mo est\u00e1s? \u00a1Adivina qu\u00e9!\u00bb. No era el comienzo m\u00e1s habitual para una llamada&hellip;\n","protected":false},"author":2,"featured_media":134970,"comment_status":"","ping_status":"","sticky":false,"template":"","format":"standard","meta":{"footnotes":""},"categories":[42],"tags":[17,18,10872,42875,12088,51,13,14,11,61,62,63,64,19,20,8500,24564,9,10,15,16,795,732,586,4569,12,936,21,22,2338,65,66,67,5867],"class_list":{"0":"post-134969","1":"post","2":"type-post","3":"status-publish","4":"format-standard","5":"has-post-thumbnail","7":"category-internacional","8":"tag-breaking-news","9":"tag-breakingnews","10":"tag-calle","11":"tag-contarle","12":"tag-cruzar","13":"tag-deja","14":"tag-featured-news","15":"tag-featurednews","16":"tag-headlines","17":"tag-internacional","18":"tag-international","19":"tag-international-news","20":"tag-internationalnews","21":"tag-latest-news","22":"tag-latestnews","23":"tag-llama","24":"tag-macron","25":"tag-news","26":"tag-noticias","27":"tag-noticias-destacadas","28":"tag-noticiasdestacadas","29":"tag-nueva","30":"tag-onu","31":"tag-policia","32":"tag-sede","33":"tag-titulares","34":"tag-trump","35":"tag-ultimas-noticias","36":"tag-ultimasnoticias","37":"tag-video","38":"tag-world","39":"tag-world-news","40":"tag-worldnews","41":"tag-york"},"share_on_mastodon":{"url":"","error":""},"_links":{"self":[{"href":"https:\/\/www.europesays.com\/es\/wp-json\/wp\/v2\/posts\/134969","targetHints":{"allow":["GET"]}}],"collection":[{"href":"https:\/\/www.europesays.com\/es\/wp-json\/wp\/v2\/posts"}],"about":[{"href":"https:\/\/www.europesays.com\/es\/wp-json\/wp\/v2\/types\/post"}],"author":[{"embeddable":true,"href":"https:\/\/www.europesays.com\/es\/wp-json\/wp\/v2\/users\/2"}],"replies":[{"embeddable":true,"href":"https:\/\/www.europesays.com\/es\/wp-json\/wp\/v2\/comments?post=134969"}],"version-history":[{"count":0,"href":"https:\/\/www.europesays.com\/es\/wp-json\/wp\/v2\/posts\/134969\/revisions"}],"wp:featuredmedia":[{"embeddable":true,"href":"https:\/\/www.europesays.com\/es\/wp-json\/wp\/v2\/media\/134970"}],"wp:attachment":[{"href":"https:\/\/www.europesays.com\/es\/wp-json\/wp\/v2\/media?parent=134969"}],"wp:term":[{"taxonomy":"category","embeddable":true,"href":"https:\/\/www.europesays.com\/es\/wp-json\/wp\/v2\/categories?post=134969"},{"taxonomy":"post_tag","embeddable":true,"href":"https:\/\/www.europesays.com\/es\/wp-json\/wp\/v2\/tags?post=134969"}],"curies":[{"name":"wp","href":"https:\/\/api.w.org\/{rel}","templated":true}]}}