{"id":134988,"date":"2025-09-24T00:22:21","date_gmt":"2025-09-24T00:22:21","guid":{"rendered":"https:\/\/www.europesays.com\/es\/134988\/"},"modified":"2025-09-24T00:22:21","modified_gmt":"2025-09-24T00:22:21","slug":"anselm-boix-vives-herbeset-paris","status":"publish","type":"post","link":"https:\/\/www.europesays.com\/es\/134988\/","title":{"rendered":"ANSELM BOIX VIVES HERBESET PAR\u00cdS"},"content":{"rendered":"<p class=\"ft-text ft-helper-closenews\">Hay historias que parecen salidas de una novela. La de <strong>Anselm Boix Vives<\/strong> comienza en <a class=\"ft-link ft-link--decoration\" href=\"https:\/\/www.elperiodicomediterraneo.com\/comarcas\/2018\/12\/20\/nacimiento-herbeset-nina-54-anos-41189629.html\" target=\"_blank\" rel=\"nofollow noopener\"><strong>Herbeset<\/strong><\/a>, una pedan\u00eda diminuta de <a class=\"ft-link ft-link--decoration\" href=\"https:\/\/www.elperiodicomediterraneo.com\/castello\/morella\/\" target=\"_blank\" rel=\"nofollow noopener\">Morella<\/a>, en la <a class=\"ft-link ft-link--decoration\" href=\"https:\/\/www.elperiodicomediterraneo.com\/tags\/comarca\/\" rel=\"nofollow noopener\" target=\"_blank\">comarca<\/a> de <a class=\"ft-link ft-link--decoration\" href=\"https:\/\/www.elperiodicomediterraneo.com\/tags\/els-ports\/\" target=\"_blank\" rel=\"nofollow noopener\">Els Ports<\/a>. All\u00ed, en medio de la pobreza rural de finales del siglo XIX, naci\u00f3 en 1899 un ni\u00f1o que nunca pis\u00f3 la <a class=\"ft-link ft-link--decoration\" href=\"https:\/\/www.elperiodicomediterraneo.com\/tags\/colegios\/\" target=\"_blank\" rel=\"nofollow noopener\">escuela<\/a>, que perdi\u00f3 a su madre a los nueve <a class=\"ft-link ft-link--decoration\" href=\"https:\/\/www.elperiodicomediterraneo.com\/tags\/anos\/\" target=\"_blank\" rel=\"nofollow noopener\">a\u00f1os<\/a> y que se cri\u00f3 como pastor en la monta\u00f1a. Ese ni\u00f1o analfabeto acabar\u00eda emigrando a <a class=\"ft-link ft-link--decoration\" href=\"https:\/\/www.elperiodicomediterraneo.com\/tags\/francia\/\" target=\"_blank\" rel=\"nofollow noopener\">Francia<\/a>, regentando una fruter\u00eda en Saboya y, en la \u00faltima etapa de su vida, reinvent\u00e1ndose como artista. Hoy, m\u00e1s de medio siglo despu\u00e9s de su muerte, sus cuadros se han exhibido en el <strong>Grand Palais de Par\u00eds<\/strong> gracias a la <a class=\"ft-link ft-link--decoration\" href=\"https:\/\/www.elperiodicomediterraneo.com\/tags\/exposiciones\/\" target=\"_blank\" rel=\"nofollow noopener\">exposici\u00f3n<\/a> ART BRUT. Dans l\u2019intimit\u00e9 d\u2019une collection. La donation Decharme au Centre Pompidou.<\/p>\n<p>El <a class=\"ft-link ft-link--decoration\" href=\"https:\/\/www.elperiodicomediterraneo.com\/tags\/arte\/\" target=\"_blank\" rel=\"nofollow noopener\">arte<\/a> de los m\u00e1rgenes<\/p>\n<p class=\"ft-text\">Para entender la dimensi\u00f3n de este reconocimiento hay que detenerse en el concepto de <a class=\"ft-link ft-link--decoration\" href=\"https:\/\/es.wikipedia.org\/wiki\/Arte_marginal\" target=\"_blank\" rel=\"nofollow noopener\"><strong>art brut<\/strong><\/a>. Fue el pintor <strong>Jean Dubuffet<\/strong> quien, tras la Segunda Guerra Mundial, acu\u00f1\u00f3 el t\u00e9rmino para referirse a las creaciones nacidas fuera de la academia, de los talleres o de los c\u00f3digos est\u00e9ticos dominantes. <a class=\"ft-link ft-link--decoration\" href=\"https:\/\/www.elperiodicomediterraneo.com\/cultura\/2021\/05\/18\/necesidad-idiolecto-refugio-mundo-51932377.html\" target=\"_blank\" rel=\"nofollow noopener\">Obras realizadas en soledad, a menudo por autodidactas, por personas marginadas o consideradas \u00abinadaptadas\u00bb por la sociedad<\/a>, pero que revelaban una fuerza expresiva desbordante. Dubuffet y <strong>Andr\u00e9 Breton<\/strong> \u2014el padre del surrealismo\u2014 fueron algunos de sus grandes defensores.<\/p>\n<p><img decoding=\"async\" src=\"https:\/\/www.europesays.com\/es\/wp-content\/uploads\/2025\/09\/aef0d78d-0e4d-4951-9e7e-2b633447215f_alta-libre-aspect-ratio_default_0.jpg\" width=\"1200\" height=\"1613\" alt=\"'R\u00e9parer le monde', obra de Anselme Boix-Vives.\" class=\"ft-helper-img-rd\" loading=\"lazy\" hasdataaida=\"true\"\/><\/p>\n<p class=\"ft-helper-fontColor-quaternary ft-helper-fontSize-body-S ft-helper-spacer-t-xxs\">&#8216;R\u00e9parer le monde&#8217;, obra de Anselme Boix-Vives que ha formado parte de la exposici\u00f3n en el Grand Palais.  \/ Centre Pompidou<\/p>\n<p class=\"ft-text\">La colecci\u00f3n del cineasta y coleccionista <strong>Bruno Decharme<\/strong>, donada en 2021 al <strong>Centro Pompidou<\/strong>, es hoy uno de los pilares para comprender este movimiento. En este sentido, la exposici\u00f3n presentada este a\u00f1o en el Grand Palais, donde se reunieron casi 400 piezas, permiti\u00f3 al p\u00fablico asomarse a un arte que naci\u00f3 al margen de todo, pero que en la actualidad ocupa un lugar esencial en la historia del siglo XX.<\/p>\n<p>El comerciante ut\u00f3pico que descubri\u00f3 la pintura<\/p>\n<p class=\"ft-text\">En ese territorio de la creaci\u00f3n salvaje se inscribe Anselme Boix-Vives (as\u00ed es como adopt\u00f3 su nombre la graf\u00eda francesa tras naturalizarse franc\u00e9s en 1940). Emigrado a Francia en 1917, trabaj\u00f3 en f\u00e1bricas y minas hasta que, con esfuerzo, abri\u00f3 en 1926 su propia tienda de frutas y verduras en <strong>Mo\u00fbtiers<\/strong>. Adopt\u00f3 la nacionalidad francesa, cri\u00f3 a su familia y se convirti\u00f3 en un comerciante respetado. Pero bajo esa apariencia de vida com\u00fan lat\u00eda una obsesi\u00f3n: un <strong>plan de paz mundial<\/strong> que redact\u00f3 y envi\u00f3 a de Gaulle, al Papa y a la reina de Inglaterra, convencido de que pod\u00eda salvar al planeta. Nadie le respondi\u00f3.<\/p>\n<p class=\"ft-text\"><strong>Tras la muerte de su esposa en 1962, Boix Vives cerr\u00f3 el negocio y, con m\u00e1s de 60 a\u00f1os, se lanz\u00f3 a pintar. <\/strong>Lo hizo con una energ\u00eda inusitada: <strong>en apenas siete a\u00f1os produjo m\u00e1s de 2.400 obras, la mayor\u00eda desde su <\/strong><a class=\"ft-link ft-link--decoration\" href=\"https:\/\/www.elperiodicomediterraneo.com\/tags\/cocina\/\" target=\"_blank\" rel=\"nofollow noopener\"><strong>cocina<\/strong><\/a><strong>, rodeado de cartones reciclados, t\u00e9mperas y pintura industrial. <\/strong>Su universo se pobl\u00f3 de personajes b\u00edblicos y televisivos, de pol\u00edticos y estrellas de cine, de paisajes selv\u00e1ticos y rostros sonrientes de mirada inquietante.<\/p>\n<p>Del anonimato al reconocimiento<\/p>\n<p class=\"ft-text\"><strong>El eco de aquellas im\u00e1genes lleg\u00f3 pronto a Par\u00eds gracias a su hijo Michel. <\/strong>En 1963, <strong>Andr\u00e9 Breton<\/strong> le escribi\u00f3 para manifestarle su inter\u00e9s. Al a\u00f1o siguiente, el comisario <strong>Harald Szeemann<\/strong> <strong>incluy\u00f3 sus gouaches en la Kunsthalle de Berna junto a Hundertwasser y Louise Nevelson. <\/strong>Dubuffet lo acogi\u00f3 bajo la etiqueta de art brut.<strong> Y la portada de la revista surrealista <\/strong><strong>La Br\u00e8che<\/strong><strong> llev\u00f3 una de sus obras al gran p\u00fablico. <\/strong>Era la confirmaci\u00f3n de que aquel frutero analfabeto se hab\u00eda convertido en artista.<\/p>\n<p><img decoding=\"async\" src=\"https:\/\/www.europesays.com\/es\/wp-content\/uploads\/2025\/09\/780ddeaf-8fc2-49d7-8ea1-c2f2bb8470fb_alta-libre-aspect-ratio_default_0.jpg\" width=\"1200\" height=\"785\" alt=\"Boix Vives en su atelier.\" class=\"ft-helper-img-rd\" loading=\"lazy\" hasdataaida=\"true\"\/><\/p>\n<p class=\"ft-helper-fontColor-quaternary ft-helper-fontSize-body-S ft-helper-spacer-t-xxs\">Boix Vives en su atelier.  \/ MEDITERR\u00c1NEO<\/p>\n<p class=\"ft-text\"><strong>Muri\u00f3 en 1969, pero su legado sigui\u00f3 vivo. Sus cuadros forman parte de colecciones internacionales \u2014<\/strong><a class=\"ft-link ft-link--decoration\" href=\"https:\/\/www.centrepompidou.fr\/es\/ressources\/personne\/2On6jNh\" rel=\"nofollow noopener\" target=\"_blank\"><strong>entre ellas la del Pompidou<\/strong><\/a><strong>\u2014 y han viajado en los \u00faltimos a\u00f1os a museos de <\/strong><a class=\"ft-link ft-link--decoration\" href=\"https:\/\/www.elperiodicomediterraneo.com\/tags\/suecia\/\" target=\"_blank\" rel=\"nofollow noopener\"><strong>Suecia<\/strong><\/a><strong>, <\/strong><a class=\"ft-link ft-link--decoration\" href=\"https:\/\/www.elperiodicomediterraneo.com\/tags\/alemania\/\" target=\"_blank\" rel=\"nofollow noopener\"><strong>Alemania<\/strong><\/a><strong> o Londres.<\/strong><\/p>\n<p>El presente de un visionario<\/p>\n<p class=\"ft-text\"><strong>En 2025, ver a Anselm Boix Vives en el Grand Palais de Par\u00eds significa rescatar no solo a un creador singular, sino tambi\u00e9n una lecci\u00f3n de vida. <\/strong>La de un hombre que transform\u00f3 la adversidad en im\u00e1genes llenas de color, alegr\u00eda y desasosiego. Que crey\u00f3 en la utop\u00eda, primero a trav\u00e9s de un plan imposible de paz mundial, despu\u00e9s con una pintura que desbordaba todo lo aprendido.<\/p>\n<p class=\"ft-text\"><strong>Desde <\/strong><a class=\"ft-link ft-link--decoration\" href=\"https:\/\/www.elperiodicomediterraneo.com\/fotos\/2025\/03\/14\/herbeset-pedania-morella-cubierta-nieve-115285218.html\" target=\"_blank\" rel=\"nofollow noopener\"><strong>Herbeset<\/strong><\/a><strong>, la aldea que lo vio nacer, hasta el coraz\u00f3n de la capital francesa, Boix Vives demuestra que el arte m\u00e1s aut\u00e9ntico no necesita pasaportes ni academias. Solo la urgencia de expresarse.<\/strong><\/p>\n<p class=\"ft-text\"><strong>Y quiz\u00e1 haya en todo esto un atisbo de justicia po\u00e9tica: nosotros hemos llegado tarde a contar la noticia<\/strong> \u2014<a class=\"ft-link ft-link--decoration\" href=\"https:\/\/www.grandpalais.fr\/en\/program\/art-brut\" rel=\"nofollow noopener\" target=\"_blank\">la exposici\u00f3n en el Grand Palais finaliz\u00f3 este 21 de septiembre<\/a>\u2014, <strong>pero al hacerlo, aunque sea a destiempo, brindamos a este creador castellonense el reconocimiento que merece.<\/strong><\/p>\n<p data-close=\"closedContent\" class=\"subscribeHideForDisplay\">Suscr\u00edbete para seguir leyendo<\/p>\n","protected":false},"excerpt":{"rendered":"Hay historias que parecen salidas de una novela. La de Anselm Boix Vives comienza en Herbeset, una pedan\u00eda&hellip;\n","protected":false},"author":2,"featured_media":134989,"comment_status":"","ping_status":"","sticky":false,"template":"","format":"standard","meta":{"footnotes":""},"categories":[173],"tags":[42879,229,233,231,230,42880,3965,209,232,234,31429,146,147,25,24,2003,7398,42882,42883,4759,23,42881],"class_list":{"0":"post-134988","1":"post","2":"type-post","3":"status-publish","4":"format-standard","5":"has-post-thumbnail","7":"category-arte-y-diseno","8":"tag-anselm","9":"tag-arte","10":"tag-arte-y-diseno","11":"tag-arts","12":"tag-arts-and-design","13":"tag-boix","14":"tag-castellon","15":"tag-cultura","16":"tag-design","17":"tag-diseno","18":"tag-els-ports","19":"tag-entertainment","20":"tag-entretenimiento","21":"tag-es","22":"tag-espana","23":"tag-exposicion","24":"tag-grand","25":"tag-herbeset","26":"tag-palais","27":"tag-paris","28":"tag-spain","29":"tag-vives"},"share_on_mastodon":{"url":"","error":""},"_links":{"self":[{"href":"https:\/\/www.europesays.com\/es\/wp-json\/wp\/v2\/posts\/134988","targetHints":{"allow":["GET"]}}],"collection":[{"href":"https:\/\/www.europesays.com\/es\/wp-json\/wp\/v2\/posts"}],"about":[{"href":"https:\/\/www.europesays.com\/es\/wp-json\/wp\/v2\/types\/post"}],"author":[{"embeddable":true,"href":"https:\/\/www.europesays.com\/es\/wp-json\/wp\/v2\/users\/2"}],"replies":[{"embeddable":true,"href":"https:\/\/www.europesays.com\/es\/wp-json\/wp\/v2\/comments?post=134988"}],"version-history":[{"count":0,"href":"https:\/\/www.europesays.com\/es\/wp-json\/wp\/v2\/posts\/134988\/revisions"}],"wp:featuredmedia":[{"embeddable":true,"href":"https:\/\/www.europesays.com\/es\/wp-json\/wp\/v2\/media\/134989"}],"wp:attachment":[{"href":"https:\/\/www.europesays.com\/es\/wp-json\/wp\/v2\/media?parent=134988"}],"wp:term":[{"taxonomy":"category","embeddable":true,"href":"https:\/\/www.europesays.com\/es\/wp-json\/wp\/v2\/categories?post=134988"},{"taxonomy":"post_tag","embeddable":true,"href":"https:\/\/www.europesays.com\/es\/wp-json\/wp\/v2\/tags?post=134988"}],"curies":[{"name":"wp","href":"https:\/\/api.w.org\/{rel}","templated":true}]}}