{"id":134990,"date":"2025-09-24T00:23:24","date_gmt":"2025-09-24T00:23:24","guid":{"rendered":"https:\/\/www.europesays.com\/es\/134990\/"},"modified":"2025-09-24T00:23:24","modified_gmt":"2025-09-24T00:23:24","slug":"el-franquismo-esta-hibernando-puede-volver-a-nuestras-vidas","status":"publish","type":"post","link":"https:\/\/www.europesays.com\/es\/134990\/","title":{"rendered":"\u201cEl franquismo est\u00e1 hibernando, puede volver a nuestras vidas\u201d"},"content":{"rendered":"<p class=\"paragraph\">Un a\u00f1o y medio despu\u00e9s de publicar Li deien Caracremada, en la que ficcion\u00f3 la historia de Ramon Vila Caracremada, \u2018oficialmente\u2019 el \u00faltimo maquis de Catalunya, el escritor leridano Lloren\u00e7 Capdevila (Alpicat, 1969) \u2018regresa\u2019 a la literatura de resistencia antifranquista, ahora en el libro de relatos Cr\u00f2niques de la veritat prohibida (Pag\u00e8s Editors), en el que doce autores se inspiran en otras tantas obras de arte de la colecci\u00f3n \u2018censurada\u2019 de Tatxo Benet. Se trata del colectivo literario Lola Palau, formado por autores de las comarcas centrales de Catalunya, como el mismo Capdevila, afincado desde hace a\u00f1os en el Bages, o la tambi\u00e9n leridana Maria Dolors Gu\u00e0rdia, de Balaguer y solsonense de adopci\u00f3n.<\/p>\n<p class=\"paragraph\">\u201cQuer\u00edamos tratar sobre la libertad creativa y art\u00edstica, y qu\u00e9 mejor que inspirarnos en obras de arte que en alg\u00fan momento fueron censuradas\u201d, explic\u00f3 Capdevila a SEGRE sobre un libro en el que cada autor, tras visitar el museo, elegi\u00f3 la obra que m\u00e1s le llam\u00f3 la atenci\u00f3n. El escritor leridano eligi\u00f3 una de las piezas m\u00e1s \u2018populares\u2019 de la colecci\u00f3n: Always Franco, del artista madrile\u00f1o Eugenio Merino, en la que una figura del dictador, vestida de \u2018general\u00edsimo\u2019, se exhibe dentro de un frigor\u00edfico dispensador de bebidas, que luce los colores de una muy popular marca de refrescos. \u201cAll\u00ed vi una historia para explicar, porque para m\u00ed, la imagen de un dictador dentro de una nevera, me sugiere que el franquismo est\u00e1 en un estado de hibernaci\u00f3n y que en cualquier momento puede resurgir\u201d, coment\u00f3 Capdevila, colaborador tambi\u00e9n de la revista dominical Lectura de SEGRE.\u00a0<\/p>\n<p class=\"paragraph\">\u201cTambi\u00e9n est\u00e1 ligado al fen\u00f3meno actual del cambio clim\u00e1tico, porque con el \u2018deshielo\u2019 el fascismo puede volver a nuestras vidas\u201d, a\u00f1adi\u00f3 el autor. De hecho, el relato de Capdevila se titula as\u00ed, El desgel, una historia que arranca con la excursi\u00f3n a los Alpes de un grupo de trabajadores de una empresa para fortalecer v\u00ednculos entre ellos. Adem\u00e1s de Capdevila y Gu\u00e0rdia, en este libro firman relatos tambi\u00e9n David Clusellas, Imma Cortina, Pilar Duocastella, Jordi Estrada, Pep Garcia, Xavier Mas Craviotto, Llu\u00eds Montoliu, Antoni Pladevall, Miracle Sala y Josep Maria Sol\u00e0.<\/p>\n<p>Relatos ligados a la colecci\u00f3n \u2018prohibida\u2019 de Tatxo Benet<\/p>\n<p class=\"paragraph\">El colectivo literario Lola Palau se ha inspirado para este libro en el Museu de l\u2019Art Prohibit, que el empresario leridano Tatxo Benet abri\u00f3 en octubre de 2023 en Barcelona, con m\u00e1s de 200 obras censuradas, de artistas como Picasso, Ai Wei Wei, Warhol, Klimt o Banksy. El pasado mes de junio anunci\u00f3 que la pinacoteca se reconvert\u00eda en una colecci\u00f3n art\u00edstica itinerante con exposiciones temporales por todo el mundo.\u00a0<\/p>\n<p class=\"paragraph\">Tatxo Benet decidi\u00f3 as\u00ed volver a los \u2018or\u00edgenes\u2019, cuando en 2020 estren\u00f3 en la Panera de Lleida la primera gran exposici\u00f3n de una treintena de obras de su colecci\u00f3n, entonces bajo el t\u00edtulo de Censured, que comenz\u00f3 a reunir desde febrero de 2018. Fue entonces cuando compr\u00f3 en la feria ARCO de Madrid la serie fotogr\u00e1fica Presos pol\u00edticos, de Santiago Sierra, que en 2019 exhibi\u00f3 en el Museu de Lleida en apoyo a la pinacoteca leridana despu\u00e9s del traslado del arte de Sijena.<\/p>\n","protected":false},"excerpt":{"rendered":"Un a\u00f1o y medio despu\u00e9s de publicar Li deien Caracremada, en la que ficcion\u00f3 la historia de Ramon&hellip;\n","protected":false},"author":2,"featured_media":134991,"comment_status":"","ping_status":"","sticky":false,"template":"","format":"standard","meta":{"footnotes":""},"categories":[172],"tags":[224,146,147,25,24,225,23],"class_list":{"0":"post-134990","1":"post","2":"type-post","3":"status-publish","4":"format-standard","5":"has-post-thumbnail","7":"category-libros","8":"tag-books","9":"tag-entertainment","10":"tag-entretenimiento","11":"tag-es","12":"tag-espana","13":"tag-libros","14":"tag-spain"},"share_on_mastodon":{"url":"","error":""},"_links":{"self":[{"href":"https:\/\/www.europesays.com\/es\/wp-json\/wp\/v2\/posts\/134990","targetHints":{"allow":["GET"]}}],"collection":[{"href":"https:\/\/www.europesays.com\/es\/wp-json\/wp\/v2\/posts"}],"about":[{"href":"https:\/\/www.europesays.com\/es\/wp-json\/wp\/v2\/types\/post"}],"author":[{"embeddable":true,"href":"https:\/\/www.europesays.com\/es\/wp-json\/wp\/v2\/users\/2"}],"replies":[{"embeddable":true,"href":"https:\/\/www.europesays.com\/es\/wp-json\/wp\/v2\/comments?post=134990"}],"version-history":[{"count":0,"href":"https:\/\/www.europesays.com\/es\/wp-json\/wp\/v2\/posts\/134990\/revisions"}],"wp:featuredmedia":[{"embeddable":true,"href":"https:\/\/www.europesays.com\/es\/wp-json\/wp\/v2\/media\/134991"}],"wp:attachment":[{"href":"https:\/\/www.europesays.com\/es\/wp-json\/wp\/v2\/media?parent=134990"}],"wp:term":[{"taxonomy":"category","embeddable":true,"href":"https:\/\/www.europesays.com\/es\/wp-json\/wp\/v2\/categories?post=134990"},{"taxonomy":"post_tag","embeddable":true,"href":"https:\/\/www.europesays.com\/es\/wp-json\/wp\/v2\/tags?post=134990"}],"curies":[{"name":"wp","href":"https:\/\/api.w.org\/{rel}","templated":true}]}}