{"id":135001,"date":"2025-09-24T00:29:09","date_gmt":"2025-09-24T00:29:09","guid":{"rendered":"https:\/\/www.europesays.com\/es\/135001\/"},"modified":"2025-09-24T00:29:09","modified_gmt":"2025-09-24T00:29:09","slug":"anos-de-entrevistas-de-taylor-swift-permiten-a-los-cientificos-analizar-como-cambian-los-patrones-del-habla","status":"publish","type":"post","link":"https:\/\/www.europesays.com\/es\/135001\/","title":{"rendered":"A\u00f1os de entrevistas de Taylor Swift permiten a los cient\u00edficos analizar c\u00f3mo cambian los patrones del habla"},"content":{"rendered":"<p><img decoding=\"async\" class=\"voc-author__img\" src=\"https:\/\/www.europesays.com\/es\/wp-content\/uploads\/2025\/09\/autor-1583-foto-5.jpeg\" alt=\"Jos\u00e9 Manuel Nieves\"\/><\/p>\n<p>23\/09\/2025<br \/>\n<br \/><strong><br \/>\nActualizado a las 20:35h.<br \/>\n<\/strong><\/p>\n<p class=\"voc-p\" style=\"\">Dos investigadores de la Universidad de Minnesota han hallado un modo, inusual pero efectivo, de analizar c\u00f3mo evolucionan las formas de hablar de las personas a lo largo de los a\u00f1os. Una tarea para la que se necesita un completo registro de grabaciones de personas concretas que permita comparar sus expresiones y analizar la <a href=\"https:\/\/www.abc.es\/ciencia\/abci-experimento-monos-chimpances-y-humanos-para-comprender-evolucion-lenguaje-202010212024_noticia.html\" target=\"_self\" data-voc-vtm-id=\"in-text-traffic\" title=\"evoluci\u00f3n del lenguaje\" data-mrf-link=\"www.abc.es\" rel=\"nofollow noopener\">evoluci\u00f3n del lenguaje<\/a> y los dialectos, muestras sonoras de diferentes \u00e9pocas de sus vidas. Y ah\u00ed est\u00e1 el problema. Nadie guarda grabaciones suficientes de s\u00ed mismo para llevar a cabo un estudio semejante. \u00bfNadie?<\/p>\n<p class=\"voc-p\" style=\"\">Para hacerse con el material necesario, a Miski Mohamed y Matthew Winn se les ocurri\u00f3 la idea de recurrir a una de las m\u00e1s famosas cantantes de la historia, una que, desde que era apenas una adolescente, ha grabado cientos de entrevistas para radios y televisiones de todo el mundo: Taylor Swift. Resulta imposible saber cu\u00e1ntas entrevistas existen de la diva, pero lo que es seguro es que el registro abarca muchos a\u00f1os de su vida y es pr\u00e1cticamente inagotable. Por eso, su an\u00e1lisis ha permitido a los cient\u00edficos entender la forma en que Taylor Swift, y las personas en general, van adoptando acentos y dialectos regionales a lo largo de sus vidas. El estudio acaba de publicarse en <a href=\"https:\/\/dx.doi.org\/10.1121\/10.0039052\" target=\"_self\" data-voc-vtm-id=\"in-text-traffic\" title=\"&#039;The Journal of the Acoustical Society of America&#039; (JASA).\" data-mrf-link=\"dx.doi.org\" rel=\"nofollow noopener\">&#8216;The Journal of the Acoustical Society of America&#8217; (JASA).<\/a><\/p>\n<p class=\"voc-p\" style=\"\">Los dos investigadores estudiaron la forma de hablar de Swift a partir de grabaciones de entrevistas que la artista dio cuando viv\u00eda en Nashville, cuando regres\u00f3 a su casa en Pensilvania y cuando se mud\u00f3 a la ciudad de Nueva York. A partir de estas entrevistas, seleccionaron m\u00e1s de 1.400 sonidos vocales y los analizaron utilizando un software creado para tal efecto. <\/p>\n<p class=\"voc-p\" style=\"\">\u00abEsas resonancias -prosigue Winn- indican la forma exacta en que una persona articula una vocal. La clave para analizar dialectos es medir el movimiento de la vocal a trav\u00e9s de la boca desde el principio hasta el final de su pronunciaci\u00f3n, que es lo que la distingue entre dialectos. Hicimos diez mediciones por vocal para mostrar este movimiento, que fue clave para mostrar c\u00f3mo cambiaba su articulaci\u00f3n en las diferentes ciudades\u00bb.<\/p>\n<p class=\"voc-p\" style=\"\">Gracias a este an\u00e1lisis, los investigadores mostraron c\u00f3mo Swift adopt\u00f3 caracter\u00edsticas del acento sure\u00f1o cuando viv\u00eda en Nashville, pronunciando palabras como &#8216;ride&#8217; m\u00e1s como &#8216;rod&#8217;, o cambiando palabras como &#8216;two&#8217; para que sonaran como &#8216;tee-u&#8217;, cosa que que desapareci\u00f3 despu\u00e9s de su regreso a Filadelfia. Mohamed y Winn plantean la hip\u00f3tesis de que el uso del acento sure\u00f1o por parte de Swift pudo ser una forma de integrarse en la comunidad de la m\u00fasica country, en lugar de simplemente conectarse con Nashville como ciudad.<\/p>\n<p class=\"voc-p\" style=\"\">\u00abEl segundo cambio importante que vimos -continua Winn- fue que Taylor baj\u00f3 el tono de su voz cuando se mud\u00f3 a la ciudad de Nueva York. Este fue el momento de su carrera en el que se hizo m\u00e1s conocida por hablar sobre temas de cambio social y feminismo, as\u00ed como sobre los derechos de los m\u00fasicos. A veces, las personas con un tono m\u00e1s bajo son percibidas como una voz de autoridad, y es posible que ella estuviera haciendo uso de esa tendencia para asegurarse de que su mensaje fuera recibido\u00bb.<\/p>\n<p>Reportar un error<\/p>\n","protected":false},"excerpt":{"rendered":"23\/09\/2025 Actualizado a las 20:35h. Dos investigadores de la Universidad de Minnesota han hallado un modo, inusual pero&hellip;\n","protected":false},"author":2,"featured_media":135002,"comment_status":"","ping_status":"","sticky":false,"template":"","format":"standard","meta":{"footnotes":""},"categories":[91],"tags":[31847,988,5580,645,146,147,2958,25,24,4596,7781,42885,23,20130,9274],"class_list":{"0":"post-135001","1":"post","2":"type-post","3":"status-publish","4":"format-standard","5":"has-post-thumbnail","7":"category-entretenimiento","8":"tag-analizar","9":"tag-anos","10":"tag-cambian","11":"tag-cientificos","12":"tag-entertainment","13":"tag-entretenimiento","14":"tag-entrevistas","15":"tag-es","16":"tag-espana","17":"tag-habla","18":"tag-patrones","19":"tag-permiten","20":"tag-spain","21":"tag-swift","22":"tag-taylor"},"share_on_mastodon":{"url":"","error":""},"_links":{"self":[{"href":"https:\/\/www.europesays.com\/es\/wp-json\/wp\/v2\/posts\/135001","targetHints":{"allow":["GET"]}}],"collection":[{"href":"https:\/\/www.europesays.com\/es\/wp-json\/wp\/v2\/posts"}],"about":[{"href":"https:\/\/www.europesays.com\/es\/wp-json\/wp\/v2\/types\/post"}],"author":[{"embeddable":true,"href":"https:\/\/www.europesays.com\/es\/wp-json\/wp\/v2\/users\/2"}],"replies":[{"embeddable":true,"href":"https:\/\/www.europesays.com\/es\/wp-json\/wp\/v2\/comments?post=135001"}],"version-history":[{"count":0,"href":"https:\/\/www.europesays.com\/es\/wp-json\/wp\/v2\/posts\/135001\/revisions"}],"wp:featuredmedia":[{"embeddable":true,"href":"https:\/\/www.europesays.com\/es\/wp-json\/wp\/v2\/media\/135002"}],"wp:attachment":[{"href":"https:\/\/www.europesays.com\/es\/wp-json\/wp\/v2\/media?parent=135001"}],"wp:term":[{"taxonomy":"category","embeddable":true,"href":"https:\/\/www.europesays.com\/es\/wp-json\/wp\/v2\/categories?post=135001"},{"taxonomy":"post_tag","embeddable":true,"href":"https:\/\/www.europesays.com\/es\/wp-json\/wp\/v2\/tags?post=135001"}],"curies":[{"name":"wp","href":"https:\/\/api.w.org\/{rel}","templated":true}]}}