{"id":135007,"date":"2025-09-24T00:32:11","date_gmt":"2025-09-24T00:32:11","guid":{"rendered":"https:\/\/www.europesays.com\/es\/135007\/"},"modified":"2025-09-24T00:32:11","modified_gmt":"2025-09-24T00:32:11","slug":"un-nino-afgano-vuela-a-india-escondiendose-en-el-tren-de-aterrizaje-de-un-avion","status":"publish","type":"post","link":"https:\/\/www.europesays.com\/es\/135007\/","title":{"rendered":"Un ni\u00f1o afgano vuela a India escondi\u00e9ndose en el tren de aterrizaje de un avi\u00f3n"},"content":{"rendered":"<p>      CNN<br \/>\n        \u00a0\u2014\u00a0<\/p>\n<p class=\"paragraph inline-placeholder vossi-paragraph\" data-uri=\"es.cms.cnn.com\/_components\/paragraph\/instances\/cmfwlgeux004k2dp87qpo26mq@published\" data-editable=\"text\" data-component-name=\"paragraph\" data-article-gutter=\"true\">\n            Un ni\u00f1o afgano viaj\u00f3 de Kabul a <a href=\"https:\/\/www.cnn.com\/2024\/11\/20\/india\/delhi-pollution-clinic-smog-climate-intl-hnk\" rel=\"nofollow noopener\" target=\"_blank\">Delhi<\/a> escondi\u00e9ndose en el compartimento del tren de aterrizaje de un avi\u00f3n, dijeron las autoridades indias.\n    <\/p>\n<p class=\"paragraph inline-placeholder vossi-paragraph\" data-uri=\"es.cms.cnn.com\/_components\/paragraph\/instances\/cmfwlhcxx0004356kk7l5iar9@published\" data-editable=\"text\" data-component-name=\"paragraph\" data-article-gutter=\"true\">\n            El ni\u00f1o, que seg\u00fan las autoridades ten\u00eda unos 13 a\u00f1os, fue encontrado deambulando por la pista cerca de donde el avi\u00f3n hab\u00eda estacionado poco despu\u00e9s de que aterrizara el domingo por la ma\u00f1ana, <strong\/>seg\u00fan un comunicado de la Fuerza de Seguridad Industrial Central de la India.\n    <\/p>\n<p class=\"paragraph inline-placeholder vossi-paragraph\" data-uri=\"es.cms.cnn.com\/_components\/paragraph\/instances\/cmfwlhcxy0005356kxrsjjs2y@published\" data-editable=\"text\" data-component-name=\"paragraph\" data-article-gutter=\"true\">\n            Cuando lo interrogaron, las autoridades descubrieron que era de Kunduz, en el norte de Afganist\u00e1n, y que hab\u00eda viajado escondido en el \u201ctren de aterrizaje central trasero\u201d de un avi\u00f3n de KAM Airlines, agreg\u00f3 el comunicado.\n    <\/p>\n<p class=\"paragraph inline-placeholder vossi-paragraph\" data-uri=\"es.cms.cnn.com\/_components\/paragraph\/instances\/cmfwlhcxy0006356kyv773pdg@published\" data-editable=\"text\" data-component-name=\"paragraph\" data-article-gutter=\"true\">\n            Tambi\u00e9n encontraron un peque\u00f1o altavoz rojo en la zona donde se escond\u00eda el ni\u00f1o. Fue repatriado a Afganist\u00e1n ese mismo d\u00eda.\n    <\/p>\n<p class=\"paragraph inline-placeholder vossi-paragraph\" data-uri=\"es.cms.cnn.com\/_components\/paragraph\/instances\/cmfwlgnf30000356k6eg52kol@published\" data-editable=\"text\" data-component-name=\"paragraph\" data-article-gutter=\"true\">\n            La distancia entre Kabul y Delhi es de unos 1.000 kil\u00f3metros (621 millas) y el vuelo dur\u00f3 aproximadamente una hora y media.\n    <\/p>\n<p class=\"paragraph inline-placeholder vossi-paragraph\" data-uri=\"es.cms.cnn.com\/_components\/paragraph\/instances\/cmfwlhya5000c356knw2cabb7@published\" data-editable=\"text\" data-component-name=\"paragraph\" data-article-gutter=\"true\">\n            Esconderse en el hueco de la rueda de un avi\u00f3n es el m\u00e9todo m\u00e1s com\u00fan utilizado por los polizones en sus codiciados viajes, aunque es incre\u00edblemente peligroso.\n    <\/p>\n<p class=\"paragraph inline-placeholder vossi-paragraph\" data-uri=\"es.cms.cnn.com\/_components\/paragraph\/instances\/cmfwlhya5000d356kmnwz44qc@published\" data-editable=\"text\" data-component-name=\"paragraph\" data-article-gutter=\"true\">\n            M\u00e1s del 77 % de las personas que intentaron viajar ilegalmente en un avi\u00f3n murieron, afirm\u00f3 la Administraci\u00f3n Federal de Aviaci\u00f3n en 2019.\n    <\/p>\n<p class=\"paragraph inline-placeholder vossi-paragraph\" data-uri=\"es.cms.cnn.com\/_components\/paragraph\/instances\/cmfwlhya5000e356kkoezrm7x@published\" data-editable=\"text\" data-component-name=\"paragraph\" data-article-gutter=\"true\">\n            Los polizones a menudo quedan aplastados cuando el tren de aterrizaje se retrae, ya que no hay mucho espacio; en muchos aviones, el espacio es incluso m\u00e1s peque\u00f1o que el maletero de un autom\u00f3vil.\n    <\/p>\n<p class=\"paragraph inline-placeholder vossi-paragraph\" data-uri=\"es.cms.cnn.com\/_components\/paragraph\/instances\/cmfwlhya5000f356k00aume1r@published\" data-editable=\"text\" data-component-name=\"paragraph\" data-article-gutter=\"true\">\n            A medida que el vuelo alcanza mayor altitud, las condiciones empeoran. Los niveles de ox\u00edgeno se reducen considerablemente y los polizones a menudo tienen dificultades para mantenerse conscientes. Durante el vuelo, la temperatura exterior del avi\u00f3n puede descender dr\u00e1sticamente, con el riesgo de congelaci\u00f3n e incluso hipotermia.<strong\/>\n    <\/p>\n<p class=\"paragraph_contributors inline-placeholder vossi-paragraph_contributors\" data-uri=\"es.cms.cnn.com\/_components\/paragraph\/instances\/cmfwlhya5000g356kebwvqpgc@published\" data-editable=\"text\" data-component-name=\"paragraph\" data-article-gutter=\"true\">\n            Nicole Chavez de CNN contribuy\u00f3 con este informe.\n    <\/p>\n","protected":false},"excerpt":{"rendered":"CNN \u00a0\u2014\u00a0 Un ni\u00f1o afgano viaj\u00f3 de Kabul a Delhi escondi\u00e9ndose en el compartimento del tren de aterrizaje&hellip;\n","protected":false},"author":2,"featured_media":135008,"comment_status":"","ping_status":"","sticky":false,"template":"","format":"standard","meta":{"footnotes":""},"categories":[42],"tags":[3197,17,18,13,14,11,9035,61,62,63,64,19,20,9,10,15,16,12,21,22,65,66,67],"class_list":{"0":"post-135007","1":"post","2":"type-post","3":"status-publish","4":"format-standard","5":"has-post-thumbnail","7":"category-internacional","8":"tag-avion","9":"tag-breaking-news","10":"tag-breakingnews","11":"tag-featured-news","12":"tag-featurednews","13":"tag-headlines","14":"tag-india","15":"tag-internacional","16":"tag-international","17":"tag-international-news","18":"tag-internationalnews","19":"tag-latest-news","20":"tag-latestnews","21":"tag-news","22":"tag-noticias","23":"tag-noticias-destacadas","24":"tag-noticiasdestacadas","25":"tag-titulares","26":"tag-ultimas-noticias","27":"tag-ultimasnoticias","28":"tag-world","29":"tag-world-news","30":"tag-worldnews"},"share_on_mastodon":{"url":"","error":""},"_links":{"self":[{"href":"https:\/\/www.europesays.com\/es\/wp-json\/wp\/v2\/posts\/135007","targetHints":{"allow":["GET"]}}],"collection":[{"href":"https:\/\/www.europesays.com\/es\/wp-json\/wp\/v2\/posts"}],"about":[{"href":"https:\/\/www.europesays.com\/es\/wp-json\/wp\/v2\/types\/post"}],"author":[{"embeddable":true,"href":"https:\/\/www.europesays.com\/es\/wp-json\/wp\/v2\/users\/2"}],"replies":[{"embeddable":true,"href":"https:\/\/www.europesays.com\/es\/wp-json\/wp\/v2\/comments?post=135007"}],"version-history":[{"count":0,"href":"https:\/\/www.europesays.com\/es\/wp-json\/wp\/v2\/posts\/135007\/revisions"}],"wp:featuredmedia":[{"embeddable":true,"href":"https:\/\/www.europesays.com\/es\/wp-json\/wp\/v2\/media\/135008"}],"wp:attachment":[{"href":"https:\/\/www.europesays.com\/es\/wp-json\/wp\/v2\/media?parent=135007"}],"wp:term":[{"taxonomy":"category","embeddable":true,"href":"https:\/\/www.europesays.com\/es\/wp-json\/wp\/v2\/categories?post=135007"},{"taxonomy":"post_tag","embeddable":true,"href":"https:\/\/www.europesays.com\/es\/wp-json\/wp\/v2\/tags?post=135007"}],"curies":[{"name":"wp","href":"https:\/\/api.w.org\/{rel}","templated":true}]}}