{"id":135009,"date":"2025-09-24T00:33:15","date_gmt":"2025-09-24T00:33:15","guid":{"rendered":"https:\/\/www.europesays.com\/es\/135009\/"},"modified":"2025-09-24T00:33:15","modified_gmt":"2025-09-24T00:33:15","slug":"detenido-un-cura-de-toledo-en-torremolinos-con-cocaina-rosa","status":"publish","type":"post","link":"https:\/\/www.europesays.com\/es\/135009\/","title":{"rendered":"Detenido un cura de Toledo en Torremolinos con coca\u00edna rosa"},"content":{"rendered":"<p style=\"\">Un sacerdote de Toledo ha sido detenido por la Polic\u00eda Nacional en Torremolinos con una gran cantidad de coca\u00edna rosa, tambi\u00e9n llamado &#8216;tusi&#8217;. El Arzobispado de Toledo ha confirmado la <strong>detenci\u00f3n del sacerdote<\/strong>, pero desmiente que sea  el rector del Seminario Mayor de Toledo.<\/p>\n<p class=\"voc-p\" style=\"\">En este sentido, confirma la detenci\u00f3n de un sacerdote de la Archidi\u00f3cesis y lamenta profundamente los hechos que han causado la detenci\u00f3n. Adem\u00e1s, <strong>reprueba cualquier conducta delictiva<\/strong> que presuntamente hubiera podido cometer el sacerdote.<\/p>\n<p class=\"voc-p\" style=\"\">Al mismo tiempo expresa su plena confianza en la justicia y, aunque considera que la responsabilidad de los hechos corresponde al \u00e1mbito personal del detenido, <strong>manifiesta su disposici\u00f3n a colaborar<\/strong> con ella.<\/p>\n<p class=\"voc-p\" style=\"\">Por su parte, el Arzobispado ha abierto investigaciones y le ha <strong>apartado cautelarmente del ejercicio<\/strong> del ministerio y de su oficio. Al mismo tiempo pide perd\u00f3n al Pueblo de Dios por los da\u00f1os morales que puedan ocasionar los presuntos delitos de un sacerdote de la archidi\u00f3cesis.<\/p>\n<p class=\"voc-p\" style=\"\">Seg\u00fan las informaciones sobre la situaci\u00f3n, el sacerdote iba <strong>acompa\u00f1ado de otros tres hombre<\/strong>s en un veh\u00edculo alquilado ir de fiesta a Torremolinos. Fue parado en una identificaci\u00f3n rutinaria. En ese control, los agentes ya hallaron una cantidad importante de esta sustancia estupefaciente. <\/p>\n<p class=\"voc-p\" style=\"\">La cantidad no se pod\u00eda considerar para uso propio, as\u00ed que los agentes de la polic\u00eda nacional<strong> fueron hasta la vivienda tur\u00edstica<\/strong> donde se alojaban para su registro, donde hab\u00eda m\u00e1s drogas. Finalmente, el sacerdote fue arrestado como presunto autor de un delito contra la salud p\u00fablica. <\/p>\n","protected":false},"excerpt":{"rendered":"Un sacerdote de Toledo ha sido detenido por la Polic\u00eda Nacional en Torremolinos con una gran cantidad de&hellip;\n","protected":false},"author":2,"featured_media":135010,"comment_status":"","ping_status":"","sticky":false,"template":"","format":"standard","meta":{"footnotes":""},"categories":[8],"tags":[17,18,2357,17365,8838,25,24,13,14,11,19,20,9,10,15,16,2465,23,12,1952,42886,21,22],"class_list":{"0":"post-135009","1":"post","2":"type-post","3":"status-publish","4":"format-standard","5":"has-post-thumbnail","7":"category-espana","8":"tag-breaking-news","9":"tag-breakingnews","10":"tag-cocaina","11":"tag-cura","12":"tag-detenido","13":"tag-es","14":"tag-espana","15":"tag-featured-news","16":"tag-featurednews","17":"tag-headlines","18":"tag-latest-news","19":"tag-latestnews","20":"tag-news","21":"tag-noticias","22":"tag-noticias-destacadas","23":"tag-noticiasdestacadas","24":"tag-rosa","25":"tag-spain","26":"tag-titulares","27":"tag-toledo","28":"tag-torremolinos","29":"tag-ultimas-noticias","30":"tag-ultimasnoticias"},"share_on_mastodon":{"url":"","error":""},"_links":{"self":[{"href":"https:\/\/www.europesays.com\/es\/wp-json\/wp\/v2\/posts\/135009","targetHints":{"allow":["GET"]}}],"collection":[{"href":"https:\/\/www.europesays.com\/es\/wp-json\/wp\/v2\/posts"}],"about":[{"href":"https:\/\/www.europesays.com\/es\/wp-json\/wp\/v2\/types\/post"}],"author":[{"embeddable":true,"href":"https:\/\/www.europesays.com\/es\/wp-json\/wp\/v2\/users\/2"}],"replies":[{"embeddable":true,"href":"https:\/\/www.europesays.com\/es\/wp-json\/wp\/v2\/comments?post=135009"}],"version-history":[{"count":0,"href":"https:\/\/www.europesays.com\/es\/wp-json\/wp\/v2\/posts\/135009\/revisions"}],"wp:featuredmedia":[{"embeddable":true,"href":"https:\/\/www.europesays.com\/es\/wp-json\/wp\/v2\/media\/135010"}],"wp:attachment":[{"href":"https:\/\/www.europesays.com\/es\/wp-json\/wp\/v2\/media?parent=135009"}],"wp:term":[{"taxonomy":"category","embeddable":true,"href":"https:\/\/www.europesays.com\/es\/wp-json\/wp\/v2\/categories?post=135009"},{"taxonomy":"post_tag","embeddable":true,"href":"https:\/\/www.europesays.com\/es\/wp-json\/wp\/v2\/tags?post=135009"}],"curies":[{"name":"wp","href":"https:\/\/api.w.org\/{rel}","templated":true}]}}