{"id":135015,"date":"2025-09-24T00:36:40","date_gmt":"2025-09-24T00:36:40","guid":{"rendered":"https:\/\/www.europesays.com\/es\/135015\/"},"modified":"2025-09-24T00:36:40","modified_gmt":"2025-09-24T00:36:40","slug":"morante-mas-de-un-mes-despues-esperando-la-paradita","status":"publish","type":"post","link":"https:\/\/www.europesays.com\/es\/135015\/","title":{"rendered":"Morante m\u00e1s de un mes despu\u00e9s: \u00abEsperando la paradita\u00bb"},"content":{"rendered":"<p>\u00abPara mantener las costumbres y las maneras tradicionales. A eso dedicamos nuestra vida\u00bb. El restaurante Valencia del centro de Salamanca recibe al cliente con esta invocaci\u00f3n tan alejada de la cursiler\u00eda del gastrobar.<\/p>\n<p>En todas las mesas se hablaba de toros sin tapujos el domingo al mediod\u00eda; en todas las mesas se hablaba de Morante. Pero no era una clientela de acento fuere\u00f1o, no; lo m\u00e1s lejos, Valladolid o Madrid, Y sin darle la menor coba al torero. A ver si hoy no nos desilusiona tras la bronce del viernes: \u00e9se era el sentir. Pasi\u00f3n y justicia. <\/p>\n<p>Despu\u00e9s, el maestro les volvi\u00f3 a convencer dos d\u00edas despu\u00e9s en la misma temporada en la que ha cortado un rabo en La Glorieta, una de sus plazas fetiche.<\/p>\n<p>Ni que decir tiene que Morante mantuvo las costumbres y las maneras tradicionales. Porque a eso ha dedicado su vida de torero -su vida-, con distinguido y frecuente resultado de \u00e9xito absoluto en este quinquenio. <\/p>\n<p>            <a class=\"articulo-relacionado__media\" href=\"https:\/\/www.elindependiente.com\/tendencias\/2025\/08\/10\/lo-de-morante-con-roca-va-a-colear\/\" title=\"Lo de Morante (con Roca) va a colear\" rel=\"nofollow noopener\" target=\"_blank\"><\/p>\n<p>                <img loading=\"lazy\" decoding=\"async\" src=\"data:image\/svg+xml,%3Csvg%20xmlns=\" http:=\"\" width=\"390\" height=\"220\" alt=\"Lo de Morante (con Roca) va a colear\" data-lazy-src=\"https:\/\/www.europesays.com\/es\/wp-content\/uploads\/2025\/09\/photo-2025-08-09-21-35-27-scaled-e1754784043248-390x220.jpg\"\/><\/p>\n<p>\t\t\t            <\/a><\/p>\n<p>\u00a0\u00abHe conseguido esa redondez que me hab\u00eda faltado otras veces; en El Puerto (de Santa Mar\u00eda) me tuve que tirar al suelo porque el toro me com\u00eda, aquel toro fue muy complicado y no pude redondearlo l\u00facidamente, aqu\u00ed s\u00ed.\u00a0Aqu\u00ed ha sido y aqu\u00ed se quedar\u00e1 para siempre\u00bb, <a href=\"https:\/\/www.lagacetadesalamanca.es\/toros\/morante-recital-capote-glorieta-quedara-siempre-20250921214714-nt.html\" rel=\"nofollow noopener\" target=\"_blank\">declar\u00f3 a Iv\u00e1n Ramajo, de La Gaceta,<\/a> peri\u00f3dico insuperable de morantismo,. Se refer\u00eda a ese saludo sin nombre com\u00fanmente aceptado en forma de recorte con medio capotillo. <\/p>\n<p>El cuerpo a tierra fue efectivamente necesario en El Puerto. Morante iba achicando los terrenos y sali\u00f3 como pudo del apurado trance. Luego vino lo que vino, en dos maravillosas tardes en la que sin duda ha sido una de las ferias de la temporada.<\/p>\n<p>De aquello ha pasado tiempo y la experiencia de reencontrarse con el Genio m\u00e1s de un mes despu\u00e9s anima los esp\u00edritus. Hace lo que no hace nadie, y de qu\u00e9 manera lo hace. <\/p>\n<p>En alguno de esos pasajes de otras latitudes y pulsos, uno se imaginaba la Glorieta llena de sombreros. La reacci\u00f3n fue cari\u00f1osa sin exageraciones, con el temple de la tierra, que cuando el p\u00fablico se levant\u00f3 como un resorte fue con la noria de Borja Jim\u00e9nez a ese misterioso toro de Capea que embest\u00eda como una locomotora.<\/p>\n<p>Morante es un suceso, y al suceso le quedan media docena de fechas esta temporada. De Logro\u00f1o y Zaragoza a Zafra y \u00dabeda. Sevilla con Canal Sur en directo y, por supuesto, el doblete de Madrid el 12 de octubre, que se antoja meta final. Sold out el festival y la corrida al instante de salir a la venta los boletos, as\u00ed se las gasta en las cibercompras el Bad Bunny de La Puebla.<\/p>\n<blockquote class=\"twitter-tweet\" data-width=\"550\" data-dnt=\"true\">\n<p lang=\"es\" dir=\"ltr\">[ \ud83d\udcfd \ud835\uddd8\ud835\udde1 \ud835\udde9\ud835\udddc\ud835\uddd7\ud835\uddd8\ud835\udde2 ]<\/p>\n<p>Resumen de la 6\u00aa de Abono de la \ud835\udc6d\ud835\udc86\ud835\udc93\ud835\udc8a\ud835\udc82 \ud835\udc85\ud835\udc86 \ud835\udc8d\ud835\udc82 \ud835\udc7d\ud835\udc8a\ud835\udc93\ud835\udc88\ud835\udc86\ud835\udc8f \ud835\udc85\ud835\udc86 \ud835\udc8d\ud835\udc82 \ud835\udc7d\ud835\udc86\ud835\udc88\ud835\udc82<\/p>\n<p>\ud83d\udd39 Corrida Concurso de Ganader\u00edas para \ud835\udc74\ud835\udc90\ud835\udc93\ud835\udc82\ud835\udc8f\ud835\udc95\ud835\udc86 \ud835\udc85\ud835\udc86 \ud835\udc8d\ud835\udc82 \ud835\udc77\ud835\udc96\ud835\udc86\ud835\udc83\ud835\udc8d\ud835\udc82, \ud835\udc68\ud835\udc8d\ud835\udc86\ud835\udc8b\ud835\udc82\ud835\udc8f\ud835\udc85\ud835\udc93\ud835\udc90 \ud835\udc7b\ud835\udc82\ud835\udc8d\ud835\udc82\ud835\udc97\ud835\udc82\ud835\udc8f\ud835\udc95\ud835\udc86 \ud835\udc9a \ud835\udc69\ud835\udc90\ud835\udc93\ud835\udc8b\ud835\udc82 \ud835\udc71\ud835\udc8a\ud835\udc8e\ud835\udc86\u0301\ud835\udc8f\ud835\udc86\ud835\udc9b <a href=\"https:\/\/t.co\/9nsI2sKidF\" rel=\"nofollow\">pic.twitter.com\/9nsI2sKidF<\/a><\/p>\n<p>\u2014 Plaza de Toros de Salamanca &#8211; La Glorieta (@Toros_Salamanca) <a href=\"https:\/\/twitter.com\/Toros_Salamanca\/status\/1969884232810893500?ref_src=twsrc%5Etfw\" rel=\"nofollow noopener\" target=\"_blank\">September 21, 2025<\/a><\/p><\/blockquote>\n<p>Su cabeza no para de inventar, acogi\u00e9ndose a las tradiciones; su cuerpo, aparentemente m\u00e1s fino, reposa en la arena con una insultante puesta en escena en un ladrillo, y por aqu\u00ed va a ser, tiene que ser y es. Entre los labios se escapa un improperio por ese molesto viento que se nota m\u00e1s abajo que arriba, y que hace todo lo posible por estorbar en mitad de la obra. El cuarto, de Matilla, se prest\u00f3 para las maravillas capoteras y se raj\u00f3 con descaro en la muleta. El premio de la concurso fue para su primero, Corchoso, de Garcigrande, el mejor en el caballo aunque luego le pesara en la muleta con buen son pero menos br\u00edo.<\/p>\n<p>Leer c\u00f3mo lo cuenta Morante siempre instruye: \u00abMi primer toro, fue un toro muy Garcigrande. Lo de Gracigrande a veces lo mismo se van por fuera un poquito que se meten por dentro.\u00a0Ha sido un toro no que no era f\u00e1cil y m\u00e1s con el aire, que a veces tambi\u00e9n se hace m\u00e1s dif\u00edcil taparle la cara. La verdad es que el toro por el lado derecho s\u00ed que lo hac\u00eda muy bien y por el lado izquierdo <strong>hab\u00eda que esperar la paradita.<\/strong>\u00a0Y esperando la paradita y poni\u00e9ndola, poni\u00e9ndosela de verdad, el toro acud\u00eda con buen son\u00bb.<\/p>\n<p>Esperar la paradita, dijo en La Gaceta.<\/p>\n<p>Morante mantiene las maneras tradicionales, pero es la revoluci\u00f3n, la ca\u00f1a.<\/p>\n<p>            <a class=\"articulo-relacionado__media\" href=\"https:\/\/www.elindependiente.com\/tendencias\/2025\/08\/14\/morantistas-neomorantistas-y-antimorantistas\/\" title=\"Morantistas, neomorantistas y antimorantistas\" rel=\"nofollow noopener\" target=\"_blank\"><\/p>\n<p>                <img loading=\"lazy\" decoding=\"async\" src=\"data:image\/svg+xml,%3Csvg%20xmlns=\" http:=\"\" width=\"390\" height=\"220\" alt=\"Morantistas, neomorantistas y antimorantistas\" data-lazy-src=\"https:\/\/www.europesays.com\/es\/wp-content\/uploads\/2025\/09\/europapress-6746225-torero-morante-puebla-festejo-feria-jerez-frontera-24-mayo-2025-jerez-390x220.jp.jpeg\"\/><\/p>\n<p>\t\t\t            <\/a><\/p>\n<p>PUBLICIDAD<\/p>\n<p><script async src=\"https:\/\/platform.twitter.com\/widgets.js\" charset=\"utf-8\"><\/script><\/p>\n","protected":false},"excerpt":{"rendered":"\u00abPara mantener las costumbres y las maneras tradicionales. A eso dedicamos nuestra vida\u00bb. El restaurante Valencia del centro&hellip;\n","protected":false},"author":2,"featured_media":135016,"comment_status":"","ping_status":"","sticky":false,"template":"","format":"standard","meta":{"footnotes":""},"categories":[277],"tags":[373,168,25,24,19218,23,167,374,444],"class_list":{"0":"post-135015","1":"post","2":"type-post","3":"status-publish","4":"format-standard","5":"has-post-thumbnail","7":"category-toreo","8":"tag-bullfighting","9":"tag-deportes","10":"tag-es","11":"tag-espana","12":"tag-redaccion","13":"tag-spain","14":"tag-sports","15":"tag-toreo","16":"tag-toros"},"share_on_mastodon":{"url":"","error":""},"_links":{"self":[{"href":"https:\/\/www.europesays.com\/es\/wp-json\/wp\/v2\/posts\/135015","targetHints":{"allow":["GET"]}}],"collection":[{"href":"https:\/\/www.europesays.com\/es\/wp-json\/wp\/v2\/posts"}],"about":[{"href":"https:\/\/www.europesays.com\/es\/wp-json\/wp\/v2\/types\/post"}],"author":[{"embeddable":true,"href":"https:\/\/www.europesays.com\/es\/wp-json\/wp\/v2\/users\/2"}],"replies":[{"embeddable":true,"href":"https:\/\/www.europesays.com\/es\/wp-json\/wp\/v2\/comments?post=135015"}],"version-history":[{"count":0,"href":"https:\/\/www.europesays.com\/es\/wp-json\/wp\/v2\/posts\/135015\/revisions"}],"wp:featuredmedia":[{"embeddable":true,"href":"https:\/\/www.europesays.com\/es\/wp-json\/wp\/v2\/media\/135016"}],"wp:attachment":[{"href":"https:\/\/www.europesays.com\/es\/wp-json\/wp\/v2\/media?parent=135015"}],"wp:term":[{"taxonomy":"category","embeddable":true,"href":"https:\/\/www.europesays.com\/es\/wp-json\/wp\/v2\/categories?post=135015"},{"taxonomy":"post_tag","embeddable":true,"href":"https:\/\/www.europesays.com\/es\/wp-json\/wp\/v2\/tags?post=135015"}],"curies":[{"name":"wp","href":"https:\/\/api.w.org\/{rel}","templated":true}]}}