{"id":135027,"date":"2025-09-24T00:44:14","date_gmt":"2025-09-24T00:44:14","guid":{"rendered":"https:\/\/www.europesays.com\/es\/135027\/"},"modified":"2025-09-24T00:44:14","modified_gmt":"2025-09-24T00:44:14","slug":"edad-de-donde-es-quienes-son-sus-hijos-y-todas-las-parejas-que-ha-tenido","status":"publish","type":"post","link":"https:\/\/www.europesays.com\/es\/135027\/","title":{"rendered":"edad, de d\u00f3nde es, qui\u00e9nes son sus hijos y todas las parejas que ha tenido"},"content":{"rendered":"<p><strong>Mar Flores<\/strong> lleva semanas en el punto de mira de la prensa del coraz\u00f3n, sobre todo<a href=\"https:\/\/okdiario.com\/look\/actualidad\/mar-flores-da-campanada-elogios-alejandra-rubio-regreso-tv-2377305\" rel=\"nofollow noopener\" target=\"_blank\"> debido a la publicaci\u00f3n de sus memorias<\/a>. Un libro titulado Mar en calma y que ha generado un aut\u00e9ntico revuelo, sobre todo entre los hombres que han marcado la vida de la modelo. As\u00ed, vamos a hacer un repaso sobre la vida de Flores y algunos de los aspectos clave de su biograf\u00eda: desde su origen, a sus hijos o las parejas que ha tenido.<\/p>\n<p>A sus 56 a\u00f1os, lo cierto es que Mar ha tenido una vida repleta de giros inesperados, donde<strong> ha enlazado el \u00e9xito profesional con su vida amorosa<\/strong>. La modelo nac\u00eda un 11 de junio de 1969 y se criaba en el humilde barrio de Usera, hasta que dio el salto a la fama tras presentarse a un concurso de belleza en 1989.<\/p>\n<p>\n<img decoding=\"async\" loading=\"lazy\" class=\"wp-image-2262649 size-full\" alt=\"Mar Flores\" width=\"1800\" height=\"1013\"  src=\"https:\/\/www.europesays.com\/es\/wp-content\/uploads\/2025\/09\/1758214691_923_placeholder.jpg\"  bad-src=\"https:\/\/www.europesays.com\/es\/wp-content\/uploads\/2025\/09\/1758214691_923_placeholder.jpg\"\/><\/p>\n<p><img decoding=\"async\" loading=\"lazy\" class=\"wp-image-2262649 size-full\" src=\"https:\/\/www.europesays.com\/es\/wp-content\/uploads\/2025\/09\/fotojet-2025-04-02t130055.071.jpg\" alt=\"Mar Flores\" width=\"1800\" height=\"1013\"  \/><\/p>\n<p> Mar Flores. (FOTO: GTRES)\n<\/p>\n<p>La dura infancia y adolescencia de Mar Flores<\/p>\n<p>Tal y como desvelaba ella misma, su adolescencia no fue nada f\u00e1cil, ya que <strong>siempre se sinti\u00f3 \u00abel patito feo\u00bb<\/strong>, y no llegaba a encajar con las otras chicas de clase. Sobre todo, por su altura, -mide 1,82-, y su delgadez. \u00abNo ten\u00eda amistades y me sent\u00eda excluida y acomplejada\u00bb, se sinceraba en una entrevista sobre esa parte de su juventud.<\/p>\n<p>Un d\u00eda, mientras iba caminando por la calle, Mar fue interceptada por un cazatalentos que la invitaba a participar en un certamen de belleza que iba en busca de la cara m\u00e1s bonita de Espa\u00f1a. As\u00ed,<strong> Flores saltaba al foco medi\u00e1tico tras ser nombrada Rostro de los Noventa en el a\u00f1o 1989.<\/strong><\/p>\n<p>\n<img decoding=\"async\" loading=\"lazy\" class=\"wp-image-2386046 size-full\" alt=\"Mar Flores en 2001. (Foto: Gtres)\" width=\"1403\" height=\"2126\"  src=\"https:\/\/www.europesays.com\/es\/wp-content\/uploads\/2025\/09\/1758214691_923_placeholder.jpg\"  bad-src=\"https:\/\/www.europesays.com\/es\/wp-content\/uploads\/2025\/09\/1758214691_923_placeholder.jpg\"\/><\/p>\n<p><img decoding=\"async\" loading=\"lazy\" class=\"wp-image-2386046 size-full\" src=\"https:\/\/www.europesays.com\/es\/wp-content\/uploads\/2025\/09\/a00054369_002.jpg\" alt=\"Mar Flores en 2001. (Foto: Gtres)\" width=\"1403\" height=\"2126\"  \/><\/p>\n<p> Mar Flores en 2001. (Foto: Gtres)\n<\/p>\n<p>A partir de ese momento, su nombre y belleza comenzaron a llamar la atenci\u00f3n de las agencias y medios de comunicaci\u00f3n, apareciendo en gran cantidad de revistas. Adem\u00e1s, tambi\u00e9n daba el salto a la televisi\u00f3n y sorprendi\u00f3 con su faceta como presentadora o actriz.<\/p>\n<p>Los amores de la vida de la modelo<\/p>\n<p>En cuanto a su historial amoroso, tambi\u00e9n resulta bastante llamativo; <strong>empezando por Bert\u00edn Osborne<\/strong>, que fue uno de los primeros romances medi\u00e1ticos en la vida de la modelo. Ambos coincidieron mientras Mar presentaba el programa VIP Coraz\u00f3n. Sin embargo, la relaci\u00f3n fue breve y no llegaba ser nada serio.<\/p>\n<p>Despu\u00e9s,<a href=\"https:\/\/okdiario.com\/look\/actualidad\/carlo-costanzia-cara-cara-palabras-mas-duras-mar-flores-2383333\" rel=\"nofollow noopener\" target=\"_blank\"> Flores conoc\u00eda\u00a0 a uno de los hombres que ha marcado su vida<\/a>: <strong>Carlo Costanzia di Costiglione<\/strong>, un arist\u00f3crata y empresario italiano. Con tan solo 23 a\u00f1os, le daba el \u00abs\u00ed quiero\u00bb, pero poco despu\u00e9s firmaban el divorcio, tras haberse convertido en padres de su primer hijo en com\u00fan: Carlo, que lleva el mismo nombre que su padre.<\/p>\n<p>Actualmente, la relaci\u00f3n entre madre e hijo tambi\u00e9n est\u00e1 en el punto de mira, ya que se especula que el joven estar\u00eda bastante molesto con su madre e incluso evitar\u00eda cruzarse con ella fuera de los sets de grabaci\u00f3n de DecoMasters, -reality donde participan juntos-. De hecho, muchos han interpretado <strong>el reciente posado familiar que protagonizaban Carlo y su pareja<\/strong>, Alejandra Rubio, junto a Carlo Costanzia padre en el 60 cumplea\u00f1os de Terelu Campos, como una clara se\u00f1al de apoyo.<\/p>\n<p>\n<img decoding=\"async\" loading=\"lazy\" class=\"wp-image-2386050 size-full\" alt=\"Mar Flores y Carlo Costanzia. (Foto: Gtres)\" width=\"1843\" height=\"1306\"  src=\"https:\/\/www.europesays.com\/es\/wp-content\/uploads\/2025\/09\/1758214691_923_placeholder.jpg\"  bad-src=\"https:\/\/www.europesays.com\/es\/wp-content\/uploads\/2025\/09\/1758214691_923_placeholder.jpg\"\/><\/p>\n<p><img decoding=\"async\" loading=\"lazy\" class=\"wp-image-2386050 size-full\" src=\"https:\/\/www.europesays.com\/es\/wp-content\/uploads\/2025\/09\/a00024000.jpg\" alt=\"Mar Flores y Carlo Costanzia. (Foto: Gtres)\" width=\"1843\" height=\"1306\"  \/><\/p>\n<p> Mar Flores y Carlo Costanzia. (Foto: Gtres)\n<\/p>\n<p>Tambi\u00e9n cabe destacar la relaci\u00f3n que Mar mantuvo con\u00a0<b>Fernando Fern\u00e1dez-Tapias<\/b>, uno de los hombres m\u00e1s poderosos de aquel momento. Sin embargo, muchos aseguran que manten\u00eda un romance paralelo con Alessandro Lequio durante ese mismo per\u00edodo. Versi\u00f3n que Lequio ha sostenido a lo largo de los a\u00f1os, adem\u00e1s de reconocer que <strong>hizo todo lo posible por romper la relaci\u00f3n entre Tapias y Flores<\/strong>. De hecho, ser\u00eda el responsable de la filtraci\u00f3n de esas comprometidas im\u00e1genes en las que aparece bes\u00e1ndose con el conde en Roma.<\/p>\n<p>\n<img decoding=\"async\" loading=\"lazy\" class=\"wp-image-2386055 size-full\" alt=\"Mar Flores y Fernando Fern\u00e1ndez-Tapias. (Foto: Gtres)\" width=\"2098\" height=\"1450\"  src=\"https:\/\/www.europesays.com\/es\/wp-content\/uploads\/2025\/09\/1758214691_923_placeholder.jpg\"  bad-src=\"https:\/\/www.europesays.com\/es\/wp-content\/uploads\/2025\/09\/1758214691_923_placeholder.jpg\"\/><\/p>\n<p><img decoding=\"async\" loading=\"lazy\" class=\"wp-image-2386055 size-full\" src=\"https:\/\/www.europesays.com\/es\/wp-content\/uploads\/2025\/09\/a00027874.jpg\" alt=\"Mar Flores y Fernando Fern\u00e1ndez-Tapias. (Foto: Gtres)\" width=\"2098\" height=\"1450\"  \/><\/p>\n<p> Mar Flores y Fernando Fern\u00e1ndez-Tapias. (Foto: Gtres)\n<\/p>\n<p>Otro hombre que marc\u00f3 la vida de Flores fue <b>Cayetano Mart\u00ednez de Irujo,<\/b> considerado uno de los solteros de oro de la \u00e9poca y con el que mantuvo una relaci\u00f3n que duraba poco m\u00e1s de dos a\u00f1os. Sin embargo, y tras estas continuas idas y venidas en el amor, la modelo encontraba la estabilidad junto al empresario Javier Merino. La pareja se casaba en 2001, y tuvo cuatro hijos durante los 17 a\u00f1os que duraba su matrimonio: <b>Mauro, Beltr\u00e1n, Bruno y Dar\u00edo.<\/b><\/p>\n<p>\n<img decoding=\"async\" loading=\"lazy\" class=\"wp-image-2386060 size-full\" alt=\"Mar Flores y Javier Merino. (Foto: Gtres)\" width=\"2560\" height=\"1707\"  src=\"https:\/\/www.europesays.com\/es\/wp-content\/uploads\/2025\/09\/1758214691_923_placeholder.jpg\"  bad-src=\"https:\/\/www.europesays.com\/es\/wp-content\/uploads\/2025\/09\/1758214691_923_placeholder.jpg\"\/><\/p>\n<p><img decoding=\"async\" loading=\"lazy\" class=\"wp-image-2386060 size-full\" src=\"https:\/\/www.europesays.com\/es\/wp-content\/uploads\/2025\/09\/a00054318_002-scaled.jpg\" alt=\"Mar Flores y Javier Merino. (Foto: Gtres)\" width=\"2560\" height=\"1707\"  \/><\/p>\n<p> Mar Flores y Javier Merino. (Foto: Gtres)\n<\/p>\n<p>La \u00faltima relaci\u00f3n conocida de Flores fue con el empresario mexicano El\u00edas Sacal, a quien conoci\u00f3 en 2016, y con el que ha protagonizado varias rupturas y reconciliaciones hasta ponerle punto y final definitivo a su historia de amor.<\/p>\n","protected":false},"excerpt":{"rendered":"Mar Flores lleva semanas en el punto de mira de la prensa del coraz\u00f3n, sobre todo debido a&hellip;\n","protected":false},"author":2,"featured_media":84731,"comment_status":"","ping_status":"","sticky":false,"template":"","format":"standard","meta":{"footnotes":""},"categories":[174],"tags":[255,146,147,25,24,256,9892,23],"class_list":{"0":"post-135027","1":"post","2":"type-post","3":"status-publish","4":"format-standard","5":"has-post-thumbnail","7":"category-famosos","8":"tag-celebrities","9":"tag-entertainment","10":"tag-entretenimiento","11":"tag-es","12":"tag-espana","13":"tag-famosos","14":"tag-mar-flores","15":"tag-spain"},"share_on_mastodon":{"url":"","error":""},"_links":{"self":[{"href":"https:\/\/www.europesays.com\/es\/wp-json\/wp\/v2\/posts\/135027","targetHints":{"allow":["GET"]}}],"collection":[{"href":"https:\/\/www.europesays.com\/es\/wp-json\/wp\/v2\/posts"}],"about":[{"href":"https:\/\/www.europesays.com\/es\/wp-json\/wp\/v2\/types\/post"}],"author":[{"embeddable":true,"href":"https:\/\/www.europesays.com\/es\/wp-json\/wp\/v2\/users\/2"}],"replies":[{"embeddable":true,"href":"https:\/\/www.europesays.com\/es\/wp-json\/wp\/v2\/comments?post=135027"}],"version-history":[{"count":0,"href":"https:\/\/www.europesays.com\/es\/wp-json\/wp\/v2\/posts\/135027\/revisions"}],"wp:featuredmedia":[{"embeddable":true,"href":"https:\/\/www.europesays.com\/es\/wp-json\/wp\/v2\/media\/84731"}],"wp:attachment":[{"href":"https:\/\/www.europesays.com\/es\/wp-json\/wp\/v2\/media?parent=135027"}],"wp:term":[{"taxonomy":"category","embeddable":true,"href":"https:\/\/www.europesays.com\/es\/wp-json\/wp\/v2\/categories?post=135027"},{"taxonomy":"post_tag","embeddable":true,"href":"https:\/\/www.europesays.com\/es\/wp-json\/wp\/v2\/tags?post=135027"}],"curies":[{"name":"wp","href":"https:\/\/api.w.org\/{rel}","templated":true}]}}