{"id":135051,"date":"2025-09-24T00:57:07","date_gmt":"2025-09-24T00:57:07","guid":{"rendered":"https:\/\/www.europesays.com\/es\/135051\/"},"modified":"2025-09-24T00:57:07","modified_gmt":"2025-09-24T00:57:07","slug":"entre-cuatro-y-cinco-meses-de-baja-para-gavi-tras-tener-que-suturarle-el-menisco-interno-futbol","status":"publish","type":"post","link":"https:\/\/www.europesays.com\/es\/135051\/","title":{"rendered":"Entre cuatro y cinco meses de baja para Gavi tras tener que suturarle el menisco interno | F\u00fatbol"},"content":{"rendered":"<p>El FC Barcelona ha confirmado las peores noticias tras la intervenci\u00f3n quir\u00fargica a la que se ha sometido Gavi este martes. El centrocampista andaluz ten\u00eda que pasar por quir\u00f3fano por una rotura en el menisco interno de su rodilla derecha, la misma que ya se lesion\u00f3 de gravedad en el pasado. El club cul\u00e9 ha confirmado que, durante esa artroscopia, se ha tenido que suturar el menisco para preservar su integridad. Por este motivo, el tiempo de recuperaci\u00f3n estimado rondar\u00e1 los cuatro o cinco meses. <\/p>\n<p>M\u00e1s informaci\u00f3n<\/p>\n<p>Se trata de un aut\u00e9ntico mazazo para la temporada del jugador, que hab\u00eda tratado de evitar el quir\u00f3fano por todas las v\u00edas posibles. De hecho, incluso se hab\u00eda sometido a un tratamiento conservador para intentar mitigar la lesi\u00f3n, hasta que los servicios m\u00e9dicos del club concluyeron que lo mejor era intervenirle con una artroscopia este martes.<\/p>\n<p>Seg\u00fan inform\u00f3 Adri\u00e0 Albets este mismo lunes en &#8216;El Larguero&#8217;, las primeras previsiones para una intervenci\u00f3n poco invasiva como la artroscopia apuntaban a una baja de unas seis semanas. Sin embargo, al tener que suturar el menisco para solucionar la rotura, el tiempo de baja ha aumentado considerablemente. Con cuatro meses de baja, Gavi volver\u00eda en el mejor de los casos para finales de enero. <\/p>\n<p>Gavi apenas ha disputado minutos en dos de los seis partidos que ha disputado el Bar\u00e7a en este inicio de temporada, concretamente en las dos primeras jornadas de LaLiga. Tuvo 21 minutos en el debut ante el Mallorca (0-3), d\u00f3nde reparti\u00f3 una asistencia; y otros 45&#8242; en el 2-3 frente al Levante de la jornada 2.<\/p>\n<p>Comunicado m\u00e9dico<\/p>\n<p>El jugador del primer equipo Pablo P\u00e1ez Gavira &#8216;Gavi&#8217; se ha sometido a una artroscopia para solucionar la lesi\u00f3n en el menisco interno. Se ha procedido a suturarlo con el fin de preservar el menisco. El tiempo de recuperaci\u00f3n se estima en torno a 4-5 meses.<\/p>\n<blockquote class=\"twitter-tweet\">\n<p lang=\"es\" dir=\"ltr\">\ud835\udc02\ud835\udc0e\ud835\udc0c\ud835\udc14\ud835\udc0d\ud835\udc08\ud835\udc02\ud835\udc00\ud835\udc03\ud835\udc0e \ud835\udc0c\ud835\udc04\u0301\ud835\udc03\ud835\udc08\ud835\udc02\ud835\udc0e<\/p>\n<p>El jugador del primer equipo Pablo P\u00e1ez Gavira &#8216;\ud835\udc06\ud835\udc1a\ud835\udc2f\ud835\udc22&#8217; se ha sometido a una artroscopia para solucionar la lesi\u00f3n en el menisco interno. Se ha procedido a suturarlo con el fin de preservar el menisco. El tiempo de recuperaci\u00f3n se estima en\u2026 <a href=\"https:\/\/t.co\/CnhDrHCbPY\" rel=\"nofollow\">pic.twitter.com\/CnhDrHCbPY<\/a><\/p>\n<p>\u2014 FC Barcelona (@FCBarcelona_es) <a href=\"https:\/\/twitter.com\/FCBarcelona_es\/status\/1970561778716418125?ref_src=twsrc%5Etfw\" rel=\"nofollow noopener\" target=\"_blank\">September 23, 2025<\/a><\/p><\/blockquote>\n<p><script async src=\"https:\/\/platform.twitter.com\/widgets.js\" charset=\"utf-8\"><\/script><\/p>\n","protected":false},"excerpt":{"rendered":"El FC Barcelona ha confirmado las peores noticias tras la intervenci\u00f3n quir\u00fargica a la que se ha sometido&hellip;\n","protected":false},"author":2,"featured_media":135052,"comment_status":"","ping_status":"","sticky":false,"template":"","format":"standard","meta":{"footnotes":""},"categories":[5],"tags":[17,18,25,24,13,14,11,19,20,9,10,15,16,23,12,21,22],"class_list":{"0":"post-135051","1":"post","2":"type-post","3":"status-publish","4":"format-standard","5":"has-post-thumbnail","7":"category-titulares","8":"tag-breaking-news","9":"tag-breakingnews","10":"tag-es","11":"tag-espana","12":"tag-featured-news","13":"tag-featurednews","14":"tag-headlines","15":"tag-latest-news","16":"tag-latestnews","17":"tag-news","18":"tag-noticias","19":"tag-noticias-destacadas","20":"tag-noticiasdestacadas","21":"tag-spain","22":"tag-titulares","23":"tag-ultimas-noticias","24":"tag-ultimasnoticias"},"share_on_mastodon":{"url":"","error":""},"_links":{"self":[{"href":"https:\/\/www.europesays.com\/es\/wp-json\/wp\/v2\/posts\/135051","targetHints":{"allow":["GET"]}}],"collection":[{"href":"https:\/\/www.europesays.com\/es\/wp-json\/wp\/v2\/posts"}],"about":[{"href":"https:\/\/www.europesays.com\/es\/wp-json\/wp\/v2\/types\/post"}],"author":[{"embeddable":true,"href":"https:\/\/www.europesays.com\/es\/wp-json\/wp\/v2\/users\/2"}],"replies":[{"embeddable":true,"href":"https:\/\/www.europesays.com\/es\/wp-json\/wp\/v2\/comments?post=135051"}],"version-history":[{"count":0,"href":"https:\/\/www.europesays.com\/es\/wp-json\/wp\/v2\/posts\/135051\/revisions"}],"wp:featuredmedia":[{"embeddable":true,"href":"https:\/\/www.europesays.com\/es\/wp-json\/wp\/v2\/media\/135052"}],"wp:attachment":[{"href":"https:\/\/www.europesays.com\/es\/wp-json\/wp\/v2\/media?parent=135051"}],"wp:term":[{"taxonomy":"category","embeddable":true,"href":"https:\/\/www.europesays.com\/es\/wp-json\/wp\/v2\/categories?post=135051"},{"taxonomy":"post_tag","embeddable":true,"href":"https:\/\/www.europesays.com\/es\/wp-json\/wp\/v2\/tags?post=135051"}],"curies":[{"name":"wp","href":"https:\/\/api.w.org\/{rel}","templated":true}]}}