{"id":135057,"date":"2025-09-24T01:02:11","date_gmt":"2025-09-24T01:02:11","guid":{"rendered":"https:\/\/www.europesays.com\/es\/135057\/"},"modified":"2025-09-24T01:02:11","modified_gmt":"2025-09-24T01:02:11","slug":"la-historica-pelea-en-ufc-194-montilla-digital","status":"publish","type":"post","link":"https:\/\/www.europesays.com\/es\/135057\/","title":{"rendered":"la hist\u00f3rica pelea en UFC 194 ~ Montilla Digital"},"content":{"rendered":"<p>Conor McGregor y Jos\u00e9 Aldo se enfrentaron en UFC 194 en diciembre de 2015. Este combate fue toda una sensaci\u00f3n: aficionados de todo el mundo siguieron el evento con el coraz\u00f3n en un pu\u00f1o. Muchos no solo estaban pendientes del resultado, sino que tambi\u00e9n buscaban a\u00f1adir emoci\u00f3n a la experiencia. Por eso, <a href=\"https:\/\/ni1xbet.com\/es\/registration\" target=\"_blank\" rel=\"nofollow noopener\">si quieres empezar a apostar en l\u00ednea, reg\u00edstrate en 1xBet y aprovecha todas las promociones disponibles<\/a>; as\u00ed la transmisi\u00f3n ser\u00e1 a\u00fan m\u00e1s emocionante. McGregor hizo historia en la UFC al vencer en un tiempo r\u00e9cord de solo 13 segundos, logrando el nocaut m\u00e1s r\u00e1pido y convirti\u00e9ndose en campe\u00f3n.<\/p>\n<p><a href=\"https:\/\/www.europesays.com\/es\/wp-content\/uploads\/2025\/09\/20250923cmg.jpg\" style=\"display: block; padding: 1em 0px; text-align: center;\"><img decoding=\"async\" alt=\"\" border=\"0\" data-original-height=\"966\" data-original-width=\"1500\" src=\"https:\/\/www.europesays.com\/es\/wp-content\/uploads\/2025\/09\/20250923cmg.jpg\"\/><\/a><\/p>\n<p>\nPreparaci\u00f3n y estrategia antes del combate<br \/>\n<br \/>\nAntes de la pelea, el renombrado deportista se prepar\u00f3 minuciosamente, analizando el estilo y las debilidades del campe\u00f3n. Su enfoque incluy\u00f3:<\/p>\n<ul>\n<li>Entrenamientos intensivos enfocados en la velocidad y la reacci\u00f3n.<\/li>\n<p><\/p>\n<li>Estudio detallado de las grabaciones de las peleas de Jos\u00e9 Aldo.<\/li>\n<p><\/p>\n<li>Sparrings con compa\u00f1eros que imitaban el estilo del rival.<\/li>\n<p><\/p>\n<li>Preparaci\u00f3n psicol\u00f3gica para salir confiado al combate por el t\u00edtulo.<\/li>\n<\/ul>\n<p>\nEsta preparaci\u00f3n permiti\u00f3 a McGregor estar listo para cualquier imprevisto y aprovechar al m\u00e1ximo sus fortalezas.<br \/>\n13 segundos que entraron en la historia<br \/>\n<br \/>\nDesde los primeros segundos, Conor mostr\u00f3 una velocidad y precisi\u00f3n incre\u00edbles. Sorprendi\u00f3 a Aldo con un r\u00e1pido golpe de izquierda que dej\u00f3 al campe\u00f3n desconcertado y lo hizo caer al suelo. Por primera vez, un peleador logr\u00f3 la victoria en menos de treinta segundos. Qu\u00e9 nos ense\u00f1\u00f3 esta pelea:<\/p>\n<ul>\n<li>La velocidad y la precisi\u00f3n son m\u00e1s importantes que la fuerza bruta.<\/li>\n<p><\/p>\n<li>La presi\u00f3n psicol\u00f3gica sobre el oponente juega un papel clave.<\/li>\n<p><\/p>\n<li>La preparaci\u00f3n y la estrategia pueden decidir el resultado antes de que llegue la mitad del combate.<\/li>\n<p><\/p>\n<li>La confianza en uno mismo convierte al peleador en alguien impredecible.<\/li>\n<\/ul>\n<p>\nCada momento del combate demostr\u00f3 la maestr\u00eda de Conor y su habilidad para controlar la situaci\u00f3n dentro del ring.<br \/>\nImpacto de la victoria y la emoci\u00f3n de los aficionados<br \/>\n<br \/>\nLa victoria sobre Aldo consolid\u00f3 el estatus de McGregor como uno de los mejores peleadores en la historia de la UFC. Fans de todo el mundo debatieron sobre la pelea, revivieron el nocaut una y otra vez, y se inspiraron en su ejemplo. Para quienes quieren a\u00f1adir emoci\u00f3n y poner a prueba su pensamiento estrat\u00e9gico, existen plataformas de apuestas: incluso fuera del oct\u00e1gono, muchos intentan predecir los resultados. Y <b>si quieres empezar a apostar en l\u00ednea usando estrategia, reg\u00edstrate en 1xBet y aprovecha todas las promociones disponibles<\/b> y prueba con confianza tus pron\u00f3sticos. La pelea en UFC 194 se convirti\u00f3 en un evento que marc\u00f3 un antes y un despu\u00e9s en la historia de las artes marciales mixtas, y la maestr\u00eda de McGregor sigue inspirando a nuevas generaciones de deportistas.<\/p>\n<p><\/p>\n<p><a href=\"https:\/\/jugarbien.es\/\" rel=\"sponsored nofollow noopener\" target=\"_blank\"><img decoding=\"async\" alt=\"JUGAR BIEN \u00b7 JUGAR CON RESPONSABILIDAD\" src=\"https:\/\/www.europesays.com\/es\/wp-content\/uploads\/2025\/09\/20231223juegoresponsable-faldon.jpg\" width=\"849\"\/><\/a><\/p>\n","protected":false},"excerpt":{"rendered":"Conor McGregor y Jos\u00e9 Aldo se enfrentaron en UFC 194 en diciembre de 2015. Este combate fue toda&hellip;\n","protected":false},"author":2,"featured_media":135058,"comment_status":"","ping_status":"","sticky":false,"template":"","format":"standard","meta":{"footnotes":""},"categories":[276],"tags":[168,25,24,23,167,343],"class_list":{"0":"post-135057","1":"post","2":"type-post","3":"status-publish","4":"format-standard","5":"has-post-thumbnail","7":"category-ufc","8":"tag-deportes","9":"tag-es","10":"tag-espana","11":"tag-spain","12":"tag-sports","13":"tag-ufc"},"share_on_mastodon":{"url":"","error":""},"_links":{"self":[{"href":"https:\/\/www.europesays.com\/es\/wp-json\/wp\/v2\/posts\/135057","targetHints":{"allow":["GET"]}}],"collection":[{"href":"https:\/\/www.europesays.com\/es\/wp-json\/wp\/v2\/posts"}],"about":[{"href":"https:\/\/www.europesays.com\/es\/wp-json\/wp\/v2\/types\/post"}],"author":[{"embeddable":true,"href":"https:\/\/www.europesays.com\/es\/wp-json\/wp\/v2\/users\/2"}],"replies":[{"embeddable":true,"href":"https:\/\/www.europesays.com\/es\/wp-json\/wp\/v2\/comments?post=135057"}],"version-history":[{"count":0,"href":"https:\/\/www.europesays.com\/es\/wp-json\/wp\/v2\/posts\/135057\/revisions"}],"wp:featuredmedia":[{"embeddable":true,"href":"https:\/\/www.europesays.com\/es\/wp-json\/wp\/v2\/media\/135058"}],"wp:attachment":[{"href":"https:\/\/www.europesays.com\/es\/wp-json\/wp\/v2\/media?parent=135057"}],"wp:term":[{"taxonomy":"category","embeddable":true,"href":"https:\/\/www.europesays.com\/es\/wp-json\/wp\/v2\/categories?post=135057"},{"taxonomy":"post_tag","embeddable":true,"href":"https:\/\/www.europesays.com\/es\/wp-json\/wp\/v2\/tags?post=135057"}],"curies":[{"name":"wp","href":"https:\/\/api.w.org\/{rel}","templated":true}]}}