{"id":13506,"date":"2025-07-30T08:29:04","date_gmt":"2025-07-30T08:29:04","guid":{"rendered":"https:\/\/www.europesays.com\/es\/13506\/"},"modified":"2025-07-30T08:29:04","modified_gmt":"2025-07-30T08:29:04","slug":"le-dije-que-soy-muy-mayor-para-el-y-ahora-ni-me-saluda","status":"publish","type":"post","link":"https:\/\/www.europesays.com\/es\/13506\/","title":{"rendered":"Le dije que soy muy mayor para \u00e9l, y ahora ni me saluda"},"content":{"rendered":"<p class=\"paragraph\" id=\"paragraph_1\">En una revelaci\u00f3n que ha sorprendido al tenis mundial, la jugadora\u00a0<strong>Veronika Kudermetova<\/strong> ha desvelado detalles de un inesperado intento de cortejo dentro del circuito en el podcast La primavera nos llama, dirigido por <strong>Elena Vesnina<\/strong>.<\/p>\n<p class=\"paragraph\" id=\"paragraph_2\">Kudermetova, de 28 a\u00f1os y nacionalidad rusa, relat\u00f3 que el tenista dan\u00e9s <strong>Holger Rune<\/strong>, de 22 a\u00f1os, recurri\u00f3 a varios mensajes directos en Instagram con la intenci\u00f3n de iniciar una relaci\u00f3n m\u00e1s all\u00e1 de la amistad deportiva.<\/p>\n<p class=\"paragraph\" id=\"paragraph_3\">\u00abLe dije a Rune que soy demasiado mayor para \u00e9l y que si mirara mi Instagram, se dar\u00eda cuenta de que estoy casada\u00bb, explic\u00f3 la jugadora rusa, dejando claro que su respuesta fue contundente desde el primer mensaje recibido.<\/p>\n<p><img loading=\"lazy\" decoding=\"async\" alt=\"Alexander Zverev, durante un partido en Roland Garros\" height=\"180\" src=\"https:\/\/www.europesays.com\/es\/wp-content\/uploads\/2025\/07\/861423897_243860001_320x180.jpg\" width=\"320\" data-lazy-status=\"processed\" data-lazy-info=\"remove loading item 1\"\/><\/p>\n<p class=\"paragraph\" id=\"paragraph_4\"><strong>Sergei Demekhine<\/strong>, entrenador y exjugador de 41 a\u00f1os, es el esposo de Kudermetova, circunstancia que reforz\u00f3 su rechazo. La tenista quiso dejar claro que su vida sentimental no admit\u00eda coqueteos ajenos.<\/p>\n<p class=\"paragraph\" id=\"paragraph_5\">La respuesta de Rune no se hizo esperar: \u00abMe respondi\u00f3 diciendo que lo sent\u00eda, y desde ese momento, ni me saluda cuando nos cruzamos por los torneos\u00bb, relat\u00f3 Kudermetova entre risas por la escenas vivida.<\/p>\n<p class=\"paragraph\" id=\"paragraph_6\">Este episodio coincidi\u00f3 en el tiempo con la relaci\u00f3n sentimental que Rune mantiene con la modelo <strong>Carolina Donzella<\/strong>, lo que a\u00f1ade un nuevo cap\u00edtulo de pol\u00e9mica al entorno medi\u00e1tico que rodea al joven tenista dan\u00e9s.<\/p>\n<p>Rune y Kudermetova<\/p>\n<p class=\"paragraph\" id=\"paragraph_7\">Holger Rune lleg\u00f3 a alcanzar el n\u00famero 4 del mundo y actualmente figura en el puesto n\u00famero 9 del ranking <strong>ATP,<\/strong> mientras que Veronika Kudermetova ostenta dos t\u00edtulos en su palmar\u00e9s y ocupa el puesto 40 en la clasificaci\u00f3n <strong>WTA.<\/strong><\/p>\n<p class=\"paragraph\" id=\"paragraph_8\">La tenista rusa ha logrado dos t\u00edtulos profesionales y lleg\u00f3 a ser top nueve mundial. Su presencia en dobles e individuales la ha convertido en una de las tenistas m\u00e1s constantes del circuito, con algunas destacadas en torneos de Grand\u00a0Slam.<\/p>\n<p><img decoding=\"async\" alt=\"Jannik Sinner y Nick Kyrgios, en un fotomontaje\" height=\"180\" loading=\"lazy\" width=\"320\" data-lazy-status=\"processed\" id=\"36331d46a1\" src=\"https:\/\/www.elespanol.com\/deportes\/tenis\/20250730\/calabazas-estrella-tenis-dije-mayor-ahora-saluda\/[\" https:=\"\" data-lazy-info=\"changed src\"\/><\/p>\n<p class=\"paragraph\" id=\"paragraph_9\">Las redes sociales estallaron tras la confesi\u00f3n: usuarios criticaron la supuesta &#8216;rotura de c\u00f3digos&#8217; y otros defendieron la sinceridad de Kudermetova. El contraste entre la profesionalidad deportiva y la an\u00e9cdota personal gener\u00f3 m\u00faltiples debates.<\/p>\n<p class=\"paragraph\" id=\"paragraph_10\">Mientras tanto, Rune mantiene la concentraci\u00f3n en la pista: esta semana debut\u00f3 en el Masters\u00a01.000 de Toronto venciendo en dos sets al franc\u00e9s <strong>Giovanni Mpetshi Perricard<\/strong> y se prepara para su siguiente encuentro frente a <strong>Alexandre M\u00fcller<\/strong>, este jueves.<\/p>\n<p><img decoding=\"async\" alt=\"Holger Rune, en Wimbledon 2023\" data-imgm=\"true\" height=\"180\" loading=\"lazy\"  src=\"https:\/\/www.europesays.com\/es\/wp-content\/uploads\/2025\/07\/778432840_257653153_1024x576.jpg\"  width=\"320\"\/><\/p>\n<p>                                                            Holger Rune, en Wimbledon 2023<\/p>\n<p>                    Reuters<\/p>\n<p class=\"paragraph\" id=\"paragraph_11\"><a href=\"https:\/\/www.elespanol.com\/deportes\/tenis\/20250729\/carlos-alcaraz-anos-inicio-leyenda-umag-queens-batiendo-records-coleccionando-titulos\/1003743865970_0.html?utm_cmp_rs=linksinline\" rel=\"nofollow noopener\" target=\"_blank\">En un panorama donde figuras como <strong>Carlos Alcaraz<\/strong> y <strong>Jannik Sinner<\/strong> lideran la renovaci\u00f3n del tenis<\/a>, las an\u00e9cdotas extradeportivas recuerdan que, m\u00e1s all\u00e1 de los rankings, los deportistas tambi\u00e9n viven historias personales que traspasan el cuadro central.<\/p>\n<p class=\"paragraph\" id=\"paragraph_12\">El podcast La primavera nos llama, conducido por la extenista Elena\u00a0Vesnina, se ha convertido en una plataforma de referencia para las voces femeninas del tenis, permitiendo momentos de autenticidad y confidencias inusuales en entrevistas distendidas.<\/p>\n<p><img decoding=\"async\" alt=\"Serena Williams, durante sus vacaciones en una imagen en sus redes sociales\" height=\"180\" loading=\"lazy\" width=\"320\" data-lazy-status=\"processed\" id=\"52a02e096d\" src=\"https:\/\/www.elespanol.com\/deportes\/tenis\/20250730\/calabazas-estrella-tenis-dije-mayor-ahora-saluda\/[\" https:=\"\" data-lazy-info=\"changed src\"\/><\/p>\n<p class=\"paragraph\" id=\"paragraph_13\">Este suceso podr\u00eda afectar la din\u00e1mica entre ambos en pr\u00f3ximos torneos, ya que el distanciamiento gestado tras la negativa de Kudermetova y su iniciativa para hacerlo p\u00fablico seguiro seguir\u00e1n dando que hablar.<\/p>\n","protected":false},"excerpt":{"rendered":"En una revelaci\u00f3n que ha sorprendido al tenis mundial, la jugadora\u00a0Veronika Kudermetova ha desvelado detalles de un inesperado&hellip;\n","protected":false},"author":2,"featured_media":13507,"comment_status":"","ping_status":"","sticky":false,"template":"","format":"standard","meta":{"footnotes":""},"categories":[274],"tags":[9165,9166,168,25,24,23,167,327,326],"class_list":{"0":"post-13506","1":"post","2":"type-post","3":"status-publish","4":"format-standard","5":"has-post-thumbnail","7":"category-tenis","8":"tag-asociacion-de-tenis-femenino-wta","9":"tag-atp-asociacion-de-tenistas-profesionales","10":"tag-deportes","11":"tag-es","12":"tag-espana","13":"tag-spain","14":"tag-sports","15":"tag-tenis","16":"tag-tennis"},"share_on_mastodon":{"url":"","error":""},"_links":{"self":[{"href":"https:\/\/www.europesays.com\/es\/wp-json\/wp\/v2\/posts\/13506","targetHints":{"allow":["GET"]}}],"collection":[{"href":"https:\/\/www.europesays.com\/es\/wp-json\/wp\/v2\/posts"}],"about":[{"href":"https:\/\/www.europesays.com\/es\/wp-json\/wp\/v2\/types\/post"}],"author":[{"embeddable":true,"href":"https:\/\/www.europesays.com\/es\/wp-json\/wp\/v2\/users\/2"}],"replies":[{"embeddable":true,"href":"https:\/\/www.europesays.com\/es\/wp-json\/wp\/v2\/comments?post=13506"}],"version-history":[{"count":0,"href":"https:\/\/www.europesays.com\/es\/wp-json\/wp\/v2\/posts\/13506\/revisions"}],"wp:featuredmedia":[{"embeddable":true,"href":"https:\/\/www.europesays.com\/es\/wp-json\/wp\/v2\/media\/13507"}],"wp:attachment":[{"href":"https:\/\/www.europesays.com\/es\/wp-json\/wp\/v2\/media?parent=13506"}],"wp:term":[{"taxonomy":"category","embeddable":true,"href":"https:\/\/www.europesays.com\/es\/wp-json\/wp\/v2\/categories?post=13506"},{"taxonomy":"post_tag","embeddable":true,"href":"https:\/\/www.europesays.com\/es\/wp-json\/wp\/v2\/tags?post=13506"}],"curies":[{"name":"wp","href":"https:\/\/api.w.org\/{rel}","templated":true}]}}