{"id":135081,"date":"2025-09-24T01:25:12","date_gmt":"2025-09-24T01:25:12","guid":{"rendered":"https:\/\/www.europesays.com\/es\/135081\/"},"modified":"2025-09-24T01:25:12","modified_gmt":"2025-09-24T01:25:12","slug":"de-las-peleas-clandestinas-a-la-gran-carpa-de-las-artes-marciales-mixtas-esta-a-una-victoria-de-llegar-a-la-ufc","status":"publish","type":"post","link":"https:\/\/www.europesays.com\/es\/135081\/","title":{"rendered":"de las peleas clandestinas a la gran carpa de las Artes Marciales Mixtas; est\u00e1 a una victoria de llegar a la UFC"},"content":{"rendered":"<p>Apenas pisa la lona del oct\u00e1gono se transforma en un guerrero que posee todos los poderes y el talento que distinguen a un experto en artes marciales, con habilidades en el boxeo, el jiu-jitsu brasile\u00f1o, el\u00a0muay thai, el kickboxing y la lucha en el suelo, una de sus especialidades, para noquear, someter o finalizar a su rival.<\/p>\n<p>Y no pod\u00eda ser diferente, pues tampoco es casual que en parte de su pecho, hombro y brazo derecho sobresalga en su piel un enorme tatuaje muy bien logrado de un drag\u00f3n, <b>su aut\u00e9ntica inspiraci\u00f3n, Goku, el guerrero saiyajin<\/b><b>, protagonista de Dragon Ball, la exitosa serie animada japonesa que marc\u00f3 el punto de partida del artista marcial<\/b> bogotano cuando ten\u00eda 16 a\u00f1os, casi la mitad de la edad que hoy tiene (32).<\/p>\n<p>El bogotano<b> Javier \u2018Blair\u2019 Reyes tendr\u00e1 este martes el combate m\u00e1s importante de su trayectoria deportiva cuando busque hacer realidad su sue\u00f1o de firmar con la UFC<\/b> (Ultimate Fighting Championship), la compa\u00f1\u00eda estadounidense m\u00e1s prestigiosa de MMA \u2013Artes Marciales Mixtas- en el mundo -que es como cuando un piloto llega a la F-1, la m\u00e1xima categor\u00eda del automovilismo- y congrega a los mejores peleadores del escalaf\u00f3n en esta disciplina, cuyo mandam\u00e1s es el ya c\u00e9lebre Dana White, distinguido por ser uno de los mayores promotores de prospectos en y compa\u00f1\u00eda en la que han hecho historia figuras como el pol\u00e9mico, pero tambi\u00e9n carism\u00e1tico <b>Conor McGregor, Jon \u2018Bones\u2019 Jones, Anderson Silva o Khabib Nurmagomedov<\/b>, por apenas mencionar un pu\u00f1ado de destacados exponentes.<\/p>\n<p class=\"c-leatambien__titulo\"> LEA TAMBI\u00c9N <\/p>\n<p><img decoding=\"async\" alt=\"Millonarios\" width=\"120\" height=\"120\" loading=\"lazy\" src=\"https:\/\/imagenes2.eltiempo.com\/files\/image_120_120\/files\/fp\/uploads\/2025\/09\/21\/68d06d5b64f57.r_d.469-469.jpeg\" data-full-src=\"https:\/\/www.europesays.com\/es\/wp-content\/uploads\/2025\/09\/68d06d5b64f57.jpeg\"\/><\/p>\n<p class=\"c-cuerpo__media__txt\">Prospectos y aficionados firmaron la bandera que le entregaron a &#8216;Blair&#8217; antes de su viaje. Foto:\u00a0SBF MMA- Mania<\/p>\n<p>Dragon Ball, la primera inspiraci\u00f3n<\/p>\n<p>\u201cDesde peque\u00f1o siempre me gust\u00f3 pelear, influy\u00f3 mucho la serie de Dragon Ball, y su protagonista, Goku, por su esp\u00edritu guerrero y su coraz\u00f3n valiente. Recuerdo que las primeras 10 peleas, todas clandestinas, de esas en las que vale todo, sin peso pactado, que se programaban en bares o \u2018metederos\u2019 nocturnos, las gan\u00e9 relativamente f\u00e1cil, ni siquiera entrenaba, era llegar a darnos a los golpes y patadas y sacar provecho de la habilidad y el aguante. Claro, en algunas ocasiones terminaba cascado, pero eso hac\u00eda parte de todo mi proceso\u201d, relat\u00f3 con detalle \u2018Blair\u2019, quien tambi\u00e9n es estudiante de Ciencias del Deporte de la Universidad de Cundinamarca, mientras era saludado por j\u00f3venes y amigos durante un reciente <b>encuentro vespertino de \u2018MMA Mania Bogot\u00e1\u2019 en Chapinero, una de las programaciones en las cuales se pueden observar a los mejores representantes de escuelas y gimnasios de artes marciales en Bogot\u00e1<\/b>.<\/p>\n<p class=\"c-leatambien__titulo\"> LEA TAMBI\u00c9N <\/p>\n<p><img decoding=\"async\" alt=\"Jhon Dur\u00e1n\" width=\"120\" height=\"120\" loading=\"lazy\" src=\"https:\/\/imagenes2.eltiempo.com\/files\/image_120_120\/files\/fp\/uploads\/2025\/09\/21\/68d0a2503dca5.r_d.232-372-1378.jpeg\" data-full-src=\"https:\/\/www.europesays.com\/es\/wp-content\/uploads\/2025\/09\/68d0a2503dca5.jpeg\"\/>Algunas veces le dec\u00eda que hab\u00eda estado en fiestas de rock metal, que me encanta, y que hab\u00eda salido magullado por el pogo, esa era la disculpa o la mentira piadosa<\/p>\n<p>&#8216;blair&#8217; reyesluchador de MMA<\/p>\n<p>\u201cA mi mam\u00e1 no le gustaba que peleara, no lo ve\u00eda con buenos ojos y me rega\u00f1aba. Incluso, por ah\u00ed, en alguna ocasi\u00f3n, amenaz\u00f3 con demandar el lugar donde se escenificaban los combates si yo segu\u00eda metido en ese mundo, bueno, nunca pas\u00f3. Algunas veces le dec\u00eda que hab\u00eda estado en fiestas de rock metal, que me encanta, y que hab\u00eda salido magullado por el pogo, esa era la disculpa o la mentira piadosa. Despu\u00e9s de los a\u00f1os, cuando ya vio mi avance y que esa era mi pasi\u00f3n y mi profesi\u00f3n, ya acept\u00f3 esa realidad y ahora se siente orgullosa, pero el inicio fue complicado\u201d, agreg\u00f3 entre risas durante su charla el luchador, quien ostenta una marca de 50 peleas, con apenas cinco derrotas en todo su historial deportivo en sus combates en distintas promotoras a nivel nacional y continental, como <b>Combate Global o la Legacy Fighting Alliance (LFA), con sede en Houston, Texas, Estados Unidos<\/b>, y que hace parte de la antesala a la UFC.<\/p>\n<p class=\"c-leatambien__titulo\"> LEA TAMBI\u00c9N <\/p>\n<p><img decoding=\"async\" alt=\"James Rodr\u00edguez\" width=\"120\" height=\"120\" loading=\"lazy\" src=\"https:\/\/imagenes2.eltiempo.com\/files\/image_120_120\/files\/fp\/uploads\/2025\/04\/16\/67ff99be62c92.r_d.1401-464-1467.jpeg\" data-full-src=\"https:\/\/www.europesays.com\/es\/wp-content\/uploads\/2025\/09\/67ff99be62c92.jpeg\"\/><\/p>\n<p class=\"c-cuerpo__media__txt\">Amigos y promotores de MMA en Bogot\u00e1 le entregaron una bandera nacional firmada. Foto:\u00a0SBF MMA- Mania<\/p>\n<p>Los pu\u00f1os en la cara, pan de cada d\u00eda<\/p>\n<p>\u2018Blair\u2019 reconoce que no hay un solo d\u00eda en el cual no reciba un pu\u00f1o en la cara debido a sus entrenamientos y m\u00e1s, cuando se avecinan peleas de alta competencia como la programada para este martes. \u201cYo lo miro as\u00ed, en las artes marciales se combina la fuerza, la resistencia, la velocidad, la t\u00e9cnica y el cardio. Pese a tener esas cualidades, te descuidas un segundo, viene un golpe, una patada, el nocaut y hasta ah\u00ed lleg\u00f3. Hay veces que un golpe en la mand\u00edbula te deja tres, cinco o hasta ocho d\u00edas sin poder masticar, pero ese es mi mundo y es lo que me encanta\u201d.<\/p>\n<p>Y claro, para Reyes no ha sido un camino de rosas, por el contrario, muchas espinas se ha enterrado, pero lo destacable de todo el proceso que lo tiene a un combate de llegar a la cima de MMA es que no esper\u00f3 a un milagro. Desde joven supo que para llegar hab\u00eda no s\u00f3lo que tener el talento, sino enfrentar a rivales de peso, a prepararse en campamentos en escuelas de Estados Unidos. Su primera aventura fue en Carolina del Norte y pese a que ese intento apenas fue el punto de partida que no lo impuls\u00f3 como quer\u00eda, s\u00ed fue determinante.<\/p>\n<p>Vend\u00ed mi moto para comprar los pasajes y tener algo para los gastos del viaje y estar unos d\u00edas en entrenamiento con &#8216;gringos&#8217;, brasile\u00f1os y mexicanos<\/p>\n<p>&#8216;blair&#8217; reyesArtista marcial<\/p>\n<p>\u201cVend\u00ed mi moto para comprar los pasajes y tener algo para los gastos del viaje y estar unos d\u00edas en entrenamiento con &#8216;gringos&#8217;, brasile\u00f1os y mexicanos, principalmente. Esa es la manera, pelear afuera, tener m\u00e1s mundo. Yo, en ese momento, <b>pens\u00e9 que era un curtido en jiu-jitsu, y s\u00f3lo con entrar a las desafiantes jaulas en competencias me di cuenta que estaba en pa\u00f1ales, que no era nadie en la lucha de piso, me aplastaban, bueno, ahora, aplasto<\/b>. Por eso es que segu\u00ed buscando esa preparaci\u00f3n y es lo que les digo a mis alumnos, que son muy talentosos y seguramente llegar\u00e1n a la UFC en muy poco tiempo, es lo que est\u00e1n haciendo para lograr ese sue\u00f1o\u201d, explic\u00f3 el representante colombiano de la categor\u00eda de los 65 kilos, el peso pluma, que se considera un boxeador ortodoxo y que exhibe lucha de presi\u00f3n.<\/p>\n<p class=\"c-leatambien__titulo\"> LEA TAMBI\u00c9N <\/p>\n<p><img decoding=\"async\" alt=\"Flor Denis Ruiz en el Mundial de atletismo de Tokio\" width=\"120\" height=\"120\" loading=\"lazy\" src=\"https:\/\/imagenes2.eltiempo.com\/files\/image_120_120\/uploads\/2025\/09\/19\/68cd65ba93af6.jpeg\" data-full-src=\"https:\/\/www.europesays.com\/es\/wp-content\/uploads\/2025\/09\/68cd65ba93af6.jpeg\"\/><\/p>\n<p>Luego estuvo en Las Vegas, Nevada, el aut\u00e9ntico epicentro de la UFC cuyos reflectores destacan mes a mes, tanto combates numerados de la<b> promotora como las programaciones en el UFC Apex, el centro de eventos y producci\u00f3n que ha revolucionado la industria de las artes marciales mixtas.<\/b> \u201cAll\u00e1 es donde te miden el aceite para ver si verdaderamente tienes la pasta, el temple y los huevos para ser parte del grupo de luchadores que m\u00e1s adelante pueden tener la chance de lograr un campeonato en cualquiera de las divisiones\u201d.<\/p>\n<p>Pero la mayor ense\u00f1anza que ha tenido en las jaulas, en esas temibles estructuras con forma de anillo cuya superficie es de 69 metros cuadrados, se la dej\u00f3 la peor derrota que ha tenido, un resultado que al final y por los estragos que dej\u00f3 en su rostro y su cuerpo de 1,73 metros de altura, lo puso a pensar en el retiro prematuro.<\/p>\n<p class=\"c-cuerpo__media__txt\">&#8216;Blair&#8217; tuvo la mejor preparaci\u00f3n para el combate m\u00e1s importante de su carrera en los oct\u00e1gonos. Foto:\u00a0Suministrada<\/p>\n<p>\u201cFue la tercera derrota que recib\u00ed, la segunda en Estados Unidos, esa me quebr\u00f3 (8 de febrero de 2019). Ese mexicano \u2013Alex \u2018Bambam\u2019 Velasco- <b>me dio una paliza, me rompi\u00f3 el tabique, me desprendi\u00f3 el labio, lo f\u00e1cil hubiera sido rendirme y ya est\u00e1, pero la batall\u00e9 hasta donde pude, fue por nocaut t\u00e9cnico en el tercer asalto.<\/b> Dur\u00e9 como dos meses sin poder comer nada s\u00f3lido, mi mam\u00e1 fue la que lidi\u00f3 con eso, me ten\u00eda que ayudar a sentarme porque era intenso el dolor en el cuello y en los brazos, en general, en todo el cuerpo, pero quiz\u00e1 lo m\u00e1s doloroso fue la parte emocional. La decepci\u00f3n, a todos les fall\u00e9, a los que me ayudaron en la preparaci\u00f3n, a mis alumnos y a los amigos. Entonces, no quer\u00eda que nadie me viera ni me hablara, no volv\u00ed al gimnasio, fue un momento duro, pero tuve paciencia y eso me ayud\u00f3 a recapacitar, nada es f\u00e1cil y de las derrotas se aprende, me recuper\u00e9 y volv\u00ed a vivir, me mataron, pero ya estaba listo para matar, como se dice en este mundo\u201d, confes\u00f3 Javier, quien tambi\u00e9n trabaja con la <b>alcald\u00eda local de Fontib\u00f3n, con la cual adelanta programas de baile zumba para adultos mayores y entrenamiento deportivo de chicos con dificultades sociales.<\/b><\/p>\n<p>La vitrina para firmar el contrato<\/p>\n<p>No ha sido f\u00e1cil ese extenso recorrido por oct\u00e1gonos de M\u00e9xico, Puerto Rico, Per\u00fa, y desde luego, Colombia. Pero los observadores de la UFC que hay en todas partes, son cazatalentos que tienen el ojo puesto. Ellos miran desempe\u00f1os, temperamento en las jaulas, virtudes y resultados, capacidad de finalizaciones al rival, en fin, no dejan detalle suelto y eso, paso a paso, le dio la posibilidad de llegar a este enorme reto, del cual aspira salir vencedor.<\/p>\n<p class=\"c-cuerpo__media__txt\">Javier &#8216;Blair&#8217; Reyes tiene mucha destreza en el combate en el piso, su lucha es dominante. Foto:\u00a0Suministrada<\/p>\n<p>Y esa es la pantalla, denominada <b>Dana White&#8217;s Contender Series,  que tendr\u00e1 este martes el colombiano, cuyo rival en el peso pluma ser\u00e1 el estadounidense Justice Torres<\/b>, de 27 a\u00f1os, quien ocup\u00f3 a \u00faltima hora el lugar del brasile\u00f1o \u00cdcaro Brito, que tuvo problemas de visado y fue descartado por los organizadores.<\/p>\n<p>Esta cartelera que es televisada y llega a su s\u00e9ptima temporada congrega los martes entre agosto y septiembre a un buen grupo de peleadores y se convierte en una plataforma para la identificaci\u00f3n y promoci\u00f3n de talentos emergentes en el mundo del MMA.<\/p>\n<p>Cada programaci\u00f3n del Dana White&#8217;s Contender Series presenta una cartelera de combates, en los que los luchadores buscan sorprender al presidente y los principales ejecutivos de la UFC. Los criterios para la selecci\u00f3n de los exponentes que reciben contratos pueden variar, pero generalmente se basan en un rendimiento destacado, un historial consolidado en MMA y el potencial para convertirse en una estrella de la organizaci\u00f3n.<\/p>\n<p>En esa jaula debo demostrar la evoluci\u00f3n y el progreso, es mi plataforma de consolidaci\u00f3n.<\/p>\n<p>&#8216;blair&#8217; reyesLuchador de MMA<\/p>\n<p>\u2018Por eso es que ser\u00e1 el combate m\u00e1s importante, no importa el rival, hay que doblegar al que me pongan enfrente. <b>En esa jaula debo demostrar la evoluci\u00f3n y el progreso, es mi plataforma de impulso y despegue.<\/b> Aun as\u00ed, el que pierda tambi\u00e9n puede firmar su contrato, pues si el combate ha sido atractivo, con mucha variedad en las artes marciales y lo han dejado todo en el oct\u00e1gono tiene esa posibilidad, lo mismo que si ninguno de los luchadores convence, pueden quedar al margen de la organizaci\u00f3n\u201d, explic\u00f3 \u2018Blair\u2019, su apodo art\u00edstico, que no significa nada en traducci\u00f3n, pero que lo es todo para Javier, ya que ese proviene de sus primeras incursiones en el parkour, disciplina que consiste en sortear recorridos atravesando obst\u00e1culos, como escaleras y muros, entre otros, que practicaba de joven.<\/p>\n<p class=\"c-cuerpo__media__txt\">&#8216;Blair&#8217; considera que su boxeo es ortodoxo, muy enfocado y efectivo. Foto:\u00a0Suministrada<\/p>\n<p>\u201cEsa palabra no significa nada, la primera vez que diligenci\u00e9 un documento en la MMA para un combate; me preguntaban mi apodo y puse \u2018Blair\u2019, y as\u00ed muchos me conocen, un aut\u00e9ntico. No soy \u2018Pitbull\u2019 ni el \u2018El g\u00e1nster\u2019 ni \u2018Wonder boy\u2019 ni \u2018The Machine\u2019 o La Bestia Indomable o El Guerrero Feroz, de esos hay muchos, en cambio &#8216;Blair&#8217;, solo hay uno, y ese soy yo\u201d.<\/p>\n<p>En las Grandes Ligas de la MMA<\/p>\n<p>El ingreso oficial a la UFC le representar\u00eda lograr un contrato de 20, 50 o hasta 80 mil d\u00f3lares por pelea, que incluye un dinero por el combate y otro por ganar, sin tener en cuenta un bono adicional que se puede ganar por hacer la mejor finalizaci\u00f3n o performance de la cartelera. El contrato se pacta por tres peleas o dos a\u00f1os.\u00a0<\/p>\n<p>\u201cEso s\u00ed me cambiar\u00eda la vida, vivir\u00eda literalmente de esto\u201d, reconoce el bogotano, que es admirador de<b> exponentes de la UFC de la talla del mexicano Brandon Moreno, en los 57 kilos (peso mosca), dos veces campe\u00f3n mundial en dicha categor\u00eda, por su versatilidad, y del hispano-georgiano Ilia Topuria,<\/b> actual campe\u00f3n invicto del peso ligero de la organizaci\u00f3n, debido a su mentalidad y contundencia.<\/p>\n<p>Gu\u00eda, entrenador y m\u00e1nager<\/p>\n<p>\u201cSiento que ha llegado el momento, el m\u00e1s esperado, todas esas 50 peleas a lo largo de mi trayectoria me han puesto ac\u00e1. Claro, hay algo de nervios y presi\u00f3n, pero igual siento que tengo todas las condiciones para alcanzar ese sue\u00f1o. <b>Le he ganado a gente dura, ma\u00f1osa, complicada y con mucha experiencia y s\u00e9 que tambi\u00e9n represento a mi gente y a un pa\u00eds, ojal\u00e1 se nos d\u00e9\u00bb,<\/b> puntualiz\u00f3 \u2018Blair\u2019, quien tiene un r\u00e9cord de combates oficiales de 21 victorias y cinco derrotas.<\/p>\n<p class=\"c-cuerpo__media__txt\">&#8216;Blair&#8217; Reyes llega al combate con una marca de 21 victorias y 5 derrotas. Foto:\u00a0Suministrada<\/p>\n<p>\u2018El firmar con la UFC, sin duda, le abrir\u00e1 las puertas a prospectos, y con ello, tambi\u00e9n habr\u00e1 un avance en la difusi\u00f3n y las empresas patrocinadores de esta disciplina que a\u00f1o tras a\u00f1o se consolida\u201d, destaca el bogotano que quiere seguir los pasos de otros colombianos que han competido en la UFC, como <b>Sabina Mazo, la \u00fanica mujer que ha competido con la compa\u00f1\u00eda,  Freddy \u2018el Profe\u2019 Serrano,  Danny Ch\u00e1vez -(nacido en Queens, Nueva York, pero desde sus siete a\u00f1os se residenci\u00f3 en Colombia hasta cuando cumpli\u00f3 los 14), Bryan Barberena, Julio Arce -naci\u00f3 en Miami, Florida, pero de origen vallecaucano- y Juan Camilo Ronderos<\/b>, pero \u2018Blair\u2019 podr\u00eda convertirse en el primer deportista radicado en Colombia que firma con la UFC.<\/p>\n<p>Tengo un buen grupo de prospectos a los que entreno, dirijo y manejo, s\u00e9 que a ellos se les abrir\u00e1 muy pronto esa posibilidad de llegar a la gran Carpa de la MMA, son unos animales muy avanzados<\/p>\n<p>&#8216;blair&#8217; reyesLuchador bogotano<\/p>\n<p>\u201cTengo un buen grupo de prospectos a los que entreno, dirijo y manejo, s\u00e9 que a ellos se les abrir\u00e1 muy pronto esa posibilidad de llegar a la gran Carpa de la MMA, son unos &#8216;animales&#8217; muy avanzados y tendr\u00e1n m\u00e1s pronto que tarde un lugar especial en la UFC. Ese debe ser un legado, en mi condici\u00f3n de orientador. <b>Mi idea no es ser un luchador com\u00fan, normal, quiero ser uno de los que dan espect\u00e1culo en la jaula y ser campe\u00f3n mundial\u00bb, concluy\u00f3.<\/b><\/p>\n<p>Como ya es su ritual, antes de cada combate, \u2018Blair\u2019 tendr\u00e1 un espacio para ver Rocky IV, una pel\u00edcula que lo llena de motivaci\u00f3n adicional por esa historia de superaci\u00f3n y de coraje de Rocky Balboa, interpretado por la leyenda cinematogr\u00e1fica Sylvester Stallone.<\/p>\n<p class=\"c-cuerpo__media__txt\">El bogotano buscar\u00e1 asegurar su contrato con la UFC, la promotora m\u00e1s importante de MMA en el mundo. Foto:\u00a0Suministrada<\/p>\n<p>Ya todo est\u00e1 definido para que Reyes, apoyado y asesorado por su entrenador Javier Torres, adelante el plan de preparaci\u00f3n que siguieron al pie de la letra, al dar el peso exigido y poner en pr\u00e1ctica la estrategia frente al nuevo rival.<\/p>\n<p>Hay valent\u00eda, cualidades y ganas por hacer historia.\u00a0Ahora, lo \u00fanico que resta es que fiel a su pensamiento, <b>\u2018Blair\u2019 ratifique ese esp\u00edritu combativo de Goku, la esencia de su inspiraci\u00f3n, con garra, fuerza y un coraz\u00f3n invencible para que logre el deseado y esperado salto a la cumbre.<\/b><\/p>\n<p>\u00bfPor d\u00f3nde ver a \u2018Blair Reyes en la UFC?<\/p>\n<p>El evento se <b>podr\u00e1 ver este martes 23 de septiembre a trav\u00e9s de la plataforma Disney+ a partir de las 7 p. m.<\/b> La velada tiene un total de siete pleitos, pero el segundo de la programaci\u00f3n ser\u00e1 el del colombiano frente al luchador local Justice Torres.<\/p>\n<p>JAVIER ARANA<\/p>\n<p>Subeditor de Alcance<\/p>\n<p>En X @arana_javier<\/p>\n","protected":false},"excerpt":{"rendered":"Apenas pisa la lona del oct\u00e1gono se transforma en un guerrero que posee todos los poderes y el&hellip;\n","protected":false},"author":2,"featured_media":135082,"comment_status":"","ping_status":"","sticky":false,"template":"","format":"standard","meta":{"footnotes":""},"categories":[276],"tags":[42895,3008,168,25,24,5264,4207,3051,23,167,343],"class_list":{"0":"post-135081","1":"post","2":"type-post","3":"status-publish","4":"format-standard","5":"has-post-thumbnail","7":"category-ufc","8":"tag-blair","9":"tag-de","10":"tag-deportes","11":"tag-es","12":"tag-espana","13":"tag-javier","14":"tag-las","15":"tag-reyes","16":"tag-spain","17":"tag-sports","18":"tag-ufc"},"share_on_mastodon":{"url":"","error":""},"_links":{"self":[{"href":"https:\/\/www.europesays.com\/es\/wp-json\/wp\/v2\/posts\/135081","targetHints":{"allow":["GET"]}}],"collection":[{"href":"https:\/\/www.europesays.com\/es\/wp-json\/wp\/v2\/posts"}],"about":[{"href":"https:\/\/www.europesays.com\/es\/wp-json\/wp\/v2\/types\/post"}],"author":[{"embeddable":true,"href":"https:\/\/www.europesays.com\/es\/wp-json\/wp\/v2\/users\/2"}],"replies":[{"embeddable":true,"href":"https:\/\/www.europesays.com\/es\/wp-json\/wp\/v2\/comments?post=135081"}],"version-history":[{"count":0,"href":"https:\/\/www.europesays.com\/es\/wp-json\/wp\/v2\/posts\/135081\/revisions"}],"wp:featuredmedia":[{"embeddable":true,"href":"https:\/\/www.europesays.com\/es\/wp-json\/wp\/v2\/media\/135082"}],"wp:attachment":[{"href":"https:\/\/www.europesays.com\/es\/wp-json\/wp\/v2\/media?parent=135081"}],"wp:term":[{"taxonomy":"category","embeddable":true,"href":"https:\/\/www.europesays.com\/es\/wp-json\/wp\/v2\/categories?post=135081"},{"taxonomy":"post_tag","embeddable":true,"href":"https:\/\/www.europesays.com\/es\/wp-json\/wp\/v2\/tags?post=135081"}],"curies":[{"name":"wp","href":"https:\/\/api.w.org\/{rel}","templated":true}]}}