{"id":135087,"date":"2025-09-24T01:31:15","date_gmt":"2025-09-24T01:31:15","guid":{"rendered":"https:\/\/www.europesays.com\/es\/135087\/"},"modified":"2025-09-24T01:31:15","modified_gmt":"2025-09-24T01:31:15","slug":"alineaciones-probables-del-betis-nottingham-forest-de-la-europa-league-2025-2026-onces-y-banquillo-de-suplentes","status":"publish","type":"post","link":"https:\/\/www.europesays.com\/es\/135087\/","title":{"rendered":"Alineaciones probables del Betis &#8211; Nottingham Forest de la Europa League 2025-2026: onces y banquillo de suplentes"},"content":{"rendered":"<p><img decoding=\"async\" class=\"voc-author__img\" src=\"https:\/\/www.europesays.com\/es\/wp-content\/uploads\/2025\/09\/autor-4703-foto-2.jpeg\" alt=\"\u00c1lvaro Galv\u00e1n\"\/><\/p>\n<p class=\"voc-p\" style=\"\">Arranca <a href=\"https:\/\/www.abc.es\/deportes\/alfinaldelapalmera\/noticias-betis\/betis-conoce-fechas-horarios-europa-league-20250830203836-nts.html\" target=\"_self\" data-voc-vtm-id=\"in-text-traffic\" title=\"una nueva edici\u00f3n de la Europa League\" data-mrf-link=\"www.abc.es\" rel=\"nofollow noopener\">una nueva edici\u00f3n de la Europa League<\/a>, en la que el <strong>Real Betis<\/strong> se estrenar\u00e1 como local ante el <strong>Nottingham Forest<\/strong>, en el partido correspondiente a la primera jornada de la fase de liga del torneo. De esta forma, el Estadio de la Cartuja acoger\u00e1 el primer choque europeo de los verdiblancos, el cual est\u00e1 fijado para las <strong>21.00 horas de este mi\u00e9rcoles<\/strong>.<\/p>\n<p class=\"voc-p\" style=\"\">Uno de los grandes objetivos del Betis este curso, independientemente de la competici\u00f3n, es <strong>hacer de la Cartuja un fort\u00edn<\/strong>; por el momento, los heliopolitanos han sumado dos victorias (<a href=\"https:\/\/www.abc.es\/deportes\/alfinaldelapalmera\/noticias-betis\/betis-alaves-cronica-partido-20250822124631-nts.html\" target=\"_self\" data-voc-vtm-id=\"in-text-traffic\" title=\"1-0 al Alav\u00e9s\" data-mrf-link=\"www.abc.es\" rel=\"nofollow noopener\">1-0 al Alav\u00e9s<\/a> y <a href=\"https:\/\/www.abc.es\/deportes\/alfinaldelapalmera\/noticias-betis\/cronica-real-betis-20250919204623-nts.html\" target=\"_self\" data-voc-vtm-id=\"in-text-traffic\" title=\"3-1 a la Real Sociedad\" data-mrf-link=\"www.abc.es\" rel=\"nofollow noopener\">3-1 a la Real Sociedad<\/a>) y una derrota (1-2 ante el Athletic) como locales. Por su parte, el <strong>Nottingham Forest no conoce a\u00fan la victoria como visitante<\/strong>, sumando hasta ahora dos empates (1-1 ante Crystal Palace, al igual que <a href=\"https:\/\/www.abc.es\/deportes\/alfinaldelapalmera\/noticias-betis\/nottingham-forest-empata-burnley-visitar-betis-20250921161217-nts.html\" target=\"_self\" data-voc-vtm-id=\"in-text-traffic\" title=\"frente al Burnley\" data-mrf-link=\"www.abc.es\" rel=\"nofollow noopener\">frente al Burnley<\/a>) y dos derrotas (3-0 ante el Arsenal y 3-2 frente al Swansea, choque que adem\u00e1s le cost\u00f3 la eliminaci\u00f3n en la Copa de la Liga).<\/p>\n<p>\nAlineaciones probables del Betis &#8211; Nottingham Forest\n<\/p>\n<p class=\"voc-p\" style=\"\">A diferencia de temporadas anteriores, <strong>el Betis no ha tenido que descartar a ninguno de sus futbolistas<\/strong> para la <a href=\"https:\/\/www.abc.es\/deportes\/alfinaldelapalmera\/noticias-betis\/manu-fajardo-ahorra-problema-pellegrini-problemas-lista-20250903123925-nts.html\" target=\"_self\" data-voc-vtm-id=\"in-text-traffic\" title=\"lista A de la UEFA\" data-mrf-link=\"www.abc.es\" rel=\"nofollow noopener\">lista A de la UEFA<\/a>. Con lo cual, adem\u00e1s de la ausencia de <strong>Pablo Garc\u00eda<\/strong> por estar concentrado con la selecci\u00f3n espa\u00f1ola sub 20 de cara al Mundial, las otras \u00fanicas bajas que debe lamentar Manuel Pellegrini para recibir al conjunto ingl\u00e9s son por lesi\u00f3n; las ya conocidas de<strong> Isco y Deossa<\/strong>, a quienes se suman<strong> Bartra y Diego Llorente<\/strong>, por problemas musculares, y<strong> Beller\u00edn<\/strong>, por fiebre. La buena noticia para el t\u00e9cnico chileno es que recupera para este partido a <strong>Ricardo Rodr\u00edguez y a Aitor Ruibal<\/strong>. Adem\u00e1s, en <a href=\"https:\/\/www.abc.es\/deportes\/alfinaldelapalmera\/noticias-betis\/bartra-llorente-bellerin-deossa-isco-entran-lista-20250923131056-nts.html\" target=\"_self\" data-voc-vtm-id=\"in-text-traffic\" title=\"la convocatoria\" data-mrf-link=\"www.abc.es\" rel=\"nofollow noopener\">la convocatoria<\/a>, destacan las novedades de <strong>F\u00e9lix y Morante<\/strong>.<\/p>\n<ul class=\"voc-list\">\n<li class=\"voc-list__item\">\n<strong>Real Betis<\/strong><br \/>\nValles; Ortiz, Natan, Valent\u00edn, Junior; Altimira, Marc Roca; Antony, Lo Celso, Riquelme; y Bakambu\n<\/li>\n<\/ul>\n<p class=\"voc-p\" style=\"\">Como es habitual en los planteamientos de Pellegrini, y m\u00e1s a\u00fan teniendo en cuenta que el equipo viene de jugar cuatro partidos en doce d\u00edas, <strong>se prev\u00e9n rotaciones en el once inicial frente al Nottingham Forest<\/strong>.<\/p>\n<p>Alineaciones probables del Nottingham Forest &#8211; Betis<\/p>\n<p class=\"voc-p\" style=\"\">Por su parte, en la expedici\u00f3n del Nottingham Forest que recala en la capital hispalense destacan tambi\u00e9n varias ausencias, como son la de<strong> Omari Hutchinson<\/strong>, al no estar inscritos en la Europa League, y la de <strong>los lesionados Nicol\u00e1s Dom\u00ednguez y Ola Aina<\/strong>, este \u00faltimo de larga duraci\u00f3n. Precisamente por eso, y como novedad para este estreno europeo del conjunto ingl\u00e9s, la UEFA ha dado el visto bueno a la inscripci\u00f3n de <strong>Oleksandr Zinchenko<\/strong>, por lo que Ange Postecogloupodr\u00e1 contar finalmente con el ucraniano en la Cartuja este mi\u00e9rcoles.<\/p>\n<ul class=\"voc-list\">\n<li class=\"voc-list__item\">\n<strong>Nottingham Forest<\/strong><br \/>\nSels, Neco Williams, Milenkovic, Morato, Zinchenko, Douglas Luiz, Anderson; Hudson-Odoi, Gibbs-White, Ndoye y Wood.\n<\/li>\n<\/ul>\n<p class=\"voc-p\" style=\"\">Se estima tambi\u00e9n que el t\u00e9cnico del Nottingham Forest mueva algunas piezas en la formaci\u00f3n titular, como la inclusi\u00f3n de <strong>Hudson-Odoi<\/strong> como titular en la parcela ofensiva.<\/p>\n<p>Reportar un error<\/p>\n","protected":false},"excerpt":{"rendered":"Arranca una nueva edici\u00f3n de la Europa League, en la que el Real Betis se estrenar\u00e1 como local&hellip;\n","protected":false},"author":2,"featured_media":135088,"comment_status":"","ping_status":"","sticky":false,"template":"","format":"standard","meta":{"footnotes":""},"categories":[268],"tags":[13519,26170,2953,291,168,25,24,700,280,5596,282,1211,25244,26172,281,23,167,26173],"class_list":{"0":"post-135087","1":"post","2":"type-post","3":"status-publish","4":"format-standard","5":"has-post-thumbnail","7":"category-futbol","8":"tag-13519","9":"tag-alineaciones","10":"tag-banquillo","11":"tag-betis","12":"tag-deportes","13":"tag-es","14":"tag-espana","15":"tag-europa","16":"tag-football","17":"tag-forest","18":"tag-futbol","19":"tag-league","20":"tag-nottingham","21":"tag-onces","22":"tag-soccer","23":"tag-spain","24":"tag-sports","25":"tag-suplentes"},"share_on_mastodon":{"url":"","error":""},"_links":{"self":[{"href":"https:\/\/www.europesays.com\/es\/wp-json\/wp\/v2\/posts\/135087","targetHints":{"allow":["GET"]}}],"collection":[{"href":"https:\/\/www.europesays.com\/es\/wp-json\/wp\/v2\/posts"}],"about":[{"href":"https:\/\/www.europesays.com\/es\/wp-json\/wp\/v2\/types\/post"}],"author":[{"embeddable":true,"href":"https:\/\/www.europesays.com\/es\/wp-json\/wp\/v2\/users\/2"}],"replies":[{"embeddable":true,"href":"https:\/\/www.europesays.com\/es\/wp-json\/wp\/v2\/comments?post=135087"}],"version-history":[{"count":0,"href":"https:\/\/www.europesays.com\/es\/wp-json\/wp\/v2\/posts\/135087\/revisions"}],"wp:featuredmedia":[{"embeddable":true,"href":"https:\/\/www.europesays.com\/es\/wp-json\/wp\/v2\/media\/135088"}],"wp:attachment":[{"href":"https:\/\/www.europesays.com\/es\/wp-json\/wp\/v2\/media?parent=135087"}],"wp:term":[{"taxonomy":"category","embeddable":true,"href":"https:\/\/www.europesays.com\/es\/wp-json\/wp\/v2\/categories?post=135087"},{"taxonomy":"post_tag","embeddable":true,"href":"https:\/\/www.europesays.com\/es\/wp-json\/wp\/v2\/tags?post=135087"}],"curies":[{"name":"wp","href":"https:\/\/api.w.org\/{rel}","templated":true}]}}