{"id":135099,"date":"2025-09-24T01:46:09","date_gmt":"2025-09-24T01:46:09","guid":{"rendered":"https:\/\/www.europesays.com\/es\/135099\/"},"modified":"2025-09-24T01:46:09","modified_gmt":"2025-09-24T01:46:09","slug":"arroyo-y-martin-buro-convocadas-con-la-seleccion-espanola-absoluta","status":"publish","type":"post","link":"https:\/\/www.europesays.com\/es\/135099\/","title":{"rendered":"Arroyo y Mart\u00edn-Buro, convocadas con la selecci\u00f3n espa\u00f1ola absoluta"},"content":{"rendered":"<p>Las manzanare\u00f1as Carmen Arroyo (Bera Bera) y Esther Mart\u00edn-Buro (Elche) han sido convocadas por el\u00a0seleccionador de las &#8216;Guerreras&#8217;,\u00a0Ambros Mart\u00edn, para la pr\u00f3xima actividad del combinado espa\u00f1ol, prevista\u00a0entre el 9 y el 12 de octubre\u00a0en\u00a0Sagunto,\u00a0Valencia. El equipo absoluto contin\u00faa con el\u00a0Proyecto 2029, un plan a medio-largo plazo que pretende consolidar al equipo de cara al\u00a0Campeonato del Mundo 2029\u00a0que organizar\u00e1 la\u00a0Real Federaci\u00f3n Espa\u00f1ola de Balonmano. Para ello, las posibles integrantes del futuro grupo se preparan con el objetivo de hacer el mejor papel posible en la cita mundialista.<\/p>\n<p>Las convocadas se entrenar\u00e1n en el\u00a0Pabell\u00f3n Polideportivo Intern\u00facleos\u00a0en sesiones de ma\u00f1ana y tarde durante toda la concentraci\u00f3n y regresar\u00e1n el domingo a sus domicilios.<\/p>\n<p>La convocatoria est\u00e1 formada por:<\/p>\n<p><img decoding=\"async\" loading=\"lazy\" src=\"https:\/\/www.latribunadeciudadreal.es\/media\/IMG\/2023\/7058B1FF-9D27-43A9-72E136B761289CED.JFIF\" alt=\"Carmen Arroyo, en un partido ante Islas Feroe.\" border=\"0\"\/>Carmen Arroyo, en un partido ante Islas Feroe. &#8211; Foto: RFEBM<\/p>\n<p>Porter\u00eda\u00a0| Olaia Luzuriaga (Replasa Beti-Onak), Luc\u00eda Prades (Super Amara Bera Bera), Sabina M\u00ednguez (Mecalia Atl\u00e9tico Guard\u00e9s),<\/p>\n<p>Central\u00a0| Elba \u00c1lvarez (Super Amara Bera Bera), Paola Bernab\u00e9 (AtticGo Elche)<\/p>\n<p>Lateral Derecho\u00a0| Maddi Bengoetxea (Elda Prestigio), Esther Mart\u00edn-Buro (AtticGo Elche)<\/p>\n<p>Lateral Izquierdo\u00a0| Ester Somaza (Super Amara Bera Bera), Raquel Mor\u00e9 (KH-7 Granollers), Carmen Arroyo (Super Amara Bera Bera), Bel\u00e9n Rodr\u00edguez (KH-7 Granollers)<\/p>\n<p>Extremo Derecho\u00a0| Paula Agull\u00f3 (AtticGo Elche), Carla Gonz\u00e1lez (KH-7 Granollers)<\/p>\n<p>Extremo Izquierdo\u00a0| Lisa Oppedal (AtticGo Elche), Luc\u00eda Laguna (Conservas Orbe Zendal Porri\u00f1o)<\/p>\n<p>Pivote\u00a0| Mar\u00eda Palomo (Mecalia Atl\u00e9tico Guard\u00e9s), Lyndie Tchaptchet (Super Amara Bera Bera), Almudena Guti\u00e9rrez (Replasa Beti-Onak)<\/p>\n<p>\u00a0<\/p>\n","protected":false},"excerpt":{"rendered":"Las manzanare\u00f1as Carmen Arroyo (Bera Bera) y Esther Mart\u00edn-Buro (Elche) han sido convocadas por el\u00a0seleccionador de las &#8216;Guerreras&#8217;,\u00a0Ambros&hellip;\n","protected":false},"author":2,"featured_media":135100,"comment_status":"","ping_status":"","sticky":false,"template":"","format":"standard","meta":{"footnotes":""},"categories":[278],"tags":[376,168,2006,25,24,375,42896,40915,23,167,235],"class_list":{"0":"post-135099","1":"post","2":"type-post","3":"status-publish","4":"format-standard","5":"has-post-thumbnail","7":"category-balonmano","8":"tag-balonmano","9":"tag-deportes","10":"tag-elche","11":"tag-es","12":"tag-espana","13":"tag-handball","14":"tag-jose-antonio-martin-buro","15":"tag-las-guerreras","16":"tag-spain","17":"tag-sports","18":"tag-valencia"},"share_on_mastodon":{"url":"","error":""},"_links":{"self":[{"href":"https:\/\/www.europesays.com\/es\/wp-json\/wp\/v2\/posts\/135099","targetHints":{"allow":["GET"]}}],"collection":[{"href":"https:\/\/www.europesays.com\/es\/wp-json\/wp\/v2\/posts"}],"about":[{"href":"https:\/\/www.europesays.com\/es\/wp-json\/wp\/v2\/types\/post"}],"author":[{"embeddable":true,"href":"https:\/\/www.europesays.com\/es\/wp-json\/wp\/v2\/users\/2"}],"replies":[{"embeddable":true,"href":"https:\/\/www.europesays.com\/es\/wp-json\/wp\/v2\/comments?post=135099"}],"version-history":[{"count":0,"href":"https:\/\/www.europesays.com\/es\/wp-json\/wp\/v2\/posts\/135099\/revisions"}],"wp:featuredmedia":[{"embeddable":true,"href":"https:\/\/www.europesays.com\/es\/wp-json\/wp\/v2\/media\/135100"}],"wp:attachment":[{"href":"https:\/\/www.europesays.com\/es\/wp-json\/wp\/v2\/media?parent=135099"}],"wp:term":[{"taxonomy":"category","embeddable":true,"href":"https:\/\/www.europesays.com\/es\/wp-json\/wp\/v2\/categories?post=135099"},{"taxonomy":"post_tag","embeddable":true,"href":"https:\/\/www.europesays.com\/es\/wp-json\/wp\/v2\/tags?post=135099"}],"curies":[{"name":"wp","href":"https:\/\/api.w.org\/{rel}","templated":true}]}}