{"id":135108,"date":"2025-09-24T01:55:09","date_gmt":"2025-09-24T01:55:09","guid":{"rendered":"https:\/\/www.europesays.com\/es\/135108\/"},"modified":"2025-09-24T01:55:09","modified_gmt":"2025-09-24T01:55:09","slug":"muere-claudia-cardinale-a-los-87-anos-la-sexsymbol-italiana-que-nunca-disfruto-del-exito-en-hollywood","status":"publish","type":"post","link":"https:\/\/www.europesays.com\/es\/135108\/","title":{"rendered":"Muere Claudia Cardinale a los 87 a\u00f1os, la &#8216;sexsymbol&#8217; italiana que nunca disfrut\u00f3 del \u00e9xito en Hollywood"},"content":{"rendered":"<p class=\"paragraph\" id=\"paragraph_1\">La actriz <strong>Claudia Cardinale<\/strong>, icono del cine italiano de los a\u00f1os 60, ha fallecido este martes a los<strong> 87 a\u00f1os<\/strong> en la regi\u00f3n de \u00cele-de-France -que comprende Par\u00eds-, donde resid\u00eda, seg\u00fan informan medios franceses.<\/p>\n<p class=\"paragraph\" id=\"paragraph_2\">Una infancia colonial, el \u00e9xito en el cine, la explotaci\u00f3n del \u00abmito er\u00f3tico\u00bb y una vida de leyenda es el legado de Claudia Cardinale, una de las actrices m\u00e1s aclamadas del siglo XX que tambi\u00e9n sufri\u00f3 el peso del machismo del cine, al que enfrent\u00f3 con su inquebrantable y famosa rebeld\u00eda.<\/p>\n<p class=\"paragraph\" id=\"paragraph_3\">La estrella de la gran pantalla desde <strong>su debut cinematogr\u00e1fico a los 14 a\u00f1os,<\/strong> interpret\u00f3 numerosos papeles de mujeres tanto de clase trabajadora como burguesas sin perder jam\u00e1s su modestia.<\/p>\n<p><img decoding=\"async\" alt=\"La actriz en el Festival de Estocolmo en 2013. Foto: Robert Eklund \/ Stella Pictures \/ Gtres\" data-imgm=\"true\" height=\"180\" loading=\"lazy\"  src=\"https:\/\/www.europesays.com\/es\/wp-content\/uploads\/2025\/09\/926667923_253378098_1024x576.jpg\"  width=\"320\"\/><\/p>\n<p>                                                            La actriz en el Festival de Estocolmo en 2013. Foto: Robert Eklund \/ Stella Pictures \/ Gtres<\/p>\n<p class=\"paragraph\" id=\"paragraph_5\">Naci\u00f3 el 15 de abril de 1938 en T\u00fanez. Sus padres, ambos <strong>sicilianos<\/strong>, emigraron bajo protectorado franc\u00e9s y se encargaron de inculcar la cultura italiana a sus cuatro hijos, dos ni\u00f1os y dos ni\u00f1as, de los que Claudia fue la primog\u00e9nita.<\/p>\n<p class=\"paragraph\" id=\"paragraph_6\">Puede que esta posici\u00f3n din\u00e1stica le confiriera un fort\u00edsimo car\u00e1cter que no amain\u00f3 jam\u00e1s, ni siquiera en la escuela de monjas a la que fue y desde donde, por casualidad, se inici\u00f3 en el cine. Quer\u00eda ser <strong>maestra o exploradora<\/strong> y, casi a su pesar, acab\u00f3 sinti\u00e9ndose atra\u00edda por la gran pantalla. <\/p>\n<p class=\"paragraph\" id=\"paragraph_7\">Su padre, ingeniero ferroviario, era estricto, pero a los 14 a\u00f1os acept\u00f3 que Cardinale apareciera junto a su hermana y sus compa\u00f1eras de clase en el cortometraje documental Les anneaux d&#8217;or (1956) de Ren\u00e9 Vautier. Desde entonces, sus papeles en la gran pantalla no dejaron de llegar. <\/p>\n<p class=\"paragraph\" id=\"paragraph_8\">Su primer papel destacado fue en Goha le simple, de Jacques Baratier, un largometraje en el que interpret\u00f3 a la criada de un artista \u00e1rabe. Entre sus papeles m\u00e1s inolvidables est\u00e1n<strong> El Gatopardo <\/strong>u <strong>Ocho y medio<\/strong>, rodadas en los a\u00f1os sesenta, su \u00e9poca dorada.<\/p>\n<p><img decoding=\"async\" alt=\"Alain Delon y Cardinale en 'El Gatopardo'.\" data-imgm=\"true\" height=\"180\" loading=\"lazy\"  src=\"https:\/\/www.europesays.com\/es\/wp-content\/uploads\/2025\/09\/926667930_253378310_1024x576.jpg\"  width=\"320\"\/><\/p>\n<p>                                                            Alain Delon y Cardinale en &#8216;El Gatopardo&#8217;.<\/p>\n<p class=\"paragraph\" id=\"paragraph_10\">Sin embargo Cardinale logr\u00f3 irrumpir en el mundo del cine coron\u00e1ndose en un concurso de belleza que ten\u00eda como premio un billete para la Mostra de Venecia y su paso por el certamen encant\u00f3 a todos.<\/p>\n<p class=\"paragraph\" id=\"paragraph_11\">Apodada como la \u00abprometida de Italia\u00bb o \u00abla italiana m\u00e1s bella de T\u00fanez\u00bb, fue musa de directores como <strong>Luchino Visconti, Federico Fellini y Luigi Comencini.<\/strong> Comenz\u00f3 a dejar huella en una generaci\u00f3n de cin\u00e9filos con su belleza e intensidad.<\/p>\n<p class=\"paragraph\" id=\"paragraph_12\">De este modo, aquella muchacha tunecina de or\u00edgenes italianos decidi\u00f3 apostar por el pa\u00eds de sus ancestros y volar a Italia, donde debut\u00f3 en una de las comedias m\u00e1s reconocidas, I soliti ignoti (1958) de Mario Monicelli.<\/p>\n<p>Pero <strong>cuando empezaba a saborear las mieles del \u00e9xito<\/strong>, su vida se vio marcada por un hecho doloroso: <strong>una violaci\u00f3n<\/strong> de la que se qued\u00f3 embarazada. Claudia tuvo que tener a su hijo, llamado Patrick, a escondidas en Londres y fingir que el ni\u00f1o era su hermano. <\/p>\n<p class=\"paragraph\" id=\"paragraph_13\">Tras superar el traum\u00e1tico episodio, comenz\u00f3 su \u00e9poca dorada. A los maestros italianos del cine no les quedaba m\u00e1s remedio que repartirse a la deslumbrante icono de belleza mundial en sus rodajes.<\/p>\n<p class=\"paragraph\" id=\"paragraph_14\">Despu\u00e9s aterriz\u00f3 en <strong>Hollywood<\/strong> pero, pese a su acogida como amiga de Alfred Hitchcock, Barbara Streisand o Steve McQueen, nunca lleg\u00f3 a sentirse como en casa: \u00ab<strong>Yo me siento europea y en Europa quiero vivir<\/strong>\u00ab, decidi\u00f3, tal y como reconoci\u00f3 en una entrevista despu\u00e9s.<\/p>\n<p class=\"paragraph\" id=\"paragraph_15\">Trabaj\u00f3 en Circus World (1964) con John Wayne y Rita Hayworth, en Blindfold (1965) con Anthony Quinn y en I professionisti (1966) volvi\u00f3 a toparse con Burt Lancaster, con quien hab\u00eda bailado arrebatadoramente en la monumental pel\u00edcula de Visconti.<\/p>\n<p><img decoding=\"async\" alt=\"Con Lee Marvin en 'Los profesionales' (1968)\" data-imgm=\"true\" height=\"180\" loading=\"lazy\"  src=\"https:\/\/www.europesays.com\/es\/wp-content\/uploads\/2025\/09\/926667927_253378222_1024x576.jpg\"  width=\"320\"\/><\/p>\n<p>                                                            Con Lee Marvin en &#8216;Los profesionales&#8217; (1968)<\/p>\n<p class=\"paragraph\" id=\"paragraph_17\">Las primeras reacciones a su fallecimiento no se hicieron esperar, como la de David Lisnard, alcalde de la localidad francesa de Cannes, famosa por acoger cada a\u00f1o el prestigioso festival que entrega la Palma de Oro.<\/p>\n<p class=\"paragraph\" id=\"paragraph_18\">\u00abSu talento solo era comparable a su ardiente belleza. Su carrera fue en s\u00ed misma una obra maestra. Claudia Cardinale deja una huella indeleble en la historia del cine y, por lo tanto, intr\u00ednsecamente, en la de Cannes\u00bb, ha indicado Lisnard en su cuenta de X, en un mensaje en el que record\u00f3 tambi\u00e9n que la actriz protagoniz\u00f3 el cartel de la edici\u00f3n 70 del festival.<\/p>\n<p class=\"paragraph\" id=\"paragraph_19\">A trav\u00e9s de su larga existencia, nunca demostr\u00f3 tibieza y defendi\u00f3 m\u00faltiples causas, desde la defensa del medio ambiente o <strong>la lucha contra la violencia machista<\/strong>, y para ello cre\u00f3 su fundaci\u00f3n.<\/p>\n<p>Sus \u00faltimos a\u00f1os los ha pasado en Par\u00eds, adonde vol\u00f3 espantada por unos \u00abpaparazzi\u00bb que no le dieron nunca tregua en las calles de Roma, mostrando nuevamente que la ind\u00f3mita Claudia Cardinale no tem\u00eda a los cambios si en juego estaba su libertad. <\/p>\n","protected":false},"excerpt":{"rendered":"La actriz Claudia Cardinale, icono del cine italiano de los a\u00f1os 60, ha fallecido este martes a los&hellip;\n","protected":false},"author":2,"featured_media":135109,"comment_status":"","ping_status":"","sticky":false,"template":"","format":"standard","meta":{"footnotes":""},"categories":[174],"tags":[255,177,146,147,25,24,256,628,23],"class_list":{"0":"post-135108","1":"post","2":"type-post","3":"status-publish","4":"format-standard","5":"has-post-thumbnail","7":"category-famosos","8":"tag-celebrities","9":"tag-cine","10":"tag-entertainment","11":"tag-entretenimiento","12":"tag-es","13":"tag-espana","14":"tag-famosos","15":"tag-italia","16":"tag-spain"},"share_on_mastodon":{"url":"","error":""},"_links":{"self":[{"href":"https:\/\/www.europesays.com\/es\/wp-json\/wp\/v2\/posts\/135108","targetHints":{"allow":["GET"]}}],"collection":[{"href":"https:\/\/www.europesays.com\/es\/wp-json\/wp\/v2\/posts"}],"about":[{"href":"https:\/\/www.europesays.com\/es\/wp-json\/wp\/v2\/types\/post"}],"author":[{"embeddable":true,"href":"https:\/\/www.europesays.com\/es\/wp-json\/wp\/v2\/users\/2"}],"replies":[{"embeddable":true,"href":"https:\/\/www.europesays.com\/es\/wp-json\/wp\/v2\/comments?post=135108"}],"version-history":[{"count":0,"href":"https:\/\/www.europesays.com\/es\/wp-json\/wp\/v2\/posts\/135108\/revisions"}],"wp:featuredmedia":[{"embeddable":true,"href":"https:\/\/www.europesays.com\/es\/wp-json\/wp\/v2\/media\/135109"}],"wp:attachment":[{"href":"https:\/\/www.europesays.com\/es\/wp-json\/wp\/v2\/media?parent=135108"}],"wp:term":[{"taxonomy":"category","embeddable":true,"href":"https:\/\/www.europesays.com\/es\/wp-json\/wp\/v2\/categories?post=135108"},{"taxonomy":"post_tag","embeddable":true,"href":"https:\/\/www.europesays.com\/es\/wp-json\/wp\/v2\/tags?post=135108"}],"curies":[{"name":"wp","href":"https:\/\/api.w.org\/{rel}","templated":true}]}}