{"id":135112,"date":"2025-09-24T02:01:13","date_gmt":"2025-09-24T02:01:13","guid":{"rendered":"https:\/\/www.europesays.com\/es\/135112\/"},"modified":"2025-09-24T02:01:13","modified_gmt":"2025-09-24T02:01:13","slug":"frenazo-del-athletic-en-san-mames-frente-al-colista-girona-futbol-deportes","status":"publish","type":"post","link":"https:\/\/www.europesays.com\/es\/135112\/","title":{"rendered":"Frenazo del Athletic en San Mam\u00e9s frente al colista Girona | F\u00fatbol | Deportes"},"content":{"rendered":"<p class=\"\">Un Girona<a href=\"https:\/\/elpais.com\/deportes\/futbol\/2025-09-23\/el-ano-pesadilla-del-girona-de-michel-afronta-la-sexta-jornada-de-la-liga-como-colista.html\" target=\"_self\" rel=\"nofollow noopener\" title=\"https:\/\/elpais.com\/deportes\/futbol\/2025-09-23\/el-ano-pesadilla-del-girona-de-michel-afronta-la-sexta-jornada-de-la-liga-como-colista.html\"> en situaci\u00f3n l\u00edmite<\/a> despu\u00e9s de un comienzo de temporada desastroso, sac\u00f3 r\u00e9dito, escaso pero esperanzador de todas formas, ante un Athletic que despu\u00e9s del par\u00f3n por selecciones no acaba de arrancar, como si se sintiera melanc\u00f3lico por la ausencia, que empieza a prolongarse, de Nico Williams. El arranque nefasto de los bilba\u00ednos con su segunda unidad en el campo, lo aprovech\u00f3 el equipo giron\u00ed para adelantarse en el marcador. Despu\u00e9s, cuando Valverde a la desesperada, orden\u00f3 un cu\u00e1druple cambio en el descanso, transform\u00f3 el panorama, lleg\u00f3 el empate, pero entonces el Girona se transform\u00f3 en un grupo solidario y con pocas fisuras.<\/p>\n<p>                                                                                                                                                                                                                                                                                <img decoding=\"async\" title=\"Athletic\" loading=\"lazy\" src=\"https:\/\/www.europesays.com\/es\/wp-content\/uploads\/2025\/09\/1758679273_519_5.png\"  width=\"80\" height=\"80\" data-error-image=\"https:\/\/static.prisa.com\/aside\/resizer\/resize\/img\/sports\/football\/teams\/default.png?width=160&amp;height=160\"\/><\/p>\n<p>\n            1<\/p>\n<p>                                                                                                                                                                                                                                                                                                                                                                                                                                                                                                                                                                                                                                                                                                                                                                                                                                                                                                                                                                                                                                                                                                                                                                                                                                                                                                                                                                                                                                                                                                                                                                                                                                                                                                                                                                                                                                                                                                                                                                                                                                                                                                                                                                                                                                                                                                                                                                                                                                                                                                                                                                                                                                                                                                                                                                                                                                                                                                                                                                                                                                                                                                                                                                                                                                                    Unai Sim\u00f3n, Aymeric Laporte, Adama Boiro (Yuri Berchiche, min. 45), Andoni Gorosabel (Jes\u00fas Areso, min. 45), Aitor Paredes, Nico Serrano (Alex Berenguer, min. 45), Mikel Jauregizar, Mikel Vesga (\u00cd\u00f1igo Ru\u00edz de Galarreta, min. 45), I\u00f1aki Williams, Oihan Sancet (Robert Navarro, min. 80) y Gorka Guruzeta<\/p>\n<p>\n            1<\/p>\n<p>                                                                                                                                                                                                                                                                                <img decoding=\"async\" title=\"Girona\" loading=\"lazy\" src=\"https:\/\/www.europesays.com\/es\/wp-content\/uploads\/2025\/09\/1758679273_990_648.png\"  width=\"80\" height=\"80\" data-error-image=\"https:\/\/static.prisa.com\/aside\/resizer\/resize\/img\/sports\/football\/teams\/default.png?width=160&amp;height=160\"\/><\/p>\n<p>                                                                                                                                                                                                                                                                                                                                                                                                                                                                                                                                                                                                                                                                                                                                                                                                                                                                                                                                                                                                                                                                                                                                                                                                                                                                                                                                                                                                                                                                                                                                                                                                                                                                                                                                                                                                                                                                                                                                                                                                                                                                                                                                                                                                                                                                                                                                                                                                                                                                                                                                                                                                                                                                                                                                                                                                                                                                                                                                                                                                                                                                                                                                                                                                                                                    Paulo Gazzaniga, Hugo Rinc\u00f3n (Lancinet Kourouma, min. 85), \u00c1lex Moreno, Alejandro Franc\u00e9s, Daley Blind, Iv\u00e1n Mart\u00edn, Donny van de Beek (Portu, min. 32), Azzedine Ounahi, Jhon Sol\u00eds (Y\u00e1ser Asprilla, min. 75), Bryan Gil (Arnau Mart\u00ednez, min. 75) y Vladyslav Vanat (Cristhian Stuani, min. 85)<\/p>\n<p>\n            <b>Goles<\/b><br \/>\n                                                                                                        0-1 min. 8: Azz-Eddine Ounahi.                                                                                 1-1 min. 47: Mikel Jauregizar                    <\/p>\n<p>\n            <b>Arbitro<\/b> Jos\u00e9 Luis Munuera Montero<\/p>\n<p>Tarjetas amarillas<br \/>\n                                            Azz-Eddine Ounahi (min. 67),                                             Iv\u00e1n Mart\u00edn (min. 90)\n                <\/p>\n<p class=\"\">Tuvo fortuna el Athletic con el marcador que arrastr\u00f3 al descanso. La ventaja m\u00ednima del Girona frente a un equipo al garete, con escasas ideas, lento en el pensar y atropellado en el ejecutar, podr\u00eda haber sido mayor, porque cada acercamiento al \u00e1rea de Unai Sim\u00f3n era un sinvivir Los lanzamientos hacia Bryan y Vanat hac\u00edan mucho da\u00f1o. Zozobraban los laterales, mientras Paredes y Laporte trataban de multiplicarse achicando las v\u00edas de agua. El dominio ficticio de los bilba\u00ednos qued\u00f3 en evidencia despu\u00e9s de una primera acci\u00f3n de Vanat, que frente a Unai, cruz\u00f3 demasiado, pero a la siguiente, y no se hab\u00eda cumplido todav\u00eda el minuto 10, acert\u00f3 Ounahi con la porter\u00eda despu\u00e9s de recibir un pase filtrado de Bryan Gil.<\/p>\n<p class=\"\">El Athletic esperaba <a href=\"https:\/\/elpais.com\/deportes\/futbol\/2025-09-20\/el-girona-se-hunde-tras-la-goleada-del-levante.html\" target=\"_self\" rel=\"nofollow noopener\" title=\"https:\/\/elpais.com\/deportes\/futbol\/2025-09-20\/el-girona-se-hunde-tras-la-goleada-del-levante.html\">a un Girona descompuesto <\/a>despu\u00e9s de un inicio liguero terror\u00edfico, pero se encontr\u00f3 un grupo compacto, mentalizado para minimizar los errores que le hab\u00edan tra\u00eddo de cabeza hasta ahora, abrigadito atr\u00e1s, en modo emergencia porque empieza a apretar la clasificaci\u00f3n, que no perdona a nadie.<\/p>\n<p class=\"\">Y con ese plan nuevo, tan distinto del ideario de Michel, por aquello de las urgencias, el Girona se sent\u00eda tan c\u00f3modo como inc\u00f3modo el Athletic, incapaz de imponerse m\u00e1s que en una intrascendente posesi\u00f3n, solo n\u00fameros para engordar las estad\u00edsticas. Sancet, en una buena pelota que le cedi\u00f3 Guruzeta, tuvo la \u00fanica ocasi\u00f3n para marcar, una gota de agua en un oc\u00e9ano de desprop\u00f3sitos.<\/p>\n<p class=\"\">Mientras le funcionaba casi todo al Girona, aunque tal vez le falt\u00f3 serenidad para sacar m\u00e1s partido de los regalos rojiblancos, el Athletic echaba en falta a sus laterales titulares, Areso y Yuri, su metr\u00f3nomo en medio campo, Galarreta, y a Berenguer en la vanguardia. Lo ve\u00eda la grada, y como all\u00ed presenciaba el partido tambi\u00e9n Ernesto Valverde, sancionado todav\u00eda, tambi\u00e9n lo percibi\u00f3, as\u00ed que en una maniobra in\u00e9dita, los cuatro salieron de inicio en la segunda mitad, un cambio m\u00faltiple que cambi\u00f3 las cosas.<\/p>\n<p class=\"\">Sali\u00f3 el Athletic de otra manera, con m\u00e1s empuje y a los dos minutos de la reanudaci\u00f3n del partido, Jauregizar, de nuevo una m\u00e1quina de robar balones, captur\u00f3 uno cerca de la frontal, dio dos pasos y dispar\u00f3 donde Gazzaniga no pod\u00eda llegar. Cambiaba el partido. Se empez\u00f3 a jugar a otra velocidad, con un Athletic m\u00e1s vertical y decidido, con ideas m\u00e1s frescas.<\/p>\n<p class=\"\">Arriesgaron m\u00e1s los hombres de Valverde, pero ya no temblaba la grada con cada avanzadilla del Girona, que no se prodigaba tanto. El empuje de la pareja Jauregizar-Galarreta en medio campo funcionaba como tap\u00f3n y a la vez, como impulso al juego de ataque de su equipo, que se acercaba cada vez con m\u00e1s sentido hacia el \u00e1rea rival. Pudo Paredes adelantar al Athletic en un remate de cabeza tras un saque de esquina, pero Gazzaniga hizo la parada de la tarde, y despu\u00e9s Berenguer se plant\u00f3 frente al guardameta, que detuvo con el cuerpo Fueron las dos mejores oportunidades que tuvo el equipo de casa para llevarse los puntos, pero al final pag\u00f3 la factura de una primera parte p\u00e9sima. Echan mucho de menos en Bilbao al Nico Williams que hab\u00eda comenzado la temporada con ganas aunque la lesi\u00f3n con Espa\u00f1a fren\u00f3 suj marcha. El Girona salv\u00f3 al menos un punto, que en una situaci\u00f3n tan apurada como la que tiene no es mal bot\u00edn.<\/p>\n","protected":false},"excerpt":{"rendered":"Un Girona en situaci\u00f3n l\u00edmite despu\u00e9s de un comienzo de temporada desastroso, sac\u00f3 r\u00e9dito, escaso pero esperanzador de&hellip;\n","protected":false},"author":2,"featured_media":135113,"comment_status":"","ping_status":"","sticky":false,"template":"","format":"standard","meta":{"footnotes":""},"categories":[93],"tags":[2182,1540,168,1539,25,24,282,1538,18013,23,167],"class_list":{"0":"post-135112","1":"post","2":"type-post","3":"status-publish","4":"format-standard","5":"has-post-thumbnail","7":"category-deportes","8":"tag-athletic","9":"tag-competiciones","10":"tag-deportes","11":"tag-entrenadores","12":"tag-es","13":"tag-espana","14":"tag-futbol","15":"tag-futbolistas","16":"tag-girona-fc","17":"tag-spain","18":"tag-sports"},"share_on_mastodon":{"url":"","error":""},"_links":{"self":[{"href":"https:\/\/www.europesays.com\/es\/wp-json\/wp\/v2\/posts\/135112","targetHints":{"allow":["GET"]}}],"collection":[{"href":"https:\/\/www.europesays.com\/es\/wp-json\/wp\/v2\/posts"}],"about":[{"href":"https:\/\/www.europesays.com\/es\/wp-json\/wp\/v2\/types\/post"}],"author":[{"embeddable":true,"href":"https:\/\/www.europesays.com\/es\/wp-json\/wp\/v2\/users\/2"}],"replies":[{"embeddable":true,"href":"https:\/\/www.europesays.com\/es\/wp-json\/wp\/v2\/comments?post=135112"}],"version-history":[{"count":0,"href":"https:\/\/www.europesays.com\/es\/wp-json\/wp\/v2\/posts\/135112\/revisions"}],"wp:featuredmedia":[{"embeddable":true,"href":"https:\/\/www.europesays.com\/es\/wp-json\/wp\/v2\/media\/135113"}],"wp:attachment":[{"href":"https:\/\/www.europesays.com\/es\/wp-json\/wp\/v2\/media?parent=135112"}],"wp:term":[{"taxonomy":"category","embeddable":true,"href":"https:\/\/www.europesays.com\/es\/wp-json\/wp\/v2\/categories?post=135112"},{"taxonomy":"post_tag","embeddable":true,"href":"https:\/\/www.europesays.com\/es\/wp-json\/wp\/v2\/tags?post=135112"}],"curies":[{"name":"wp","href":"https:\/\/api.w.org\/{rel}","templated":true}]}}