{"id":135118,"date":"2025-09-24T02:07:10","date_gmt":"2025-09-24T02:07:10","guid":{"rendered":"https:\/\/www.europesays.com\/es\/135118\/"},"modified":"2025-09-24T02:07:10","modified_gmt":"2025-09-24T02:07:10","slug":"condenado-a-prision-por-violencia-vicaria-tras-despenar-al-perro-que-tenia-con-su-expareja-en-su-presencia","status":"publish","type":"post","link":"https:\/\/www.europesays.com\/es\/135118\/","title":{"rendered":"Condenado a prisi\u00f3n por violencia vicaria tras despe\u00f1ar al perro que ten\u00eda con su expareja en su presencia"},"content":{"rendered":"<p class=\"article-text\">\n        El Juzgado de Violencia sobre la Mujer n\u00famero 2 de Las Palmas de Gran\u00a0Canaria ha condenado a 12 meses y un d\u00eda de prisi\u00f3n a un vecino de la\u00a0capital grancanaria que el pasado 13 de septiembre, en presencia de la que\u00a0era su pareja, tir\u00f3 por un risco costero al perro que ten\u00edan ambos como\u00a0mascota, un podenco de cuatro meses, caus\u00e1ndole la muerte.\u00a0\u00a0\n    <\/p>\n<p class=\"article-text\">\n        La sentencia es novedosa por cuanto, aplicando al caso la perspectiva de\u00a0g\u00e9nero, asume la competencia para conocer de un delito que en principio no ser\u00eda materia de los juzgados de Violencia sobre la Mujer \u2013el delito contra\u00a0los animales tipificado en el art\u00edculo 340 bis 3 del C\u00f3digo Penal- y lo\u00a0relaciona, en concurso medial, con un delito de maltrato psicol\u00f3gico del\u00a0art\u00edculo 153.1 del mismo texto legal.\u00a0\u00a0\n    <\/p>\n<p class=\"article-text\">\n        \u00a0\u201cAqu\u00ed\u201d, subraya la magistrada Auxiliadora D\u00edaz, \u201cla muerte del animal fue el\u00a0instrumento elegido para causar el menoscabo ps\u00edquico (\u2026). No se trata de\u00a0una mera simultaneada f\u00e1ctica, sino de una finalidad concreta: matar al\u00a0animal para quebrar ps\u00edquicamente a la mujer\u201d, subraya la sentencia.\u00a0\u00a0\n    <\/p>\n<p class=\"article-text\">\n        El fallo contempla como hechos probados que el pasado 13 de septiembre el\u00a0acusado llam\u00f3 por tel\u00e9fono a la que entonces era su pareja sentimental, y le\u00a0dijo: \u201cVoy a matar al perro y despu\u00e9s me mato\u201d, en referencia al podenco\u00a0de casi cuatro meses que era propiedad de ambos.\u00a0\u00a0\n    <\/p>\n<p class=\"article-text\">\n        A continuaci\u00f3n, sigue la sentencia, se dirigi\u00f3 por el Paseo de las Canteras\u00a0hasta la carretera del Rinc\u00f3n, donde se present\u00f3 su pareja, con la intenci\u00f3n\u00a0de recuperar a la mascota.\u00a0\u00a0\n    <\/p>\n<p class=\"article-text\">\n        Una vez all\u00ed, siempre seg\u00fan la resoluci\u00f3n judicial, el acusado le dijo a la\u00a0mujer \u201cno te acerques o tiro al perro y me mato\u201d.\u00a0\u00a0\n    <\/p>\n<p class=\"article-text\">\n        Acto seguido, \u201cy con \u00e1nimo de menoscabar la integridad ps\u00edquica de su\u00a0pareja, lanza al perro por un risco, golpe\u00e1ndose \u00e9ste contra las escoleras, lo\u00a0que provoc\u00f3 su muerte\u201d.\u00a0\u00a0\n    <\/p>\n<p class=\"article-text\">\n        A consecuencia de estos hechos, la mujer present\u00f3 un cuadro de afectaci\u00f3n\u00a0psicol\u00f3gica que precis\u00f3 una primera asistencia facultativa, con un tiempo de\u00a0curaci\u00f3n \u201cestimado en 90 d\u00edas\u201d.\u00a0\u00a0\n    <\/p>\n<p class=\"article-text\">\n        Aplicar la perspectiva de g\u00e9nero, expone la sentencia \u201csupone entender que\u00a0estamos ante un caso de violencia vicaria sobre animal de compa\u00f1\u00eda, cuyo\u00a0fin era perpetuar la dominaci\u00f3n y el control sobre la mujer, reforzando la\u00a0necesidad de una respuesta punitiva agravada y de medidas de protecci\u00f3n\u00a0eficaces\u201d.\u00a0\u00a0\n    <\/p>\n<p class=\"article-text\">\n        Al tipificar, adem\u00e1s del maltrato animal a la mascota, el da\u00f1o psicol\u00f3gico a\u00a0la mujer, la autoridad judicial asegura la medida de protecci\u00f3n a la\u00a0afectada: Adem\u00e1s de la condena de c\u00e1rcel \u2013que queda suspendida al\u00a0carecer el acusado de antecedentes y ser inferior a dos a\u00f1os-, la sentencia\u00a0proh\u00edbe al acusado acercarse a la denunciante o comunicarse con ella por\u00a0cualquier medio durante dos a\u00f1os y un d\u00eda.\u00a0\u00a0\n    <\/p>\n<p class=\"article-text\">\n        La sentencia es firme, pues el acusado admiti\u00f3 como cierto en relato del\u00a0fiscal y se conform\u00f3 con la pena. El juicio r\u00e1pido se celebr\u00f3 el pasado lunes\u00a022 de septiembre.\u00a0\n    <\/p>\n<p class=\"article-text\">\n        El 016 atiende a todas las v\u00edctimas de violencia machista las 24 horas del d\u00eda y en 53 idiomas diferentes, al igual que el correo 016-online@igualdad.gob.es; tambi\u00e9n se presta atenci\u00f3n mediante WhatsApp a trav\u00e9s del n\u00famero 600000016, y los menores pueden dirigirse al tel\u00e9fono de la Fundaci\u00f3n ANAR 900 20 20 10. No hace falta haber interpuesto denuncia ni hacerlo para recibir asistencia psicol\u00f3gica o asesoramiento.\n    <\/p>\n<p class=\"article-text\">\n        Tambi\u00e9n puedes llamar al 1-1-2, donde en Canarias se activar\u00e1 el Dispositivo de Mujeres Agredidas o a los tel\u00e9fonos de la Polic\u00eda Nacional (091) y de la Guardia Civil (062) y en caso de no poder llamar se puede recurrir a la aplicaci\u00f3n ALERTCOPS, desde la que se env\u00eda una se\u00f1al de alerta a la Polic\u00eda con geolocalizaci\u00f3n.\n    <\/p>\n","protected":false},"excerpt":{"rendered":"El Juzgado de Violencia sobre la Mujer n\u00famero 2 de Las Palmas de Gran\u00a0Canaria ha condenado a 12&hellip;\n","protected":false},"author":2,"featured_media":135119,"comment_status":"","ping_status":"","sticky":false,"template":"","format":"standard","meta":{"footnotes":""},"categories":[8],"tags":[42900,17,18,25174,25,24,31654,13,14,11,19,20,9,10,15,16,8515,2682,16733,23,8736,14850,12,21,22,42899,432],"class_list":{"0":"post-135118","1":"post","2":"type-post","3":"status-publish","4":"format-standard","5":"has-post-thumbnail","7":"category-espana","8":"tag-acantilado","9":"tag-breaking-news","10":"tag-breakingnews","11":"tag-condenado","12":"tag-es","13":"tag-espana","14":"tag-expareja","15":"tag-featured-news","16":"tag-featurednews","17":"tag-headlines","18":"tag-latest-news","19":"tag-latestnews","20":"tag-news","21":"tag-noticias","22":"tag-noticias-destacadas","23":"tag-noticiasdestacadas","24":"tag-perro","25":"tag-presencia","26":"tag-prision","27":"tag-spain","28":"tag-tenia","29":"tag-tirar","30":"tag-titulares","31":"tag-ultimas-noticias","32":"tag-ultimasnoticias","33":"tag-vicaria","34":"tag-violencia"},"share_on_mastodon":{"url":"","error":""},"_links":{"self":[{"href":"https:\/\/www.europesays.com\/es\/wp-json\/wp\/v2\/posts\/135118","targetHints":{"allow":["GET"]}}],"collection":[{"href":"https:\/\/www.europesays.com\/es\/wp-json\/wp\/v2\/posts"}],"about":[{"href":"https:\/\/www.europesays.com\/es\/wp-json\/wp\/v2\/types\/post"}],"author":[{"embeddable":true,"href":"https:\/\/www.europesays.com\/es\/wp-json\/wp\/v2\/users\/2"}],"replies":[{"embeddable":true,"href":"https:\/\/www.europesays.com\/es\/wp-json\/wp\/v2\/comments?post=135118"}],"version-history":[{"count":0,"href":"https:\/\/www.europesays.com\/es\/wp-json\/wp\/v2\/posts\/135118\/revisions"}],"wp:featuredmedia":[{"embeddable":true,"href":"https:\/\/www.europesays.com\/es\/wp-json\/wp\/v2\/media\/135119"}],"wp:attachment":[{"href":"https:\/\/www.europesays.com\/es\/wp-json\/wp\/v2\/media?parent=135118"}],"wp:term":[{"taxonomy":"category","embeddable":true,"href":"https:\/\/www.europesays.com\/es\/wp-json\/wp\/v2\/categories?post=135118"},{"taxonomy":"post_tag","embeddable":true,"href":"https:\/\/www.europesays.com\/es\/wp-json\/wp\/v2\/tags?post=135118"}],"curies":[{"name":"wp","href":"https:\/\/api.w.org\/{rel}","templated":true}]}}