{"id":135120,"date":"2025-09-24T02:08:13","date_gmt":"2025-09-24T02:08:13","guid":{"rendered":"https:\/\/www.europesays.com\/es\/135120\/"},"modified":"2025-09-24T02:08:13","modified_gmt":"2025-09-24T02:08:13","slug":"podemos-vota-con-pp-y-vox","status":"publish","type":"post","link":"https:\/\/www.europesays.com\/es\/135120\/","title":{"rendered":"Podemos vota con PP y Vox"},"content":{"rendered":"<p id=\"paragraph_1\">No habr\u00e1 \u00abdelegaci\u00f3n\u00bb de competencias en materia de inmigraci\u00f3n y fronteras a Catalu\u00f1a.<\/p>\n<p class=\"paragraph\" id=\"paragraph_2\">El Congreso de los Diputados ha rechazado la toma en consideraci\u00f3n de la proposici\u00f3n presentada por PSOE y Junts.\u00a0\u00a0<\/p>\n<p class=\"paragraph\" id=\"paragraph_3\">La iniciativa fue registrada por socialistas y posconvergentes antes del verano, tras la exigencia a S\u00e1nchez de someterse a una cuesti\u00f3n de confianza.<\/p>\n<p class=\"paragraph\" id=\"paragraph_4\">Para evitarla, el PSOE pact\u00f3 esa \u00abdelegaci\u00f3n\u00bb de competencias que ahora ya se sabe que no se llevar\u00e1 a cabo. Un escenario que, complica a\u00fan m\u00e1s, los Presupuestos.<\/p>\n<p><img loading=\"lazy\" decoding=\"async\" alt=\"Los socios de S\u00e1nchez reh\u00fayen iniciar las conversaciones sobre los Presupuestos hasta que no cumpla los pactos pendientes\" height=\"180\" src=\"https:\/\/www.europesays.com\/es\/wp-content\/uploads\/2025\/09\/1003743924487_258690709_320x180.jpg\" width=\"320\" data-lazy-status=\"processed\" data-lazy-info=\"remove loading item 1\"\/><\/p>\n<p class=\"paragraph\" id=\"paragraph_5\">Estos incumplimientos se suman al de la Ley de Amnist\u00eda, a\u00fan encallada en el Supremo, y al de la oficialidad del catal\u00e1n en la UE, bloqueada por la oposici\u00f3n de varios pa\u00edses como Alemania.<\/p>\n<p class=\"paragraph\" id=\"paragraph_6\">Otro aspecto destacado fue el resquebrajamiento de Sumar, que acudi\u00f3 al debate dividido. Incluso dos diputados rompieron la disciplina de voto y se unieron a PP, Vox, Podemos y UPN.<\/p>\n<p class=\"paragraph\" id=\"paragraph_7\">Se trata del diputado de la CHA,<strong> Jorge Pueyo<\/strong>, al igual que uno de los dos representantes de Comprom\u00eds, <strong>Alberto Ib\u00e1\u00f1ez<\/strong>, mientras que la otra nacionalista valenciana, <strong>\u00c1guedo Mic\u00f3,<\/strong> integrada en el Grupo Mixto, vot\u00f3 a favor.<\/p>\n<p class=\"paragraph\" id=\"paragraph_8\">Los de IU, que amagaron con votar en contra hasta el final, tuvieron varias reuniones durante toda la tarde y, al final, acabaron dando un voto afirmativo a la iniciativa de los socialistas y los independentistas.<\/p>\n<p class=\"paragraph\" id=\"paragraph_9\">La encargada de defender la proposici\u00f3n fueron<strong> Jos\u00e9 Zaragoza,<\/strong> por el PSOE, y\u00a0\u00a0<strong>Miriam Nogueras<\/strong>, por Junts.<\/p>\n<p class=\"paragraph\" id=\"paragraph_10\">La portavoz de Puigdemont defendi\u00f3 la necesidad del traspaso porque la \u00abmala gesti\u00f3n\u00bb en materia migratoria ha llevado a Catalu\u00f1a \u00abal colapso\u00bb.<\/p>\n<p class=\"paragraph\" id=\"paragraph_11\">En su intervenci\u00f3n, describi\u00f3 un sistema educativo que se est\u00e1 \u00abresintiendo\u00bb y denunci\u00f3 que \u00abno hay recursos\u00bb para sostener el Estado del Bienestar.<\/p>\n<p class=\"paragraph\" id=\"paragraph_12\">\u00abEl Estado no ha podido controlar este fen\u00f3meno. Lo queremos hacer nosotros\u00bb, afirm\u00f3 la diputada independentista, advirtiendo de que, de lo contrario, se \u00abdejar\u00e1 abierta la puerta\u00bb a \u00abradicalizar la sociedad\u00bb.<\/p>\n<p class=\"paragraph\" id=\"paragraph_13\">El diputado de Podemos, <strong>Javier S\u00e1nchez Serna<\/strong>, critic\u00f3 que se presente la inmigraci\u00f3n \u00abcomo algo que hay que contener\u00bb y calific\u00f3 la propuesta de \u00abracista\u00bb.<\/p>\n<p class=\"paragraph\" id=\"paragraph_14\">\u00abLo que han pactado es decidir qu\u00e9 administraci\u00f3n ejerce el racismo y la presi\u00f3n sobre el inmigrante\u00bb, se\u00f1al\u00f3.<\/p>\n<p class=\"paragraph\" id=\"paragraph_15\">En contraste, desde el PP, <strong>Nacho Mart\u00edn Blanco<\/strong> denunci\u00f3 que se pretenda ceder \u00absoberan\u00eda\u00bb y critic\u00f3 el uso del eufemismo \u00abdelegaci\u00f3n\u00bb, \u00abcuando saben que se trata de un traspaso\u00bb.<\/p>\n<p class=\"paragraph\" id=\"paragraph_16\">Desde el partido de Feij\u00f3o censuraron adem\u00e1s que la iniciativa se lleve como \u00abproyecto de ley\u00bb, lo que evita el paso por los \u00f3rganos constitucionales que s\u00ed exigir\u00eda una iniciativa del Gobierno, porque \u00abquieren hurtar a las instituciones la posibilidad de pronunciarse\u00bb.<\/p>\n<p class=\"paragraph\" id=\"paragraph_17\">En la misma l\u00ednea, la portavoz de Vox, <strong>Pepa Mill\u00e1n<\/strong>, recalc\u00f3 que \u00abno hay 17 fronteras, hay una sola frontera\u00bb.<\/p>\n<p class=\"paragraph\" id=\"paragraph_18\">Desde el PSC, <strong>Jos\u00e9 Zaragoza<\/strong> opt\u00f3 por obviar las cr\u00edticas de la izquierda y culp\u00f3 al PP de la ca\u00edda de la proposici\u00f3n.<\/p>\n<p class=\"paragraph\" id=\"paragraph_19\">\u00abPactaron todo con Pujol hasta suprimir los gobiernos civiles\u00bb, reproch\u00f3, al tiempo que asegur\u00f3 que \u00abcon la normalidad que se est\u00e1 consiguiendo en Catalu\u00f1a, podr\u00e1n pactar con Junts\u00bb.<\/p>\n<p class=\"paragraph\" id=\"paragraph_20\">Por la coalici\u00f3n de <strong>Yolanda D\u00edaz<\/strong> solo intervino <strong>Aina Vidal,<\/strong> de los Comunes, para defender que \u00ablas competencias no son de ning\u00fan partido ni para ning\u00fan partido; son para un pa\u00eds\u00bb.<\/p>\n<p class=\"paragraph\" id=\"paragraph_21\">El otro \u00abelefante en la habitaci\u00f3n\u00bb fue la irrupci\u00f3n de un nuevo actor en el panorama catal\u00e1n: Alian\u00e7a Catalana, el partido de extrema derecha liderado por<strong> Silvia Orriols<\/strong>, alcaldesa de Ripoll.<\/p>\n<p class=\"paragraph\" id=\"paragraph_22\">En ese contexto, el portavoz de ERC, <strong>Gabriel Rufi\u00e1n<\/strong> se dirigi\u00f3 a Nogueras para reprocharle su discurso \u00abracista\u00bb.<\/p>\n<p class=\"paragraph\" id=\"paragraph_23\">\u00abUsted ha hablado de colapso, de saturaci\u00f3n\u00bb, se\u00f1al\u00f3, antes de remarcar que \u00aba nadie se le escapa por qu\u00e9 la derecha catalana est\u00e1 pidiendo hoy la transferencia de competencias\u00bb.<\/p>\n<p class=\"paragraph\" id=\"paragraph_24\">A\u00f1adi\u00f3 con iron\u00eda: \u00abDe 0 a 10, \u00bfcu\u00e1nto miedo tienen a Alian\u00e7a Catalana?\u00bb. La pregunta provoc\u00f3 gestos de sorpresa en los diputados de Junts.<\/p>\n<p class=\"paragraph\" id=\"paragraph_25\">Pese a sus cr\u00edticas, Rufi\u00e1n defendi\u00f3 el voto favorable de ERC, argumentando: \u00abNo son unas competencias para la derecha catalana, por suerte\u00bb.<\/p>\n<p class=\"paragraph\" id=\"paragraph_26\">\u00abEstas no son unas competencias para la derecha catalana, por suerte\u00bb, concluy\u00f3.<\/p>\n","protected":false},"excerpt":{"rendered":"No habr\u00e1 \u00abdelegaci\u00f3n\u00bb de competencias en materia de inmigraci\u00f3n y fronteras a Catalu\u00f1a. El Congreso de los Diputados&hellip;\n","protected":false},"author":2,"featured_media":135121,"comment_status":"","ping_status":"","sticky":false,"template":"","format":"standard","meta":{"footnotes":""},"categories":[5],"tags":[17,18,3834,42449,25,24,13,14,11,590,19,20,35916,9,10,15,16,6066,2959,952,2957,23,12,21,22,624],"class_list":{"0":"post-135120","1":"post","2":"type-post","3":"status-publish","4":"format-standard","5":"has-post-thumbnail","7":"category-titulares","8":"tag-breaking-news","9":"tag-breakingnews","10":"tag-carles-puigdemont","11":"tag-competencias-autonomicas","12":"tag-es","13":"tag-espana","14":"tag-featured-news","15":"tag-featurednews","16":"tag-headlines","17":"tag-inmigracion","18":"tag-latest-news","19":"tag-latestnews","20":"tag-miriam-nogueras","21":"tag-news","22":"tag-noticias","23":"tag-noticias-destacadas","24":"tag-noticiasdestacadas","25":"tag-partido-popular-pp","26":"tag-pedro-sanchez","27":"tag-politica","28":"tag-psoe-partido-socialista-obrero-espanol","29":"tag-spain","30":"tag-titulares","31":"tag-ultimas-noticias","32":"tag-ultimasnoticias","33":"tag-vox"},"share_on_mastodon":{"url":"","error":""},"_links":{"self":[{"href":"https:\/\/www.europesays.com\/es\/wp-json\/wp\/v2\/posts\/135120","targetHints":{"allow":["GET"]}}],"collection":[{"href":"https:\/\/www.europesays.com\/es\/wp-json\/wp\/v2\/posts"}],"about":[{"href":"https:\/\/www.europesays.com\/es\/wp-json\/wp\/v2\/types\/post"}],"author":[{"embeddable":true,"href":"https:\/\/www.europesays.com\/es\/wp-json\/wp\/v2\/users\/2"}],"replies":[{"embeddable":true,"href":"https:\/\/www.europesays.com\/es\/wp-json\/wp\/v2\/comments?post=135120"}],"version-history":[{"count":0,"href":"https:\/\/www.europesays.com\/es\/wp-json\/wp\/v2\/posts\/135120\/revisions"}],"wp:featuredmedia":[{"embeddable":true,"href":"https:\/\/www.europesays.com\/es\/wp-json\/wp\/v2\/media\/135121"}],"wp:attachment":[{"href":"https:\/\/www.europesays.com\/es\/wp-json\/wp\/v2\/media?parent=135120"}],"wp:term":[{"taxonomy":"category","embeddable":true,"href":"https:\/\/www.europesays.com\/es\/wp-json\/wp\/v2\/categories?post=135120"},{"taxonomy":"post_tag","embeddable":true,"href":"https:\/\/www.europesays.com\/es\/wp-json\/wp\/v2\/tags?post=135120"}],"curies":[{"name":"wp","href":"https:\/\/api.w.org\/{rel}","templated":true}]}}