{"id":135126,"date":"2025-09-24T02:15:09","date_gmt":"2025-09-24T02:15:09","guid":{"rendered":"https:\/\/www.europesays.com\/es\/135126\/"},"modified":"2025-09-24T02:15:09","modified_gmt":"2025-09-24T02:15:09","slug":"si-soy-competitivo-en-2026-sera-el-momento-de-dejarlo-en-lo-alto-si-no-puede-que-siga","status":"publish","type":"post","link":"https:\/\/www.europesays.com\/es\/135126\/","title":{"rendered":"Si soy competitivo en 2026, ser\u00e1 el momento de dejarlo en lo alto. Si no, puede que siga"},"content":{"rendered":"<p data-gtm-element-container=\"modulo-texto-link\" class=\"paragraph\">Fernando Alonso ha explicado en la cuenta de Instagram de Aston Martin F1 cu\u00e1les son sus planes de futuro en el equipo y en la F\u00f3rmula Uno. Con 2026 como a\u00f1o clave para una redistribuci\u00f3n de poderes entre las escuder\u00edas a partir de la introducci\u00f3n de las nuevas reglas del campeonato que pueden favorecer un salto de calidad de Aston Martin, el asturiano sigue dejando abiertas dos posibilidades: acabar su carrera en 2026, al final de la pr\u00f3xima temporada, si ve cumplidos sus objetivos de competitividad, o seguir al menos un a\u00f1o m\u00e1s, hasta 2027<\/p>\n<p data-gtm-element-container=\"modulo-texto-link\" class=\"paragraph\">\u00abSi somos competitivos en 2026 hay m\u00e1s posibilidades de que pare, pero dejaremos la decisi\u00f3n para el pr\u00f3ximo a\u00f1o\u00bb, se\u00f1al\u00f3 Alonso, en referencia a que una \u00faltima temporada siendo protagonista del Mundial, con buenos resultados y competitividad, ser\u00eda el momento ideal de dejarlo.\u00a0<\/p>\n<p>        Lee tambi\u00e9n<\/p>\n<p>    Elvira Gonz\u00e1lez<\/p>\n<p>             <img loading=\"lazy\" decoding=\"async\" data-full-src=\"https:\/\/www.mundodeportivo.com\/uploads\/2025\/07\/23\/6880afac13d2e.jpeg\" alt=\".\" width=\"334\" height=\"164\" src=\"https:\/\/www.europesays.com\/es\/wp-content\/uploads\/2025\/09\/6880afac13d2e.r_d.398-329.jpeg\" class=\"lazy\"\/><\/p>\n<p data-gtm-element-container=\"modulo-texto-link\" class=\"paragraph\">\u00abNo se trata solo de m\u00ed, se trata de ayudar a Aston Martin a ser campe\u00f3n, conmigo o no al volante. Es el objetivo de mi segunda etapa en la F1 y estar\u00e9 abierto a ayudar al equipo\u00bb, ampli\u00f3 el ovetense. \u00abSi las cosas van bien, creo que el final de 2026 es un buen momento para parar. Si tengo un coche competitivo, ser\u00e1 una muy buena manera de cerrar mi carrera\u00bb.<\/p>\n<p data-gtm-element-container=\"modulo-texto-link\" class=\"paragraph\">E insisti\u00f3 en la idea: \u00abSi somos competitivos, ser\u00e1 m\u00e1s f\u00e1cil que pare. Pero si no, ser\u00e1 m\u00e1s dif\u00edcil que diga basta\u00bb, dijo en una clara alusi\u00f3n a la posibilidad de que vuelva a intentarlo en 2027. Porque Alonso est\u00e1 empe\u00f1ado en cerrar su carrera por todo lo alto. Si hace falta, en 2027.<\/p>\n","protected":false},"excerpt":{"rendered":"Fernando Alonso ha explicado en la cuenta de Instagram de Aston Martin F1 cu\u00e1les son sus planes de&hellip;\n","protected":false},"author":2,"featured_media":135127,"comment_status":"","ping_status":"","sticky":false,"template":"","format":"standard","meta":{"footnotes":""},"categories":[270],"tags":[168,25,24,306,271,272,23,167],"class_list":{"0":"post-135126","1":"post","2":"type-post","3":"status-publish","4":"format-standard","5":"has-post-thumbnail","7":"category-formula-1","8":"tag-deportes","9":"tag-es","10":"tag-espana","11":"tag-f1","12":"tag-formula-1","13":"tag-formula1","14":"tag-spain","15":"tag-sports"},"share_on_mastodon":{"url":"","error":""},"_links":{"self":[{"href":"https:\/\/www.europesays.com\/es\/wp-json\/wp\/v2\/posts\/135126","targetHints":{"allow":["GET"]}}],"collection":[{"href":"https:\/\/www.europesays.com\/es\/wp-json\/wp\/v2\/posts"}],"about":[{"href":"https:\/\/www.europesays.com\/es\/wp-json\/wp\/v2\/types\/post"}],"author":[{"embeddable":true,"href":"https:\/\/www.europesays.com\/es\/wp-json\/wp\/v2\/users\/2"}],"replies":[{"embeddable":true,"href":"https:\/\/www.europesays.com\/es\/wp-json\/wp\/v2\/comments?post=135126"}],"version-history":[{"count":0,"href":"https:\/\/www.europesays.com\/es\/wp-json\/wp\/v2\/posts\/135126\/revisions"}],"wp:featuredmedia":[{"embeddable":true,"href":"https:\/\/www.europesays.com\/es\/wp-json\/wp\/v2\/media\/135127"}],"wp:attachment":[{"href":"https:\/\/www.europesays.com\/es\/wp-json\/wp\/v2\/media?parent=135126"}],"wp:term":[{"taxonomy":"category","embeddable":true,"href":"https:\/\/www.europesays.com\/es\/wp-json\/wp\/v2\/categories?post=135126"},{"taxonomy":"post_tag","embeddable":true,"href":"https:\/\/www.europesays.com\/es\/wp-json\/wp\/v2\/tags?post=135126"}],"curies":[{"name":"wp","href":"https:\/\/api.w.org\/{rel}","templated":true}]}}