{"id":135135,"date":"2025-09-24T02:21:15","date_gmt":"2025-09-24T02:21:15","guid":{"rendered":"https:\/\/www.europesays.com\/es\/135135\/"},"modified":"2025-09-24T02:21:15","modified_gmt":"2025-09-24T02:21:15","slug":"asi-ha-sido-el-gran-enfrentamiento-entre-sonia-monroy-y-fani-carbajo-en-supervivientes-all-stars-son-dos-viboras","status":"publish","type":"post","link":"https:\/\/www.europesays.com\/es\/135135\/","title":{"rendered":"As\u00ed ha sido el gran enfrentamiento entre Sonia Monroy y Fani Carbajo en &#8216;Supervivientes All Stars&#8217;: \u00abSon dos v\u00edboras\u00bb"},"content":{"rendered":"<p id=\"eOTvq-TqA1\" data-wc=\"112\">Como cada lunes, <strong>Jorge Javier V\u00e1zquez ha dado la bienvenida a una nueva entrega de\u00a0Supervivientes All Stars 2025.<\/strong> A las 22:00 horas ha comenzado Tierra de Nadie, donde el presentador ha saludado a la audiencia antes de ceder el testigo a Laura Madrue\u00f1o, quien ha tomado el relevo con su habitual energ\u00eda. Ha sido una noche marcada por la tensi\u00f3n constante y los enfrentamientos entre concursantes, elementos que han centrado la atenci\u00f3n del programa. En especial, el conflicto vivido este domingo entre <strong>Sonia Monroy y Fani Carbajo<\/strong> ha sido protagonista absoluto, generando un profundo malestar entre los participantes y dividiendo a los habitantes de la Palapa en dos bandos claramente enfrentados.\u00a0<\/p>\n<p> <img src=\"https:\/\/www.europesays.com\/es\/wp-content\/uploads\/2025\/09\/c6631d0e7223-sv3.jpg\"   width=\"1024\" height=\"580\" loading=\"lazy\" decoding=\"async\" alt=\"Media Image\" fetchpriority=\"auto\" class=\"image ho-image\"\/>\u00a9 Telecinco<\/p>\n<p id=\"ekmAEj8YeT\" data-wc=\"94\">Durante los \u00faltimos d\u00edas, se han producido varias discusiones entre <a class=\"hm-link ho-link\" href=\"https:\/\/www.hola.com\/actualidad\/20250722845869\/de-gloria-camila-a-jessica-bueno-estos-son-los-concursantes-de-supervivientes-all-stars-2-en-telecinco\/\" data-mrf-recirculation=\"article-body-link\" rel=\"nofollow noopener\" target=\"_blank\">los concursantes de Supervivientes All Stars 2025.\u00a0<\/a>Tras la intensa pelea entre Gloria Camila y Alejandro Albal\u00e1, ha tenido lugar el enfrentamiento entre Sonia Monroy y Fani Carbajo. Un conflicto que, adem\u00e1s, seg\u00fan ha explicado Jorge Javier V\u00e1zquez, ha provocado la formaci\u00f3n de dos grupos claramente diferenciados: <strong>\u00abMiri y Sonia por un lado, y en el otro se encuentran Adara, Fani y Tony\u00bb<\/strong>. \u00ab\u00bfTiene que ver con que se olvidaran del reparto de pizza?\u00bb, le ha preguntado el presentador de Telecinco a la artista.<\/p>\n<p> <img src=\"https:\/\/www.europesays.com\/es\/wp-content\/uploads\/2025\/09\/17893535d543-g1addrtxkaa4kxq.jpg\"   width=\"1024\" height=\"661\" loading=\"lazy\" decoding=\"async\" alt=\"Media Image\" fetchpriority=\"auto\" class=\"image ho-image\"\/>\u00a9 Telecinco<\/p>\n<p id=\"eymlaWnLV_\" data-wc=\"153\"><strong>\u00abMe sent\u00ed s\u00faper desplazada<\/strong>. Yo pensaba que me llevaba bien con todos y, de repente, me vi totalmente apartada. Fui como la boya que hay en el mar: sola y la \u00faltima\u00bb, ha explicado Sonia sobre lo ocurrido. Los hechos tuvieron lugar este domingo, tras el reparto de una pizza en el que<a class=\"hm-link ho-link\" href=\"https:\/\/www.hola.com\/actualidad\/20250818850781\/supervivientes-all-stars-2025-concursantes-confirmados\/\" data-mrf-recirculation=\"article-body-link\" rel=\"nofollow noopener\" target=\"_blank\">\u00a0Fani Carbajo no tuvo en cuenta a su compa\u00f1era y no le guard\u00f3 ning\u00fan trozo<\/a>.\u00bbEsto ten\u00eda que pasar para darme cuenta de qui\u00e9n vale y qui\u00e9n no en mi vida. Vas a tener a Sonia muy cerquita. Has elegido a Noel despu\u00e9s de que la semana pasada me pidieras que lo votara para que se fuera, y me dijiste que \u00e9l me iba a nominar a m\u00ed. Esta se\u00f1ora \u2014Fani\u2014 se cree que tengo 20 a\u00f1os, y no. No me voy a callar ni voy a dejar que nadie me pise\u00bb, ha declarado la cantante y actriz, de 52 a\u00f1os.<\/p>\n<p> <img src=\"https:\/\/www.europesays.com\/es\/wp-content\/uploads\/2025\/09\/31ad142a8018-sv2.jpg\"   width=\"1024\" height=\"555\" loading=\"lazy\" decoding=\"async\" alt=\"Media Image\" fetchpriority=\"auto\" class=\"image ho-image\"\/>\u00a9 Telecinco<\/p>\n<p id=\"egKvsT3Mzb\" data-wc=\"81\">Despu\u00e9s de que el programa haya emitido un v\u00eddeo en el que Miri y Sonia criticaban abiertamente a varios de sus compa\u00f1eros, la que fuera participante de la primera edici\u00f3n de La isla de las tentaciones, no ha dudado en reaccionar con contundencia:<strong>\u00a0\u00abSon dos v\u00edboras\u00bb.<\/strong> Adem\u00e1s, las dos amigas han puesto motes a sus compa\u00f1eros: \u201c<strong>Adara es la Drama Queen, Fani la Falsa Queen y Tony el Mosca Queen<\/strong>, porque ni sirve para nada, al menos un mosquito hace algo\u201d. <\/p>\n<p id=\"eL3FqA9L6Mf\" data-wc=\"54\">Por su parte, Tony Spina tambi\u00e9n ha querido pronunciarse s<strong>obre la pol\u00e9mica<\/strong>: \u00abYo tengo mucha personalidad, y tanto a Adara como a Fani les digo las cosas cuando algo no me gusta. Adem\u00e1s, soy el que siempre va a pescar. Y te digo una cosa m\u00e1s, Miri: bien que luego te comes mis pececitos\u00bb.<\/p>\n<p> <img src=\"https:\/\/www.europesays.com\/es\/wp-content\/uploads\/2025\/09\/d45deb97286a-sin-ttulo2.jpg\"   width=\"1024\" height=\"527\" loading=\"lazy\" decoding=\"async\" alt=\"Media Image\" fetchpriority=\"auto\" class=\"image ho-image\"\/>\u00a9 Telecinco<\/p>\n<p> <img src=\"https:\/\/www.europesays.com\/es\/wp-content\/uploads\/2025\/09\/f4d298b25ec4-sv.jpg\"   width=\"1024\" height=\"580\" loading=\"lazy\" decoding=\"async\" alt=\"Media Image\" fetchpriority=\"auto\" class=\"image ho-image\"\/>\u00a9 Telecinco<\/p>\n<p id=\"e9hJby0guM\" data-wc=\"123\">Durante todo este tiempo, Adara se ha mantenido en silencio, observando atentamente la situaci\u00f3n. Cabe recordar que la exconcursante de Gran Hermano estuvo<a class=\"hm-link ho-link\" href=\"https:\/\/www.hola.com\/actualidad\/20250922857162\/adara-molinero-protagoniza-un-ordago-emocional\/\" data-mrf-recirculation=\"article-body-link\" rel=\"nofollow noopener\" target=\"_blank\">\u00a0a punto de abandonar el programa este pasado fin de semana,<\/a> tras la expulsi\u00f3n de su madre, que fue la \u00faltima en dejar la isla. Sin embargo, finalmente ha decidido continuar en la aventura y, tras varios d\u00edas en un segundo plano, ha roto su silencio en plena pol\u00e9mica con sus compa\u00f1eros. Despu\u00e9s de que la tensi\u00f3n haya estallado en la playa y los concursantes hayan empezado a hablarse a gritos, interrumpi\u00e9ndose unos a otros, la influencer ha tomado la palabra para lanzar una dura cr\u00edtica contra Miri y Sonia: <strong>\u00abSe pasan el d\u00eda tumbadas, echando veneno por la boca\u00bb.<\/strong><\/p>\n","protected":false},"excerpt":{"rendered":"Como cada lunes, Jorge Javier V\u00e1zquez ha dado la bienvenida a una nueva entrega de\u00a0Supervivientes All Stars 2025.&hellip;\n","protected":false},"author":2,"featured_media":135136,"comment_status":"","ping_status":"","sticky":false,"template":"","format":"standard","meta":{"footnotes":""},"categories":[171],"tags":[517,253,146,147,25,24,23,3947,692,214],"class_list":{"0":"post-135135","1":"post","2":"type-post","3":"status-publish","4":"format-standard","5":"has-post-thumbnail","7":"category-tv","8":"tag-actualidad","9":"tag-discover","10":"tag-entertainment","11":"tag-entretenimiento","12":"tag-es","13":"tag-espana","14":"tag-spain","15":"tag-supervivientes","16":"tag-telecinco","17":"tag-tv"},"share_on_mastodon":{"url":"","error":""},"_links":{"self":[{"href":"https:\/\/www.europesays.com\/es\/wp-json\/wp\/v2\/posts\/135135","targetHints":{"allow":["GET"]}}],"collection":[{"href":"https:\/\/www.europesays.com\/es\/wp-json\/wp\/v2\/posts"}],"about":[{"href":"https:\/\/www.europesays.com\/es\/wp-json\/wp\/v2\/types\/post"}],"author":[{"embeddable":true,"href":"https:\/\/www.europesays.com\/es\/wp-json\/wp\/v2\/users\/2"}],"replies":[{"embeddable":true,"href":"https:\/\/www.europesays.com\/es\/wp-json\/wp\/v2\/comments?post=135135"}],"version-history":[{"count":0,"href":"https:\/\/www.europesays.com\/es\/wp-json\/wp\/v2\/posts\/135135\/revisions"}],"wp:featuredmedia":[{"embeddable":true,"href":"https:\/\/www.europesays.com\/es\/wp-json\/wp\/v2\/media\/135136"}],"wp:attachment":[{"href":"https:\/\/www.europesays.com\/es\/wp-json\/wp\/v2\/media?parent=135135"}],"wp:term":[{"taxonomy":"category","embeddable":true,"href":"https:\/\/www.europesays.com\/es\/wp-json\/wp\/v2\/categories?post=135135"},{"taxonomy":"post_tag","embeddable":true,"href":"https:\/\/www.europesays.com\/es\/wp-json\/wp\/v2\/tags?post=135135"}],"curies":[{"name":"wp","href":"https:\/\/api.w.org\/{rel}","templated":true}]}}