{"id":135137,"date":"2025-09-24T02:23:09","date_gmt":"2025-09-24T02:23:09","guid":{"rendered":"https:\/\/www.europesays.com\/es\/135137\/"},"modified":"2025-09-24T02:23:09","modified_gmt":"2025-09-24T02:23:09","slug":"la-novia-ya-tiene-trailer-christian-bale-luce-irreconocible-como-frankenstein-en-la-cinta-de-maggie-gyllenhaal","status":"publish","type":"post","link":"https:\/\/www.europesays.com\/es\/135137\/","title":{"rendered":"\u2018\u00a1La novia!\u2019 ya tiene tr\u00e1iler: Christian Bale luce irreconocible como Frankenstein en la cinta de Maggie Gyllenhaal"},"content":{"rendered":"<p class=\"\">Los amantes del terror cl\u00e1sico est\u00e1n de suerte. Tan solo cinco meses despu\u00e9s de que <a href=\"https:\/\/as.com\/meristation\/cine\/guillermo-del-toro-ya-esta-preparando-su-proxima-pelicula-y-contara-de-nuevo-con-este-actor-de-frankenstein-n\/\" target=\"_self\" rel=\"nofollow noopener\" title=\"https:\/\/as.com\/meristation\/cine\/guillermo-del-toro-ya-esta-preparando-su-proxima-pelicula-y-contara-de-nuevo-con-este-actor-de-frankenstein-n\/\">Guillermo del Toro<\/a> estrene la anticipada adaptaci\u00f3n de la novela de Mary Shelley que dio por primera vez vida al desdichado engendro de V\u00edctor Frankenstein, Maggie Gyllenhaal llegar\u00e1 a los cines con su versi\u00f3n de \u2018La novia de Frankenstein\u2019. Por su primer tr\u00e1iler publicado por Warner Bros., la cinta promete ser una historia de amor repleta de peligro y locura.<\/p>\n<p><b>\u2018La novia!: sinopsis, reparto y fecha de estreno<\/b><\/p>\n<p class=\"\">Tras en 2022 deslumbrar a la cr\u00edtica con su debut directoral, la nominada al Oscar Maggie Gyllenhaal dirige y escribe este remake de la cinta de 1935 en la que Frankenstein crea una compa\u00f1era con la que iniciar\u00e1 un tumultoso romance. Con <a href=\"https:\/\/as.com\/meristation\/cine\/es-la-pelicula-mas-infravalorada-de-christian-bale-y-recuerda-a-grandes-clasicos-distopicos-de-la-literatura-n\/\" target=\"_self\" rel=\"nofollow noopener\" title=\"https:\/\/as.com\/meristation\/cine\/es-la-pelicula-mas-infravalorada-de-christian-bale-y-recuerda-a-grandes-clasicos-distopicos-de-la-literatura-n\/\">Christian Bale<\/a> y <a href=\"https:\/\/as.com\/meristation\/cine\/la-proxima-pelicula-de-paul-mescal-se-dirige-a-los-oscar-tras-ganar-este-favorable-reconocimiento-n\/\" target=\"_self\" rel=\"nofollow noopener\" title=\"https:\/\/as.com\/meristation\/cine\/la-proxima-pelicula-de-paul-mescal-se-dirige-a-los-oscar-tras-ganar-este-favorable-reconocimiento-n\/\">Jesse Buckley<\/a> como protagonistas, la cineasta detr\u00e1s de de \u2018La hija oscura\u2019 tambi\u00e9n cuenta con la participaci\u00f3n de actores de la talla de <b>Pen\u00e9lope Cruz, Anette Bening, Jake Gyllenhaal y Peter Sarsgaard<\/b>. A pesar de que estuviera previsto su estreno para el 26 de septiembre de 2025, finalmente la cinta llegar\u00e1 a las salas el 6 de marzo de 2026.<\/p>\n<p>Noticias relacionadas<\/p>\n<p class=\"\">Suscr\u00edbete al <a href=\"https:\/\/www.youtube.com\/@meristation\" target=\"_self\" rel=\"nofollow noopener\" title=\"https:\/\/www.youtube.com\/@meristation\">canal de MeriStation en YouTube<\/a>, tu web de videojuegos y entretenimiento para conocer todas las noticias y novedades sobre el mundo del videojuego, cine, series, manga y anime. An\u00e1lisis, entrevistas, tr\u00e1ileres, gameplays, p\u00f3dcast y mucho m\u00e1s. Tambi\u00e9n te animamos a seguir <a href=\"https:\/\/www.tiktok.com\/@meristation\" rel=\"nofollow noopener\" title=\"https:\/\/www.tiktok.com\/@meristation\" target=\"_blank\">nuestra cuenta de TikTok<\/a>. <\/p>\n<p class=\"\">\u00a1S\u00edguenos en ambas y, si est\u00e1s interesado en licenciar este contenido, pincha <a href=\"https:\/\/profesional.elpais.com\/soluciones-sindicacion?utm_medium=interno&amp;utm_source=crosslinking&amp;utm_campaign=sindicacion_as_pie_articulos\" target=\"_blank\" rel=\"nofollow noopener\" title=\"https:\/\/profesional.elpais.com\/soluciones-sindicacion?utm_medium=interno&amp;utm_source=crosslinking&amp;utm_campaign=sindicacion_as_pie_articulos\">aqu\u00ed<\/a>!<\/p>\n<p><script async src=\"\/\/www.tiktok.com\/embed.js\"><\/script><\/p>\n","protected":false},"excerpt":{"rendered":"Los amantes del terror cl\u00e1sico est\u00e1n de suerte. Tan solo cinco meses despu\u00e9s de que Guillermo del Toro&hellip;\n","protected":false},"author":2,"featured_media":135138,"comment_status":"","ping_status":"","sticky":false,"template":"","format":"standard","meta":{"footnotes":""},"categories":[169],"tags":[177,146,147,25,24,176,175,23],"class_list":{"0":"post-135137","1":"post","2":"type-post","3":"status-publish","4":"format-standard","5":"has-post-thumbnail","7":"category-cine","8":"tag-cine","9":"tag-entertainment","10":"tag-entretenimiento","11":"tag-es","12":"tag-espana","13":"tag-film","14":"tag-movies","15":"tag-spain"},"share_on_mastodon":{"url":"","error":""},"_links":{"self":[{"href":"https:\/\/www.europesays.com\/es\/wp-json\/wp\/v2\/posts\/135137","targetHints":{"allow":["GET"]}}],"collection":[{"href":"https:\/\/www.europesays.com\/es\/wp-json\/wp\/v2\/posts"}],"about":[{"href":"https:\/\/www.europesays.com\/es\/wp-json\/wp\/v2\/types\/post"}],"author":[{"embeddable":true,"href":"https:\/\/www.europesays.com\/es\/wp-json\/wp\/v2\/users\/2"}],"replies":[{"embeddable":true,"href":"https:\/\/www.europesays.com\/es\/wp-json\/wp\/v2\/comments?post=135137"}],"version-history":[{"count":0,"href":"https:\/\/www.europesays.com\/es\/wp-json\/wp\/v2\/posts\/135137\/revisions"}],"wp:featuredmedia":[{"embeddable":true,"href":"https:\/\/www.europesays.com\/es\/wp-json\/wp\/v2\/media\/135138"}],"wp:attachment":[{"href":"https:\/\/www.europesays.com\/es\/wp-json\/wp\/v2\/media?parent=135137"}],"wp:term":[{"taxonomy":"category","embeddable":true,"href":"https:\/\/www.europesays.com\/es\/wp-json\/wp\/v2\/categories?post=135137"},{"taxonomy":"post_tag","embeddable":true,"href":"https:\/\/www.europesays.com\/es\/wp-json\/wp\/v2\/tags?post=135137"}],"curies":[{"name":"wp","href":"https:\/\/api.w.org\/{rel}","templated":true}]}}