{"id":135143,"date":"2025-09-24T02:29:07","date_gmt":"2025-09-24T02:29:07","guid":{"rendered":"https:\/\/www.europesays.com\/es\/135143\/"},"modified":"2025-09-24T02:29:07","modified_gmt":"2025-09-24T02:29:07","slug":"trump-cambia-de-postura-y-dice-que-ucrania-puede-recuperar-el-territorio-ocupado-por-rusia","status":"publish","type":"post","link":"https:\/\/www.europesays.com\/es\/135143\/","title":{"rendered":"Trump cambia de postura y dice que Ucrania puede recuperar el territorio ocupado por Rusia"},"content":{"rendered":"<p class=\"L6-news-detail__text\">El presidente de Estados Unidos, Donald Trump, ha vivido este martes un cambio de postura sobre la <b><a title=\"guerra de Rusia y Ucrania\" href=\"https:\/\/www.lasexta.com\/noticias\/internacional\/rusia-ucrania-guerra_2025090968bfd95b7dd380649b1bbf14.html\" target=\"_blank\" rel=\"nofollow noopener\">guerra de Rusia y Ucrania<\/a><\/b>. Ahora Trump defiende que Ucrania, con el apoyo de la Uni\u00f3n Europea, <b>est\u00e1 en condiciones de ganar la guerra a Rusia<\/b> y recuperar los territorios ocupados.<\/p>\n<p class=\"L6-news-detail__text\">\u00abCon tiempo, paciencia y el apoyo financiero de Europa, y en particular de la OTAN, (recuperar) las fronteras originales desde donde comenz\u00f3 esta guerra es una opci\u00f3n viable. \u00bfPor qu\u00e9 no? Rusia <b>lleva tres a\u00f1os y medio luchando sin rumbo<\/b> en una guerra que una aut\u00e9ntica potencia militar deber\u00eda haber ganado en menos de una semana\u00bb, ha afirmado en un mensaje publicado en Truth Social.<\/p>\n<p class=\"L6-news-detail__text\">Trump ha vuelto a incidir en los <b>\u00abproblemas econ\u00f3micos\u00bb de Rusia<\/b>, asegurando que queda poco para que la poblaci\u00f3n se d\u00e9 cuenta \u00abde la verdadera naturaleza de esta guerra\u00bb. \u00abUcrania podr\u00eda recuperar su pa\u00eds en su forma original y, qui\u00e9n sabe, quiz\u00e1s<b> ir incluso m\u00e1s all\u00e1<\/b>\u00ab, ha aseverado, agregando que \u00abes el momento\u00bb de que Kyiv act\u00fae.<\/p>\n<p class=\"L6-news-detail__text\">El radical cambio de postura se produce tras una<b> reuni\u00f3n con el presidente de Ucrania<\/b>, Volodimir Zelenski, celebrada en los m\u00e1rgenes de la <b><a title=\"Asamblea General de la ONU\" href=\"https:\/\/www.lasexta.com\/programas\/lasexta-clave\/80-anos-onu-imagen-misma-mas-debil-que-nunca-recursos-soluciones-grandes-conflictos-globales_2025092368d2f5a25f87ee0831fa9404.html\" target=\"_blank\" rel=\"nofollow noopener\">Asamblea General de la ONU<\/a><\/b> en la que el mandatario le habr\u00eda informado de las \u00faltimas novedades en el frente.<\/p>\n<p class=\"L6-support-news-video__title\">Fallo pionero<\/p>\n<p>            <a href=\"https:\/\/www.lasexta.com\/noticias\/nacional\/juzgado-declara-que-matar-perro-hacer-sufrir-pareja-tambien-violencia-vicaria_2025092368d2d6665f87ee0831fa5219.html\" class=\"L6-news__link\" rel=\"nofollow noopener\" target=\"_blank\"><br \/>\n                Un juzgado declara que matar a un perro para hacer sufrir a la pareja tambi\u00e9n es violencia vicaria<\/p>\n<p class=\"recirculation-video-desc\">Los detalles Como argumento, la juez expone que \u00abla muerte del animal fue el instrumento elegido para causar el menoscabo ps\u00edquico\u00bb, se\u00f1alando que \u00abno se trata de una mera simultaneidad f\u00e1ctica, sino de una finalidad concreta: matar al animal para quebrar ps\u00edquicamente a la mujer\u00bb.<\/p>\n<p>            <\/a><\/p>\n","protected":false},"excerpt":{"rendered":"El presidente de Estados Unidos, Donald Trump, ha vivido este martes un cambio de postura sobre la guerra&hellip;\n","protected":false},"author":2,"featured_media":135144,"comment_status":"","ping_status":"","sticky":false,"template":"","format":"standard","meta":{"footnotes":""},"categories":[42],"tags":[17,18,13,14,11,61,62,63,64,19,20,9,10,15,16,12,21,22,65,66,67],"class_list":{"0":"post-135143","1":"post","2":"type-post","3":"status-publish","4":"format-standard","5":"has-post-thumbnail","7":"category-internacional","8":"tag-breaking-news","9":"tag-breakingnews","10":"tag-featured-news","11":"tag-featurednews","12":"tag-headlines","13":"tag-internacional","14":"tag-international","15":"tag-international-news","16":"tag-internationalnews","17":"tag-latest-news","18":"tag-latestnews","19":"tag-news","20":"tag-noticias","21":"tag-noticias-destacadas","22":"tag-noticiasdestacadas","23":"tag-titulares","24":"tag-ultimas-noticias","25":"tag-ultimasnoticias","26":"tag-world","27":"tag-world-news","28":"tag-worldnews"},"share_on_mastodon":{"url":"","error":""},"_links":{"self":[{"href":"https:\/\/www.europesays.com\/es\/wp-json\/wp\/v2\/posts\/135143","targetHints":{"allow":["GET"]}}],"collection":[{"href":"https:\/\/www.europesays.com\/es\/wp-json\/wp\/v2\/posts"}],"about":[{"href":"https:\/\/www.europesays.com\/es\/wp-json\/wp\/v2\/types\/post"}],"author":[{"embeddable":true,"href":"https:\/\/www.europesays.com\/es\/wp-json\/wp\/v2\/users\/2"}],"replies":[{"embeddable":true,"href":"https:\/\/www.europesays.com\/es\/wp-json\/wp\/v2\/comments?post=135143"}],"version-history":[{"count":0,"href":"https:\/\/www.europesays.com\/es\/wp-json\/wp\/v2\/posts\/135143\/revisions"}],"wp:featuredmedia":[{"embeddable":true,"href":"https:\/\/www.europesays.com\/es\/wp-json\/wp\/v2\/media\/135144"}],"wp:attachment":[{"href":"https:\/\/www.europesays.com\/es\/wp-json\/wp\/v2\/media?parent=135143"}],"wp:term":[{"taxonomy":"category","embeddable":true,"href":"https:\/\/www.europesays.com\/es\/wp-json\/wp\/v2\/categories?post=135143"},{"taxonomy":"post_tag","embeddable":true,"href":"https:\/\/www.europesays.com\/es\/wp-json\/wp\/v2\/tags?post=135143"}],"curies":[{"name":"wp","href":"https:\/\/api.w.org\/{rel}","templated":true}]}}