{"id":135150,"date":"2025-09-24T02:34:11","date_gmt":"2025-09-24T02:34:11","guid":{"rendered":"https:\/\/www.europesays.com\/es\/135150\/"},"modified":"2025-09-24T02:34:11","modified_gmt":"2025-09-24T02:34:11","slug":"ufc-brasil-2025-rafael-fiziev-se-lesiona-y-no-podra-enfrentar-a-charles-oliveira","status":"publish","type":"post","link":"https:\/\/www.europesays.com\/es\/135150\/","title":{"rendered":"UFC Brasil 2025: Rafael Fiziev se lesiona y no podr\u00e1 enfrentar a Charles Oliveira"},"content":{"rendered":"<blockquote class=\"wp-block-quote is-layout-flow wp-block-quote-is-layout-flow\">\n<p class=\"has-medium-font-size\">Rafael Fiziev sufri\u00f3 una lesi\u00f3n que le impedir\u00e1 estar en la cartelera del 11 en R\u00edo de Jaineiro<\/p>\n<\/blockquote>\n<p><img fetchpriority=\"high\" decoding=\"async\" width=\"1024\" height=\"576\" src=\"https:\/\/www.europesays.com\/es\/wp-content\/uploads\/2025\/08\/oliveira-fiziev-183955-1024x576.jpg\" alt=\"UFC Rio: Charles Oliveira y Rafael Fiziev encabezar\u00e1n el evento en octubre\" class=\"wp-image-1043252\"  \/>Charles Oliveira se queda sin oponente | @UFC<\/p>\n<p><strong>La UFC se vio obligada a realizar cambios<\/strong> en su cartelera para el evento de <strong>UFC Fight Night en R\u00edo de Janeiro, <\/strong>programado para el 11 de octubre<strong>. <\/strong>El combate entre el brasile\u00f1o<strong> <a href=\"https:\/\/www.clarosports.com\/artes-marciales-mixtas\/ufc\/ufc-rio-charles-oliveira-y-rafael-fiziev-encabezaran-el-evento-en-octubre\/\" rel=\"nofollow noopener\" target=\"_blank\">Charles Oliveira y Rafael Fiziev, que iba a encabezar la velada,<\/a><\/strong> ha sido cancelado tras la confirmaci\u00f3n de que el luchador de 32 a\u00f1os  no podr\u00e1 competir. La noticia fue filtrada a trav\u00e9s de diversas fuentes, <strong>aunque la UFC a\u00fan no ha realizado un anuncio oficial<\/strong> sobre el reemplazo de Fiziev ni si Oliveira se enfrentar\u00e1 a otro oponente en la misma fecha.<\/p>\n<p><strong>Fiziev, quien lleg\u00f3 a la pelea con un r\u00e9cord de 13 victorias y 4 derrotas,<\/strong> hab\u00eda estado buscando su segunda victoria consecutiva luego de su victoria por decisi\u00f3n sobre Ignacio Bahamondes en junio. Esa victoria hab\u00eda sido importante para el luchador de Kirguist\u00e1n<strong>, ya que puso fin a una racha de tres derrotas consecutivas ante oponentes<\/strong> de alto calibre como Justin Gaethje (en dos ocasiones) y Mateusz Gamrot. <strong>Esta \u00faltima derrota tambi\u00e9n dej\u00f3 en evidencia que Fiziev<\/strong> no hab\u00eda logrado mantenerse constante, pero su victoria sobre Bahamondes mostr\u00f3 una mejora significativa.<\/p>\n<p>Por su parte, <strong>Charles Oliveira (35-11, 1NC) se prepara para encabezar un evento de UFC en Brasil <\/strong>despu\u00e9s de m\u00e1s de tres a\u00f1os. La \u00faltima vez que Oliveira pele\u00f3 en su pa\u00eds natal fue en marzo de 2020, <strong>cuando derrot\u00f3 a Kevin Lee en un evento de UFC Fight Night, <\/strong>que tambi\u00e9n fue uno de los primeros afectados por la pandemia de COVID-19. Sin embargo, su m\u00e1s reciente <strong>enfrentamiento fue una derrota por nocaut ante Ilia Topuria en junio,<\/strong> cuando disput\u00f3 el t\u00edtulo vacante de peso ligero. Esta derrota fue un golpe duro para Oliveira, quien se encontraba en una racha impresionante de victorias antes de ese enfrentamiento.<\/p>\n<p>La cancelaci\u00f3n del combate<strong> ha dejado a Oliveira sin oponente confirmado para el evento en Brasil,<\/strong> lo que ha generado incertidumbre sobre el futuro de la velada. La UFC a\u00fan no ha confirmado si se le asignar\u00e1 un nuevo rival a Oliveira para el 11 de octubre o si el evento principal sufrir\u00e1 m\u00e1s modificaciones.<strong> Esta situaci\u00f3n ha puesto en suspenso la programaci\u00f3n<\/strong> y ha dejado a los fan\u00e1ticos esperando noticias sobre qui\u00e9n podr\u00eda ser el siguiente desaf\u00edo para el excampe\u00f3n de peso ligero.<\/p>\n<p><strong>Oliveira, quien se ha convertido en uno de los peleadores m\u00e1s populares de Brasil,<\/strong> contin\u00faa siendo un nombre clave en la divisi\u00f3n de peso ligero de la UFC. A pesar de la derrota ante Topuria, sigue siendo un<strong> contendiente importante que podr\u00eda volver a ser un candidato al t\u00edtulo con una victoria<\/strong> convincente en este evento. Sin embargo, el cambio de oponente podr\u00eda influir en la din\u00e1mica de su regreso al oct\u00e1gono.<\/p>\n<p>No es la primera lesi\u00f3n de Fiziev<\/p>\n<p><a href=\"https:\/\/www.clarosports.com\/artes-marciales-mixtas\/ufc\/ufc-rio-charles-oliveira-y-rafael-fiziev-encabezaran-el-evento-en-octubre\/\" rel=\"nofollow noopener\" target=\"_blank\"><strong>Rafael Fiziev, con r\u00e9cord profesional de 13 victorias y 4 derrotas<\/strong>,<\/a> atraviesa un momento clave en su carrera dentro de la UFC.<strong> El peleador originario de Azerbaiy\u00e1n<\/strong> viene de imponerse por decisi\u00f3n un\u00e1nime a Ignacio Bahamondes en su pa\u00eds natal, resultado que puso fin a una racha negativa de tres derrotas consecutivas. Antes de ese bache, Fiziev hab\u00eda encadenado seis triunfos seguidos que lo posicionaron como uno de los contendientes m\u00e1s s\u00f3lidos de la divisi\u00f3n,<strong> hasta que cay\u00f3 ante Justin Gaethje en UFC 286.<\/strong><\/p>\n<p><strong>Tras aquel rev\u00e9s, una lesi\u00f3n de rodilla lo margin\u00f3 del oct\u00e1gono por casi a\u00f1o y medio.<\/strong> Su regreso se dio en UFC 313, aunque no pudo conseguir la victoria en esa ocasi\u00f3n. Ahora, el enfrentamiento contra Charles Oliveira representa para <strong>Fiziev una oportunidad decisiva no solo para afianzarse tras su retorno<\/strong>, sino tambi\u00e9n para volver a escalar posiciones en el ranking de peso ligero.<\/p>\n<p>As\u00ed queda la cartelera a la espera de un nuevo rival de Oliveira:<\/p>\n<ul class=\"wp-block-list\">\n<li>Charles Oliveira vs. oponente TBA<\/li>\n<li>Deiveson Figueiredo contra Montel Jackson<\/li>\n<li>Jhonata Diniz contra Mario Pinto<\/li>\n<li>Vicente Luque vs.Santiago Ponzinibbio<\/li>\n<li>Gabriel Bonfim contra Randy Brown<\/li>\n<li>Clayton Carpenter contra Jafel Filho<\/li>\n<li>Thomas Petersen contra Vitor Petrino<\/li>\n<li>Stewart Nicoll contra Lucas Rocha<\/li>\n<li>Karolina Kowalkiewicz contra Julia Polastri<\/li>\n<li>Mohammed Usman contra Valter Walker<\/li>\n<li>Kaan Ofli contra Ricardo Ramos<\/li>\n<li>Lucas Almeida contra Michael Aswell<\/li>\n<li>Stephanie Luciano contra Ravena Oliveira<\/li>\n<li>HyunSung Park contra Bruno Silva<\/li>\n<li>Danny Barlow contra Djorden Santos<\/li>\n<li>Irina Alekseeva contra Bia Mesquita<\/li>\n<\/ul>\n<p>Te puede interesar:<\/p>\n","protected":false},"excerpt":{"rendered":"Rafael Fiziev sufri\u00f3 una lesi\u00f3n que le impedir\u00e1 estar en la cartelera del 11 en R\u00edo de Jaineiro&hellip;\n","protected":false},"author":2,"featured_media":37206,"comment_status":"","ping_status":"","sticky":false,"template":"","format":"standard","meta":{"footnotes":""},"categories":[276],"tags":[168,25,24,23,167,343],"class_list":{"0":"post-135150","1":"post","2":"type-post","3":"status-publish","4":"format-standard","5":"has-post-thumbnail","7":"category-ufc","8":"tag-deportes","9":"tag-es","10":"tag-espana","11":"tag-spain","12":"tag-sports","13":"tag-ufc"},"share_on_mastodon":{"url":"","error":""},"_links":{"self":[{"href":"https:\/\/www.europesays.com\/es\/wp-json\/wp\/v2\/posts\/135150","targetHints":{"allow":["GET"]}}],"collection":[{"href":"https:\/\/www.europesays.com\/es\/wp-json\/wp\/v2\/posts"}],"about":[{"href":"https:\/\/www.europesays.com\/es\/wp-json\/wp\/v2\/types\/post"}],"author":[{"embeddable":true,"href":"https:\/\/www.europesays.com\/es\/wp-json\/wp\/v2\/users\/2"}],"replies":[{"embeddable":true,"href":"https:\/\/www.europesays.com\/es\/wp-json\/wp\/v2\/comments?post=135150"}],"version-history":[{"count":0,"href":"https:\/\/www.europesays.com\/es\/wp-json\/wp\/v2\/posts\/135150\/revisions"}],"wp:featuredmedia":[{"embeddable":true,"href":"https:\/\/www.europesays.com\/es\/wp-json\/wp\/v2\/media\/37206"}],"wp:attachment":[{"href":"https:\/\/www.europesays.com\/es\/wp-json\/wp\/v2\/media?parent=135150"}],"wp:term":[{"taxonomy":"category","embeddable":true,"href":"https:\/\/www.europesays.com\/es\/wp-json\/wp\/v2\/categories?post=135150"},{"taxonomy":"post_tag","embeddable":true,"href":"https:\/\/www.europesays.com\/es\/wp-json\/wp\/v2\/tags?post=135150"}],"curies":[{"name":"wp","href":"https:\/\/api.w.org\/{rel}","templated":true}]}}