{"id":135153,"date":"2025-09-24T02:39:09","date_gmt":"2025-09-24T02:39:09","guid":{"rendered":"https:\/\/www.europesays.com\/es\/135153\/"},"modified":"2025-09-24T02:39:09","modified_gmt":"2025-09-24T02:39:09","slug":"el-rio-breogan-ficha-al-ala-pivot-serbio-mihajlo-andric","status":"publish","type":"post","link":"https:\/\/www.europesays.com\/es\/135153\/","title":{"rendered":"El R\u00edo Breog\u00e1n ficha al ala-p\u00edvot serbio Mihajlo Andric"},"content":{"rendered":"<p>E<strong>l <a href=\"https:\/\/www.elprogreso.es\/articulo\/deporte-local-lugo\/78-101-rio-breogan-cae-final-torneo-encestarias-poderoso-valencia\/202509202322251909329.html\" rel=\"nofollow noopener\" target=\"_blank\">R\u00edo Breog\u00e1n<\/a><\/strong><a href=\"https:\/\/www.elprogreso.es\/articulo\/deporte-local-lugo\/78-101-rio-breogan-cae-final-torneo-encestarias-poderoso-valencia\/202509202322251909329.html\" rel=\"nofollow noopener\" target=\"_blank\"> <\/a>se reforz\u00f3 este martes con el ala-p\u00edvot serbio\u00a0Mihajlo Andric, de 31 a\u00f1os y 2,02 metros de estatura, <strong>que jug\u00f3 la campa\u00f1a pasada en el Movistar Estudiantes (Primera FEB),<\/strong> donde jug\u00f3 30 partidos y promedi\u00f3 7,7 puntso y 2,4 rebotes. El baloncestista de\u00a0Kragujevac llega con un contrato temporal de un mes con posibilidades de ampliacio\u00f3n.<\/p>\n<p>Desde el club celeste se explic\u00f3 que Andric llega para \u00abser uno m\u00e1s y <strong>reforzar la posici\u00f3n de cuatro, algo que nos viene bien en este momento\u00bb.\u00a0<\/strong> El\u00a0ala-p\u00edvot serbio, que tambi\u00e9n puede actuar como &#8216;tres&#8217;,\u00a0destaca por su movilidad y por su\u00a0lanzamiento exterior. Adem\u00e1s, ya cuenta con experiencia en el baloncesto espa\u00f1ol, donde lleva compitiendo tres temporadas seguidas.<\/p>\n<p>Andric d<strong>io sus primeros pasos a nivel profesional en el Partizan serbio,<\/strong> donde competir\u00eda en las ligas serbia y adri\u00e1tica durante seis temporadas. En el a\u00f1o 2018 firm\u00f3 por el BC Gottingen de la primera divisi\u00f3n alemana, y tras dos cursos dar\u00eda el salto a Grecia para jugar en el Kolossos H Hotels. Andric comenzar\u00eda la temporada 21-22 en el Ayfon turco, poco antes de regresar a la liga griega de la mano del Promitheas Patras, que ser\u00eda su \u00faltimo club antes de llegar a Espa\u00f1a.<\/p>\n<p>Un ascenso en la temporada 22-23<\/p>\n<p>Con el Morabanc Andorra consigui\u00f3 el ascenso a la Liga Endesa en la temporada 22-23 promediando <strong>10.9 puntos con un 45.3% de porcentaje en triple<\/strong>s, y all\u00ed debutar\u00eda tambi\u00e9n en la primera categor\u00eda nacional. El pasado curso milit\u00f3 en las filas del Movistar Estudiantes, donde disput\u00f3 la Final Four de Primera FEB por el ascenso.<\/p>\n","protected":false},"excerpt":{"rendered":"El R\u00edo Breog\u00e1n se reforz\u00f3 este martes con el ala-p\u00edvot serbio\u00a0Mihajlo Andric, de 31 a\u00f1os y 2,02 metros&hellip;\n","protected":false},"author":2,"featured_media":135154,"comment_status":"","ping_status":"","sticky":false,"template":"","format":"standard","meta":{"footnotes":""},"categories":[269],"tags":[302,299,298,8778,168,25,24,665,24504,23,167],"class_list":{"0":"post-135153","1":"post","2":"type-post","3":"status-publish","4":"format-standard","5":"has-post-thumbnail","7":"category-baloncesto","8":"tag-acb","9":"tag-baloncesto","10":"tag-basketball","11":"tag-cb-breogan","12":"tag-deportes","13":"tag-es","14":"tag-espana","15":"tag-liga-endesa","16":"tag-rio-breogan","17":"tag-spain","18":"tag-sports"},"share_on_mastodon":{"url":"","error":""},"_links":{"self":[{"href":"https:\/\/www.europesays.com\/es\/wp-json\/wp\/v2\/posts\/135153","targetHints":{"allow":["GET"]}}],"collection":[{"href":"https:\/\/www.europesays.com\/es\/wp-json\/wp\/v2\/posts"}],"about":[{"href":"https:\/\/www.europesays.com\/es\/wp-json\/wp\/v2\/types\/post"}],"author":[{"embeddable":true,"href":"https:\/\/www.europesays.com\/es\/wp-json\/wp\/v2\/users\/2"}],"replies":[{"embeddable":true,"href":"https:\/\/www.europesays.com\/es\/wp-json\/wp\/v2\/comments?post=135153"}],"version-history":[{"count":0,"href":"https:\/\/www.europesays.com\/es\/wp-json\/wp\/v2\/posts\/135153\/revisions"}],"wp:featuredmedia":[{"embeddable":true,"href":"https:\/\/www.europesays.com\/es\/wp-json\/wp\/v2\/media\/135154"}],"wp:attachment":[{"href":"https:\/\/www.europesays.com\/es\/wp-json\/wp\/v2\/media?parent=135153"}],"wp:term":[{"taxonomy":"category","embeddable":true,"href":"https:\/\/www.europesays.com\/es\/wp-json\/wp\/v2\/categories?post=135153"},{"taxonomy":"post_tag","embeddable":true,"href":"https:\/\/www.europesays.com\/es\/wp-json\/wp\/v2\/tags?post=135153"}],"curies":[{"name":"wp","href":"https:\/\/api.w.org\/{rel}","templated":true}]}}