{"id":135155,"date":"2025-09-24T02:40:07","date_gmt":"2025-09-24T02:40:07","guid":{"rendered":"https:\/\/www.europesays.com\/es\/135155\/"},"modified":"2025-09-24T02:40:07","modified_gmt":"2025-09-24T02:40:07","slug":"villarreal-las-negligencias-de-almeyda-condenan-al-sevilla-1-2","status":"publish","type":"post","link":"https:\/\/www.europesays.com\/es\/135155\/","title":{"rendered":"Villarreal: Las negligencias de Almeyda condenan al Sevilla (1-2)"},"content":{"rendered":"<p style=\"\"><strong>Mat\u00edas Almeyda<\/strong> se hab\u00eda convertido en el \u00fanico soporte cre\u00edble para un Sevilla que necesita personas cercanas a las que agarrarse. Creer en algo y en alguien. Y en un partido donde la agrada pod\u00eda perdonar cualquier error de uno de sus jugadores, algo  &#8230; a lo que ya est\u00e1 acostumbrado, m\u00e1s ante un <strong>Villarreal<\/strong> que es mucho mejor equipo y plantilla que la nervionense, el da\u00f1o vino del lado que menos se esperaban. El entrenador argentino coloc\u00f3 una alineaci\u00f3n con ocho cambios con respecto a la buena imagen y victoria en <strong>Vitoria<\/strong> para, con el empate conseguido en la segunda parte, realizar cinco cambios en un suspiro. Deshacer su osad\u00eda, con la mala suerte y m\u00e1s imprudencia que otra cosa que dejar a los suyos con uno menos m\u00e1s de un cuarto de hora con el alargue por la ya habitual lesi\u00f3n de <strong>Nianzou<\/strong>. No hizo nada bien el t\u00e9cnico, quien se ha ganado demasiado pronto al sevillismo, pero que a su vez puede perderlo con la misma velocidad porque todav\u00eda no le ha dado nada. La construcci\u00f3n no puede comenzar por tirarte piedras contra tu propio tejado. Eso nunca.<\/p>\n<p class=\"voc-p\" style=\"\"><strong>Almeyda<\/strong> apostaba por una alineaci\u00f3n novedosa o, mejor dicho, extra\u00f1a. Ocho cambios con respecto al equipo que compiti\u00f3 y venci\u00f3 en Vitoria, quit\u00e1ndole del once inicial a jugadores b\u00e1sicos como <strong>Vargas<\/strong> y puntales en la medular como <strong>Agoum\u00e9 y el reci\u00e9n llegado Mendy<\/strong>. Era una moneda al aire. El famoso asado y la intenci\u00f3n de mantener al grupo cohesionado, aparte del poco descanso por la jornada intersemanal, empujaron al entrenador a tomar una determinaci\u00f3n que reca\u00eda sobre sus propios hombros. Para bien o para mal. De no sumar de tres en <strong>Mendizorroza<\/strong> habr\u00eda hecho cambios, nunca tantos.<\/p>\n<p class=\"voc-p\" style=\"\">Y su equipo, como era de esperar, apenas carbur\u00f3 en el primer periodo. No es que el Villarreal fuese una apisonadora, pero se ve\u00eda a leguas que el once dispuesto no ten\u00eda ni siquiera los automatismos aprendidos para construir algo de f\u00fatbol y ni siquiera para defender. <strong>Marcelino<\/strong> detect\u00f3 que deb\u00eda jugar en largo por detr\u00e1s de los centrales lateralizados, es decir, <strong>Azpilicueta o Kike Salas<\/strong>. Lo mismo hizo el Alav\u00e9s a las espaldas de <strong>Marcao<\/strong>. Era la estrategia dentro de un equipo que tambi\u00e9n hizo numerosas rotaciones, aunque en una plantilla Champions, evidentemente, se aprecian en menor medida.<\/p>\n<ul class=\"voc-list\">\n<li class=\"voc-list__item\">\n<strong>Sevilla FC<\/strong><br \/>\nVlachodimos; Juanlu (Carmona, min. 71), Azpilicueta, Castr\u00edn (Nianzou, min. 53), Kike Salas, Suazo; Gudelj (Mendy, min. 71), Sow; Januzaj, Ejuke (Alexis S\u00e1nchez, min. 54) y Akor Adams.\n<\/li>\n<li class=\"voc-list__item\">\n<strong>Villarreal CF<\/strong><br \/>\nArnau Tenas; Mouri\u00f1o, Renato Veiga, Rafa Mar\u00edn, Cardona (Solomon, min 84); Comesa\u00f1a (Pedraza, min. 29), Parejo (Thomas, min. 84), Gueye; Buchanan, Oluwaseyi (Mikautadze, min 69) y Moleiro (Pepe, min. 69) .\n<\/li>\n<li class=\"voc-list__item\">\n<strong>Goles<\/strong><br \/>\n0-1 Oluwaseyi (min. 17); 1-1 Sow (min. 51); 1-2 Solomon (min. 86)\n<\/li>\n<li class=\"voc-list__item\">\n<strong>\u00c1rbitro<\/strong><br \/>\nSoto Grado (. Castellano-Leon\u00e9s). Amonest\u00f3 a Gueye, Pedraza, Gudelj, Rafa Mar\u00edn y Carmona.\n<\/li>\n<\/ul>\n<p class=\"voc-p\" style=\"\">Al <strong>Sevilla<\/strong> le costaba un mundo dar dos pases seguidos. Recuperar en campo contrario era una quimera. Todo lo bueno que se pudo ver en las dos \u00faltimas jornadas de Liga, con <strong>Agoum\u00e9 o Mendy<\/strong> provocando errores y ayudando a que las jugadas de ataque fuesen directas se hab\u00eda perdido de un plumazo. Ni<strong> Gudelj ni Sow<\/strong> tienen caracter\u00edsticas para robar con intensidad arriba. Ni siquiera para jugar f\u00e1cil con sus compa\u00f1eros. En una zona tan poblada, donde las camisetas amarillas campaban a sus anchas, su presencia era casi anecd\u00f3tica, por lo que el tr\u00edo defensivo se las ve\u00eda y deseaba para tratar de contener los ataques castellonenses. Sobre todo, por el costado de un nervioso <strong>Kike Salas<\/strong>. Cada vez que le mueven la pizarra sufre el de Mor\u00f3n. Aprendi\u00f3 junto a <strong>Sergio Ramos<\/strong> en este tipo de esquema, pero se hab\u00eda hecho ya a la l\u00ednea de cuatro. E Iba a m\u00e1s. Ante el Villarreal no ol\u00eda el rastro de Buchanan, mucho m\u00e1s veloz.<\/p>\n<p class=\"voc-p\" style=\"\">El Sevilla se dedicaba a aguantar. Sin saber salir de atr\u00e1s. Y eso lo aprovech\u00f3 el Villarreal para dar un paso al frente y castigar el desorden en las marcas. En un pase en largo, con <strong>Azpilicueta<\/strong> siguiendo a otro rival fuera de zona, ni Gudelj ni Castr\u00edn llegaron a la cobertura con Cardona, quien asisti\u00f3 a Oluwaseyi para que empujara a la red. F\u00e1cil. Demasiado sencillo. Una de las grandes sorpresas del once como <strong>Adnan Januzaj<\/strong> trat\u00f3 de echarse el Sevilla a sus espaldas. La ped\u00eda y trataba de hacer jugar a los suyos acerc\u00e1ndose mucho a un Juanlu parecido al de las malas \u00e9pocas. T\u00edmido. Cortado. Insulso. No encontraban los espacios, tambi\u00e9n bloqueados por un Ejuke fall\u00f3n y un delantero que parece jugar a otro deporte. Ni est\u00e1 ni se espera apenas nada de <strong>Akor Adams<\/strong>.<\/p>\n<p class=\"voc-p\" style=\"\">El Villarreal incluso pudo sentenciar en los primeros 45 minutos con disparos de <strong>Moleiro<\/strong> y el propio goleador del partido, aunque no encontraron porter\u00eda. El p\u00fablico del <strong>S\u00e1nchez-Pizju\u00e1n<\/strong> se desesperaba. Hab\u00eda visto a los suyos competir de verdad, como hace tiempo, en las primeras jornadas de este inicio de Liga y se encontraban con una especie de caricatura de su propio Sevilla. Con toda la responsabilidad para un entrenador que hab\u00eda decidido que tocaba hacer algo estramb\u00f3tico. Le quedaba la segunda mitad, pero en un Sevilla tan falto de alegr\u00edas con su gente, dar la sensaci\u00f3n de que el grupo est\u00e1 por encima de los puntos es peligroso, por mucho que <strong>Almeyda haya ca\u00eddo medianamente de pie en Nervi\u00f3n<\/strong>.<\/p>\n<p>\nLa lesi\u00f3n de Nianzou\n<\/p>\n<p class=\"voc-p\" style=\"\">Demostraba el argentino ser de ideas fojas cuando no hizo una sola sustituci\u00f3n al descanso, por mucho que lo demandase la imagen de la primera parte de los suyos. No quiere cargarse a nadie ni tampoco se\u00f1alarlo, pero el f\u00fatbol no perdona al que llega tarde, menos al que no toma decisiones. Tras un disparo de Gudelj alt\u00edsimo, el equipo de Marcelino tuvo dos peligrosos acercamientos por la banda de Juanlu, siempre superado. Sin embargo, este Sevilla tiene por momentos la moneda de cara. Un poco. En una jugada al ralent\u00ed de <strong>Januzaj<\/strong> en la banda, un centro mal\u00edsimo con la derecha al primer palo, la ech\u00f3 hacia atr\u00e1s <strong>Akor Adams<\/strong>, para que despu\u00e9s de algunas indecisiones en el \u00e1rea el bal\u00f3n llegase a Sow para que el suizo golpease con violencia con su izquierda al fondo de la porter\u00eda. Se met\u00eda de nuevo el Sevilla en el partido. Deb\u00eda hacer algo m\u00e1s para ganarlo.<\/p>\n<p class=\"voc-p\" style=\"\">Januzaj demostraba que la calidad no la ha perdido. Ser un futbolista recuperable ya es otro tema. Se tuvo incluso que retirar porque no pod\u00eda m\u00e1s. No est\u00e1 acostumbrado a esos esfuerzos. Vargas entraba en su lugar. Ya lo hab\u00edan ingresado en el partido <strong>Nianzou y Alexis<\/strong>. El p\u00fablico del S\u00e1nchez-Pizju\u00e1n apretaba sin descanso y el equipo tuvo un momento de venirse arriba. La banda de Suazo y Alexis provocaba peligro. Incluso <strong>Gudelj<\/strong> apareci\u00f3 por all\u00ed en una acci\u00f3n para dejar un bal\u00f3n atr\u00e1s a Rub\u00e9n Vargas, que se termin\u00f3 estrellando en la defensa. Eran los mejores minutos del Sevilla, aunque corriendo riesgos ante un rival que a la m\u00ednima te castiga. Almeyda decidi\u00f3 agotar sus sustituciones con m\u00e1s de 20 minutos por delante. Otra vez moneda al aire. Todo o nada. Marcelino sacaba a sus mejores atacantes. <\/p>\n<p class=\"voc-p\" style=\"\"><strong>Alexis<\/strong> conectaba un dif\u00edcil cabezazo que se marchaba alejado de la porter\u00eda, demostrando que en los pocos balones que toca siempre hay intenci\u00f3n, peligro. Y en un error de Nianzou, con la colaboraci\u00f3n de Carmona, provoc\u00f3 que <strong>Vlachodimos<\/strong> tuviera que sacar su segundo mano a mano de la noche. Pepe intent\u00f3 picarle la pelota y el griego aguant\u00f3 estoicamente para enviarla a c\u00f3rner. Lo peor de esa jugada era que <strong>Nianzou dec\u00eda que no pod\u00eda seguir<\/strong> y ya se hab\u00edan agotado los cambios. Riesgos innecesarios de un entrenador con perfil temerario. Y Nianzou, que no aguanta dos o tres semanas sin romperse. Cristal. El Sevilla se quedaba con diez casi 15 minutos m\u00e1s el descuento.<\/p>\n<p class=\"voc-p\" style=\"\">Y cuando uno va decidiendo de forma negligente toda la noche, lo normal es que te acaben dando la puntilla. <strong>Jugad\u00f3n a la contra de Mikautadze<\/strong>, que espera que la defensa se pase de frenada para cederle el bal\u00f3n en bandeja a <strong>Solomon<\/strong>. Se acababa el partido para un Sevilla fundido, que sigue sin vencer en su estadio, delante de una afici\u00f3n a la que s\u00f3lo da disgustos. Almeyda tiene pinta de buen entrenador, pero \u00e9l solito se ha bajado del pedestal con una actuaci\u00f3n impropia de la \u00e9lite. No s\u00f3lo debe aprender su equipo. Esos tres puntos de menos van en su mochila. Sin palabras huecas. Mendy pudo empatar en el alargue. <strong>El Sevilla tiene alma, pero a base de tantos errores es casi imposible resistir.<\/strong><\/p>\n","protected":false},"excerpt":{"rendered":"Mat\u00edas Almeyda se hab\u00eda convertido en el \u00fanico soporte cre\u00edble para un Sevilla que necesita personas cercanas a&hellip;\n","protected":false},"author":2,"featured_media":135156,"comment_status":"","ping_status":"","sticky":false,"template":"","format":"standard","meta":{"footnotes":""},"categories":[268],"tags":[5293,168,25,24,280,282,1171,281,23,167,10560],"class_list":{"0":"post-135155","1":"post","2":"type-post","3":"status-publish","4":"format-standard","5":"has-post-thumbnail","7":"category-futbol","8":"tag-cronica","9":"tag-deportes","10":"tag-es","11":"tag-espana","12":"tag-football","13":"tag-futbol","14":"tag-sevilla","15":"tag-soccer","16":"tag-spain","17":"tag-sports","18":"tag-villarreal"},"share_on_mastodon":{"url":"","error":""},"_links":{"self":[{"href":"https:\/\/www.europesays.com\/es\/wp-json\/wp\/v2\/posts\/135155","targetHints":{"allow":["GET"]}}],"collection":[{"href":"https:\/\/www.europesays.com\/es\/wp-json\/wp\/v2\/posts"}],"about":[{"href":"https:\/\/www.europesays.com\/es\/wp-json\/wp\/v2\/types\/post"}],"author":[{"embeddable":true,"href":"https:\/\/www.europesays.com\/es\/wp-json\/wp\/v2\/users\/2"}],"replies":[{"embeddable":true,"href":"https:\/\/www.europesays.com\/es\/wp-json\/wp\/v2\/comments?post=135155"}],"version-history":[{"count":0,"href":"https:\/\/www.europesays.com\/es\/wp-json\/wp\/v2\/posts\/135155\/revisions"}],"wp:featuredmedia":[{"embeddable":true,"href":"https:\/\/www.europesays.com\/es\/wp-json\/wp\/v2\/media\/135156"}],"wp:attachment":[{"href":"https:\/\/www.europesays.com\/es\/wp-json\/wp\/v2\/media?parent=135155"}],"wp:term":[{"taxonomy":"category","embeddable":true,"href":"https:\/\/www.europesays.com\/es\/wp-json\/wp\/v2\/categories?post=135155"},{"taxonomy":"post_tag","embeddable":true,"href":"https:\/\/www.europesays.com\/es\/wp-json\/wp\/v2\/tags?post=135155"}],"curies":[{"name":"wp","href":"https:\/\/api.w.org\/{rel}","templated":true}]}}