{"id":135171,"date":"2025-09-24T02:53:09","date_gmt":"2025-09-24T02:53:09","guid":{"rendered":"https:\/\/www.europesays.com\/es\/135171\/"},"modified":"2025-09-24T02:53:09","modified_gmt":"2025-09-24T02:53:09","slug":"condenado-un-hombre-por-matar-al-perro-que-tenia-con-su-expareja-delante-de-ella","status":"publish","type":"post","link":"https:\/\/www.europesays.com\/es\/135171\/","title":{"rendered":"Condenado un hombre por matar al perro que ten\u00eda con su expareja delante de ella"},"content":{"rendered":"<p class=\"paragraph\">El Juzgado de Violencia sobre la Mujer N\u00famero 2 de Las Palmas de<b> Gran Canaria<\/b> ha condenado a 12 meses y un d\u00eda de prisi\u00f3n a un hombre que el 13 de septiembre, <b>en presencia de la que era su pareja, tir\u00f3 por un risco costero al perro que ten\u00edan ambos<\/b> como <a href=\"https:\/\/www.heraldo.es\/noticias\/nacional\/2025\/09\/23\/juanma-moreno-anuncia-deduccion-fiscal-personas-animales-compania-eandalucia-1856242.html\" title=\"Juanma Moreno anuncia una deducci\u00f3n fiscal para personas con animales de compa\u00f1\u00eda en Andaluc\u00eda\" rel=\"nofollow noopener\" target=\"_blank\">mascota<\/a>, un podenco de cuatro meses, caus\u00e1ndole la muerte.<\/p>\n<p class=\"paragraph\">La sentencia, que es novedosa por aplicar al caso la perspectiva de g\u00e9nero, asume la competencia para conocer de un delito, que en principio no ser\u00eda materia de los juzgados de <b>Violencia sobre la Mujer,<\/b> como es el delito contra los animales, y lo relaciona, en concurso medial, con un delito de maltrato psicol\u00f3gico del art\u00edculo 153.1 del mismo texto legal, seg\u00fan ha informado la Oficina de Comunicaci\u00f3n del<b> Tribunal Superior de Justicia de Canarias (TSJC).<\/b><\/p>\n<p class=\"paragraph\">Al respecto, la magistrada Auxiliadora D\u00edaz subraya que en este caso la muerte del animal \u00ab<b>fue el instrumento elegido para causar el menoscabo ps\u00edquico<\/b>. No se trata de una mera simultaneada f\u00e1ctica, sino de una finalidad concreta: matar al animal para quebrar ps\u00edquicamente a la mujer\u00bb, recoge la sentencia.<\/p>\n<p class=\"paragraph\">Adem\u00e1s el fallo contempla como hechos probados que el 13 de septiembre el acusado llam\u00f3 por tel\u00e9fono a la que entonces era su pareja sentimental y le dijo:<b> \u00abvoy a matar al perro y despu\u00e9s me mato\u00bb,<\/b> en referencia al podenco de casi cuatro meses que era propiedad de ambos.<\/p>\n<p class=\"paragraph\">Seguidamente, recoge sentencia, se dirigi<b>\u00f3 por el Paseo de las Canteras hasta la carretera del Rinc\u00f3n,<\/b> donde se present\u00f3 su pareja, con la intenci\u00f3n de recuperar a la mascota pero una vez all\u00ed, seg\u00fan la resoluci\u00f3n judicial,<b> el acusado le dijo a la mujer \u00abno te acerques o tiro al perro y me mato\u00bb.<\/b><\/p>\n<p class=\"paragraph\">Si bien, seguidamente, \u00aby con \u00e1nimo de menoscabar la integridad ps\u00edquica de su pareja\u00bb, <b>lanz\u00f3 al perro por un risco, \u00abgolpe\u00e1ndose \u00e9ste contra las escoleras, lo que provoc\u00f3 su muerte\u00bb.<\/b><\/p>\n<p class=\"paragraph\">Por estos hechos, la mujer present\u00f3 un cuadro de<b> afectaci\u00f3n psicol\u00f3gica<\/b> que precis\u00f3 una primera asistencia facultativa, con un tiempo de curaci\u00f3n \u00abestimado en 90 d\u00edas\u00bb.<\/p>\n<p class=\"paragraph\">La sentencia indica que aplicar la perspectiva de g\u00e9nero \u00absupone entender\u00bb que se est\u00e1 \u00abante un caso de violencia vicaria sobre animal de compa\u00f1\u00eda, <b>cuyo fin era perpetuar la dominaci\u00f3n y el control sobre la mujer,<\/b> reforzando la necesidad de una respuesta punitiva agravada y de medidas de protecci\u00f3n eficaces\u00bb.<\/p>\n<p class=\"paragraph\">Asimismo al tipificar adem\u00e1s el maltrato animal a la mascota, el da\u00f1o psicol\u00f3gico a la mujer, la autoridad judicial considera como medida de protecci\u00f3n a la afectada,<b> adem\u00e1s de la condena de c\u00e1rcel, que queda suspendida al carecer el acusado de antecedentes y ser inferior a dos a\u00f1os, <\/b>la prohibici\u00f3n al acusado de acercarse a la denunciante o comunicarse con ella por cualquier medio durante dos a\u00f1os y un d\u00eda.<\/p>\n<p class=\"paragraph\">La sentencia es firme, ya que el acusado admiti\u00f3 como cierto en relato del fiscal y se conform\u00f3 con la pena. <b>El juicio r\u00e1pido se celebr\u00f3 este lunes, 22 de septiembre<\/b>.<\/p>\n","protected":false},"excerpt":{"rendered":"El Juzgado de Violencia sobre la Mujer N\u00famero 2 de Las Palmas de Gran Canaria ha condenado a&hellip;\n","protected":false},"author":2,"featured_media":135172,"comment_status":"","ping_status":"","sticky":false,"template":"","format":"standard","meta":{"footnotes":""},"categories":[8],"tags":[17,18,25174,13568,25,24,31654,13,14,11,366,19,20,9,10,15,16,23,8736,12,21,22],"class_list":{"0":"post-135171","1":"post","2":"type-post","3":"status-publish","4":"format-standard","5":"has-post-thumbnail","7":"category-espana","8":"tag-breaking-news","9":"tag-breakingnews","10":"tag-condenado","11":"tag-delante","12":"tag-es","13":"tag-espana","14":"tag-expareja","15":"tag-featured-news","16":"tag-featurednews","17":"tag-headlines","18":"tag-hombre","19":"tag-latest-news","20":"tag-latestnews","21":"tag-news","22":"tag-noticias","23":"tag-noticias-destacadas","24":"tag-noticiasdestacadas","25":"tag-spain","26":"tag-tenia","27":"tag-titulares","28":"tag-ultimas-noticias","29":"tag-ultimasnoticias"},"share_on_mastodon":{"url":"","error":""},"_links":{"self":[{"href":"https:\/\/www.europesays.com\/es\/wp-json\/wp\/v2\/posts\/135171","targetHints":{"allow":["GET"]}}],"collection":[{"href":"https:\/\/www.europesays.com\/es\/wp-json\/wp\/v2\/posts"}],"about":[{"href":"https:\/\/www.europesays.com\/es\/wp-json\/wp\/v2\/types\/post"}],"author":[{"embeddable":true,"href":"https:\/\/www.europesays.com\/es\/wp-json\/wp\/v2\/users\/2"}],"replies":[{"embeddable":true,"href":"https:\/\/www.europesays.com\/es\/wp-json\/wp\/v2\/comments?post=135171"}],"version-history":[{"count":0,"href":"https:\/\/www.europesays.com\/es\/wp-json\/wp\/v2\/posts\/135171\/revisions"}],"wp:featuredmedia":[{"embeddable":true,"href":"https:\/\/www.europesays.com\/es\/wp-json\/wp\/v2\/media\/135172"}],"wp:attachment":[{"href":"https:\/\/www.europesays.com\/es\/wp-json\/wp\/v2\/media?parent=135171"}],"wp:term":[{"taxonomy":"category","embeddable":true,"href":"https:\/\/www.europesays.com\/es\/wp-json\/wp\/v2\/categories?post=135171"},{"taxonomy":"post_tag","embeddable":true,"href":"https:\/\/www.europesays.com\/es\/wp-json\/wp\/v2\/tags?post=135171"}],"curies":[{"name":"wp","href":"https:\/\/api.w.org\/{rel}","templated":true}]}}