{"id":135177,"date":"2025-09-24T02:57:09","date_gmt":"2025-09-24T02:57:09","guid":{"rendered":"https:\/\/www.europesays.com\/es\/135177\/"},"modified":"2025-09-24T02:57:09","modified_gmt":"2025-09-24T02:57:09","slug":"javier-blair-reyes-busca-hacer-historia-en-la-ufc","status":"publish","type":"post","link":"https:\/\/www.europesays.com\/es\/135177\/","title":{"rendered":"Javier \u2018Blair\u2019 Reyes busca hacer historia en la UFC"},"content":{"rendered":"<p>Javier \u201cBlair\u201d Reyes est\u00e1 a punto de hacer historia para el deporte colombiano. El bogotano de 31 a\u00f1os debutar\u00e1 el pr\u00f3ximo 23 de septiembre en el Dana White\u2019s Contender Series, el espacio que utiliza el presidente de la UFC para descubrir y firmar nuevos talentos. La velada se transmitir\u00e1 en vivo desde Las Vegas a partir de las 7:00 p. m. por Disney+.<\/p>\n<p>Reyes ser\u00e1 el segundo combate de la noche y enfrentar\u00e1 a Justice Torres. Aunque la empresa le cambi\u00f3 de rival en tres ocasiones, el colombiano asegur\u00f3 que su preparaci\u00f3n estuvo enfocada en perfeccionar sus habilidades y corregir falencias, m\u00e1s que en estudiar a un oponente espec\u00edfico. \u201cToda la preparaci\u00f3n la hice en Colombia, en mi ciudad, con mi equipo\u201d, afirm\u00f3, resaltando que su meta es demostrar que se puede llegar a la \u00e9lite de las artes marciales mixtas sin necesidad de radicarse en Estados Unidos.<\/p>\n<p>El peleador, que ya ha sido campe\u00f3n en varias promotoras internacionales, considera esta oportunidad como un paso decisivo para abrir puertas a otros atletas colombianos. \u201cPienso que mi triunfo va a ser la puerta a muchos colombianos para que puedan llegar a la UFC. Espero que los medios entiendan que no somos solo f\u00fatbol y que le den relevancia a nuestro hermoso deporte\u201d, declar\u00f3.<\/p>\n<p>Reyes pidi\u00f3 el apoyo de los fan\u00e1ticos, recordando que Dana White suele considerar el impacto medi\u00e1tico y la acogida del p\u00fablico a la hora de firmar contratos multianuales. \u201cEstamos a un paso de hacer historia y es m\u00e1s f\u00e1cil si lo hacemos trabajando juntos. No peleo solo por m\u00ed, peleo para demostrar el fuego que tienen los colombianos y que con disciplina, esfuerzo y voluntad se puede llegar lejos\u201d.<\/p>\n<p>De lograr una victoria convincente, \u201cBlair\u201d podr\u00eda convertirse en el primer peleador de MMA firmado directamente desde Colombia para competir de forma oficial en la UFC, marcando un hito para el deporte de contacto en el pa\u00eds. <\/p>\n<p>                    &#13;<br \/>\n                        &#13;<br \/>\n                        <img decoding=\"async\"   src=\"https:\/\/www.europesays.com\/es\/wp-content\/uploads\/2025\/09\/WhatsApp-Image-2023-09-27-at-7.14.57-PM.jpeg\" class=\"gh-avatar\" alt=\"Andr\u00e9s Quijano  profile image\"\/>&#13;<\/p>\n<p>&#13;<br \/>\n                    Actualizado&#13;<br \/>\n&#13;<br \/>\n                    &#13;<br \/>\n                        septiembre 22, 2025&#13;<br \/>\n                    &#13;\n                <\/p>\n<p>                    <a class=\"gh-post-page__share-link\" href=\"https:\/\/www.facebook.com\/sharer.php?u=https:\/\/elfrente.com.co\/orgullo-colombiano-javier-blair-reyes-busca-hacer-historia-en-la-ufc\/\" target=\"_blank\" rel=\"noopener nofollow\" aria-label=\"Compartir en Facebook\">&#13;<br \/>\n                        &#13;<br \/>\n    &#13;<br \/>\n        &#13;<br \/>\n    &#13;<br \/>\n                    <\/a><br \/>\n                    <a class=\"gh-post-page__share-link\" href=\"https:\/\/twitter.com\/intent\/tweet?url=https:\/\/elfrente.com.co\/orgullo-colombiano-javier-blair-reyes-busca-hacer-historia-en-la-ufc\/&amp;text=Orgullo%20colombiano%3A%20Javier%20%E2%80%98Blair%E2%80%99%20Reyes%20busca%20hacer%20historia%20en%20la%20UFC\" target=\"_blank\" rel=\"noopener nofollow\" aria-label=\"Compartir en Twitter\">&#13;<\/p>\n<p>                    <\/a><br \/>\n                    <a class=\"gh-post-page__share-link\" href=\"https:\/\/reddit.com\/submit?url=https:\/\/elfrente.com.co\/orgullo-colombiano-javier-blair-reyes-busca-hacer-historia-en-la-ufc\/&amp;media=&amp;description=Orgullo%20colombiano%3A%20Javier%20%E2%80%98Blair%E2%80%99%20Reyes%20busca%20hacer%20historia%20en%20la%20UFC\" target=\"_blank\" rel=\"noopener nofollow\" data-pin-do=\"none\" aria-label=\"Compartir en Reddit\">&#13;<\/p>\n<p>                    <\/a><br \/>\n                    &#13;<\/p>\n<p>                        \u00a1Enlace copiado!&#13;<br \/>\n                        \u00a1Error al copiar!&#13;<\/p>\n<p>            <script async src=\"https:\/\/platform.twitter.com\/widgets.js\" charset=\"utf-8\"><\/script><\/p>\n","protected":false},"excerpt":{"rendered":"Javier \u201cBlair\u201d Reyes est\u00e1 a punto de hacer historia para el deporte colombiano. El bogotano de 31 a\u00f1os&hellip;\n","protected":false},"author":2,"featured_media":135178,"comment_status":"","ping_status":"","sticky":false,"template":"","format":"standard","meta":{"footnotes":""},"categories":[276],"tags":[168,25,24,23,167,343],"class_list":{"0":"post-135177","1":"post","2":"type-post","3":"status-publish","4":"format-standard","5":"has-post-thumbnail","7":"category-ufc","8":"tag-deportes","9":"tag-es","10":"tag-espana","11":"tag-spain","12":"tag-sports","13":"tag-ufc"},"share_on_mastodon":{"url":"","error":""},"_links":{"self":[{"href":"https:\/\/www.europesays.com\/es\/wp-json\/wp\/v2\/posts\/135177","targetHints":{"allow":["GET"]}}],"collection":[{"href":"https:\/\/www.europesays.com\/es\/wp-json\/wp\/v2\/posts"}],"about":[{"href":"https:\/\/www.europesays.com\/es\/wp-json\/wp\/v2\/types\/post"}],"author":[{"embeddable":true,"href":"https:\/\/www.europesays.com\/es\/wp-json\/wp\/v2\/users\/2"}],"replies":[{"embeddable":true,"href":"https:\/\/www.europesays.com\/es\/wp-json\/wp\/v2\/comments?post=135177"}],"version-history":[{"count":0,"href":"https:\/\/www.europesays.com\/es\/wp-json\/wp\/v2\/posts\/135177\/revisions"}],"wp:featuredmedia":[{"embeddable":true,"href":"https:\/\/www.europesays.com\/es\/wp-json\/wp\/v2\/media\/135178"}],"wp:attachment":[{"href":"https:\/\/www.europesays.com\/es\/wp-json\/wp\/v2\/media?parent=135177"}],"wp:term":[{"taxonomy":"category","embeddable":true,"href":"https:\/\/www.europesays.com\/es\/wp-json\/wp\/v2\/categories?post=135177"},{"taxonomy":"post_tag","embeddable":true,"href":"https:\/\/www.europesays.com\/es\/wp-json\/wp\/v2\/tags?post=135177"}],"curies":[{"name":"wp","href":"https:\/\/api.w.org\/{rel}","templated":true}]}}