{"id":135187,"date":"2025-09-24T03:04:11","date_gmt":"2025-09-24T03:04:11","guid":{"rendered":"https:\/\/www.europesays.com\/es\/135187\/"},"modified":"2025-09-24T03:04:11","modified_gmt":"2025-09-24T03:04:11","slug":"susanna-griso-mete-la-pata-con-la-boda-de-cayetano-martinez-de-irujo-y-barbara-mirjan","status":"publish","type":"post","link":"https:\/\/www.europesays.com\/es\/135187\/","title":{"rendered":"Susanna Griso mete la pata con la boda de Cayetano Mart\u00ednez de Irujo y B\u00e1rbara Mirjan"},"content":{"rendered":"<p data-journey-content=\"true\" data-node-id=\"3\" class=\"css-6wxqfj emevuu60\">Susanna Griso ha metido la pata a la hora de hablar de una de las bodas del a\u00f1o. Faltan menos de dos semanas para el gran d\u00eda de Cayetano Mart\u00ednez de Irujo y B\u00e1rbara Mirjan. Despu\u00e9s de m\u00e1s de 10 a\u00f1os de noviazgo, <strong data-node-id=\"3.1\">la pareja se dar\u00e1 el \u00abs\u00ed, quiero\u00bb en la Iglesia del Cristo de los Gitanos de Sevilla el pr\u00f3ximo 4 de octubre.<\/strong> El enlace promete ser uno de los \u00faltimos grandes eventos del a\u00f1o y reunir\u00e1 a gran parte de la jet set espa\u00f1ola. Posteriormente, los amigos y familiares se desplazar\u00e1n hasta la <strong data-node-id=\"3.3\">finca de &#8216;La Motilla&#8217;<\/strong>, ubicada en el cortijo de &#8216;Las Arroyuelas, en Carmona, Sevilla. Se trata de una propiedad que es el mayor latifundio de la Casa de Alba en Andaluc\u00eda y ahora se explota como alijamiento tur\u00edstico de lujo. <strong data-node-id=\"3.5\">Entre los invitados se encuentra Susanna Griso,<\/strong> quien ha hablado largo y tendido sobre esta boda y ha desvelado parte de su regalo. <\/p>\n<p data-journey-content=\"true\" data-node-id=\"6\" class=\"css-6wxqfj emevuu60\">Aunque la pareja puso a disposici\u00f3n de sus invitados una lista de bodas, la presentadora ha querido tener un detalle mucho m\u00e1s personal con la pareja. Tal y como ha desvelado la periodista en su programa, &#8216;Espejo P\u00fablico, su regalo se trata de \u00abuna parte de los tarjetones y el libro de recuerdos de la boda. Digo una parte porque es un regalo conjunto. Tengo una amiga que se dedica a esto y lo hacemos entre varias. Es muy bonito. <strong data-node-id=\"6.1\">Y te dir\u00e9 que es el mejor papel, el mejor dise\u00f1o&#8230;\u00bb. <\/strong><\/p>\n<p><img draggable=\"true\" alt=\"cayetano martinez de irujo y barbara mirjan juntos por la calle\" title=\"Cayetano Martinez de Irujo y Barbara Mirjan juntos por la calle\" loading=\"lazy\" width=\"3000\" height=\"3638\" decoding=\"async\" data-nimg=\"1\" style=\"color:transparent;width:100%;height:auto;\"   src=\"https:\/\/www.europesays.com\/es\/wp-content\/uploads\/2025\/09\/cayetano-martinez-de-irujo-barbara-mirjan-juntos-682d909c3147d.jpg\" class=\"css-0 e1g79fud0\"\/><\/p>\n<p>Europa Press<\/p>\n<p data-journey-content=\"true\" data-node-id=\"10\" class=\"css-6wxqfj emevuu60\">Tras la confesi\u00f3n, la colaboradora Gema L\u00f3pez no ha dudado en preguntarle a la presentadora sobre su vaticinio sobre la duraci\u00f3n del matrimonio de Cayetano y B\u00e1rbara. \u00abLlevan muchos a\u00f1os para saber si esta relaci\u00f3n funciona o no. Adem\u00e1s, tienen una gran complicidad entre ellos. <strong data-node-id=\"10.1\">B\u00e1rbara es una bell\u00edsima persona,<\/strong> muy creo que va a ser el puntal. Ella es muy buena\u00bb, ha declarado la periodista sobre el asunto. <\/p>\n<p><img src=\"https:\/\/www.europesays.com\/es\/wp-content\/uploads\/2025\/09\/1758683051_406_efed3e56-411c-4c5f-aad1-8194ce4fe362_1700500172.file\" alt=\"Headshot of Redacci\u00f3n Diez Minutos\" title=\"Headshot of Redacci\u00f3n Diez Minutos\" width=\"100%\" height=\"100%\" decoding=\"async\" loading=\"lazy\" class=\"css-o0wq4v ev8dhu53\"\/><\/p>\n<p>\u00a0En Diez Minutos somos especialistas en cubrir todas las noticias del coraz\u00f3n y de la monarqu\u00eda para acercarte a las vidas de todos esos personajes a los que admiras.<\/p>\n<p>Descubre con nosotros la \u00faltima hora de los famosos nacionales e internacionales m\u00e1s relevantes: sus pol\u00e9micas, sus historias amorosas y familiares y sus proyectos profesionales con nuestras entrevistas, videos y reportajes. Tambi\u00e9n te mostramos el d\u00eda a d\u00eda de la realeza, cont\u00e1ndote con especial detalle la vida personal y familiar de nuestros Reyes: Felipe VI y Letizia y sus hijas Leonor y Sof\u00eda.<\/p>\n<p>Diez Minutos es mucho m\u00e1s que cr\u00f3nica social. Queremos hacerte la vida m\u00e1s f\u00e1cil y cuidar de ti. Por eso, publicamos una amplia selecci\u00f3n de contenidos pr\u00e1cticos para ayudarte en tu econom\u00eda dom\u00e9stica, en la decoraci\u00f3n de tu casa o en tu bienestar f\u00edsico y emocional. Tambi\u00e9n encontrar\u00e1s todo tipo de noticias y reportajes sobre el embarazo y la maternidad para facilitarte este proceso de la vida.<\/p>\n<p>La cocina es otra parte fundamental de esta gu\u00eda pr\u00e1ctica con la mejor selecci\u00f3n de recetas y consejos para llevar una dieta saludable y variada. Y todo ello sin olvidarnos de los contenidos de moda y belleza que te har\u00e1n estar a la \u00faltima en las tendencias del momento con numerosas propuestas, ofertas y novedades.<\/p>\n<p>Te lo contamos todo con la misma rigurosidad y cercan\u00eda con la que te llevamos acompa\u00f1ando desde hace 72 a\u00f1os, cuando un 1 de septiembre de 1951 la revista vio la luz por primera vez. Muchas cosas han cambiado en lo que se refiere a la parte t\u00e9cnica, pero lo que te aseguramos es que el equipo que forma esta redacci\u00f3n realiza su trabajo con entusiasmo y entrega pensando en cada uno de vosotros para que encontr\u00e9is aqu\u00ed el sitio ideal donde disfrutar de la vida.<\/p>\n<p>El equipo digital de Diez Minutos est\u00e1 formado por:<\/p>\n<p><a href=\"https:\/\/www.diezminutos.es\/author\/15369\/rosa-prieto\/\" rel=\"nofollow noopener\" target=\"_blank\">Rosa Prieto:<\/a> Directora digital.<\/p>\n<p><a href=\"https:\/\/www.diezminutos.es\/author\/18095\/silvia-criado\/\" rel=\"nofollow noopener\" target=\"_blank\">Silvia Criado:<\/a> Jefa de secci\u00f3n digital.<\/p>\n<p><a href=\"https:\/\/www.diezminutos.es\/author\/16262\/magdalena-pinero\/\" rel=\"nofollow noopener\" target=\"_blank\">Magdalena Pi\u00f1ero:<\/a> redactora digital.\u00a0<\/p>\n<p><a href=\"https:\/\/www.diezminutos.es\/author\/16270\/daniel-reyes\/\" rel=\"nofollow noopener\" target=\"_blank\">Daniel Reyes:<\/a> redactor digital.<\/p>\n<p><a href=\"https:\/\/www.diezminutos.es\/author\/221934\/ignacio-herruzo\/\" rel=\"nofollow noopener\" target=\"_blank\">Ignacio Herruzo<\/a>: redactor digital.<\/p>\n<p><a href=\"https:\/\/www.diezminutos.es\/author\/740003\/nora-camara\/\" rel=\"nofollow noopener\" target=\"_blank\">Nora C\u00e1mara<\/a>: redactora digital.\u00a0<\/p>\n","protected":false},"excerpt":{"rendered":"Susanna Griso ha metido la pata a la hora de hablar de una de las bodas del a\u00f1o.&hellip;\n","protected":false},"author":2,"featured_media":135188,"comment_status":"","ping_status":"","sticky":false,"template":"","format":"standard","meta":{"footnotes":""},"categories":[174],"tags":[255,253,146,147,25,24,256,23],"class_list":{"0":"post-135187","1":"post","2":"type-post","3":"status-publish","4":"format-standard","5":"has-post-thumbnail","7":"category-famosos","8":"tag-celebrities","9":"tag-discover","10":"tag-entertainment","11":"tag-entretenimiento","12":"tag-es","13":"tag-espana","14":"tag-famosos","15":"tag-spain"},"share_on_mastodon":{"url":"","error":""},"_links":{"self":[{"href":"https:\/\/www.europesays.com\/es\/wp-json\/wp\/v2\/posts\/135187","targetHints":{"allow":["GET"]}}],"collection":[{"href":"https:\/\/www.europesays.com\/es\/wp-json\/wp\/v2\/posts"}],"about":[{"href":"https:\/\/www.europesays.com\/es\/wp-json\/wp\/v2\/types\/post"}],"author":[{"embeddable":true,"href":"https:\/\/www.europesays.com\/es\/wp-json\/wp\/v2\/users\/2"}],"replies":[{"embeddable":true,"href":"https:\/\/www.europesays.com\/es\/wp-json\/wp\/v2\/comments?post=135187"}],"version-history":[{"count":0,"href":"https:\/\/www.europesays.com\/es\/wp-json\/wp\/v2\/posts\/135187\/revisions"}],"wp:featuredmedia":[{"embeddable":true,"href":"https:\/\/www.europesays.com\/es\/wp-json\/wp\/v2\/media\/135188"}],"wp:attachment":[{"href":"https:\/\/www.europesays.com\/es\/wp-json\/wp\/v2\/media?parent=135187"}],"wp:term":[{"taxonomy":"category","embeddable":true,"href":"https:\/\/www.europesays.com\/es\/wp-json\/wp\/v2\/categories?post=135187"},{"taxonomy":"post_tag","embeddable":true,"href":"https:\/\/www.europesays.com\/es\/wp-json\/wp\/v2\/tags?post=135187"}],"curies":[{"name":"wp","href":"https:\/\/api.w.org\/{rel}","templated":true}]}}