{"id":135193,"date":"2025-09-24T03:09:07","date_gmt":"2025-09-24T03:09:07","guid":{"rendered":"https:\/\/www.europesays.com\/es\/135193\/"},"modified":"2025-09-24T03:09:07","modified_gmt":"2025-09-24T03:09:07","slug":"el-director-de-weapons-confirma-una-precuela-sobre-la-historia-eliminada-de-la-tia-gladys-y-habla-de-la-pelicula-de-resident-evil-no-son-tonterias","status":"publish","type":"post","link":"https:\/\/www.europesays.com\/es\/135193\/","title":{"rendered":"El director de \u2018Weapons\u2019 confirma una precuela sobre la historia eliminada de la T\u00eda Gladys y habla de la pel\u00edcula de \u2018Resident Evil\u2019: \u201cNo son tonter\u00edas\u201d"},"content":{"rendered":"<p><img alt=\"La precuela se centra en\" class=\"global-image\" decoding=\"async\" fetchpriority=\"high\" height=\"1080\" loading=\"eager\" src=\"https:\/\/www.europesays.com\/es\/wp-content\/uploads\/2025\/09\/VHOQGIPFOND2BMBJDMAWEZYSSQ.jpg\" width=\"1920\"\/>La precuela se centra en contar la historia de la T\u00eda Gladis (Foto: AP)<\/p>\n<p class=\"paragraph\">Este verano el cine de terror ha sido una alternativa recurrente para los espectadores, tal y como han demostrado el \u00e9xito de pel\u00edculas como Devu\u00e9lvemela o <a href=\"https:\/\/www.infobae.com\/espana\/cultura\/2025\/09\/06\/expediente-warren-el-ultimo-rito-una-despedida-tan-emotiva-como-agridulce-para-una-de-las-grandes-sagas-del-terror-moderno\/\" target=\"_blank\" rel=\"noreferrer nofollow noopener\" title=\"https:\/\/www.infobae.com\/espana\/cultura\/2025\/09\/06\/expediente-warren-el-ultimo-rito-una-despedida-tan-emotiva-como-agridulce-para-una-de-las-grandes-sagas-del-terror-moderno\/\">Expediente Warren: El \u00daltimo Rito<\/a>. Sin embargo, si hay una pel\u00edcula que podr\u00eda colarse incluso entre las m\u00e1s taquilleras del verano ha sido <b>Weapons<\/b><b>, la pel\u00edcula de Zack Cregger <\/b>en la que se cuenta la historia de un grupo de alumnos de una misma clase de un colegio que desaparece misteriosamente durante una noche. <\/p>\n<p class=\"paragraph\">La pel\u00edcula de Cregger fue aplaudida por su original historia y lo inquietante de sus atm\u00f3sferas, adem\u00e1s de por entregarnos a <a href=\"https:\/\/www.infobae.com\/espana\/cultura\/2025\/08\/09\/nada-da-mas-miedo-que-los-ninos-weapons-devuelvemela-y-otras-diez-peliculas-de-terror-infantil-que-puedes-ver\/\" target=\"_blank\" rel=\"noreferrer nofollow noopener\" title=\"https:\/\/www.infobae.com\/espana\/cultura\/2025\/08\/09\/nada-da-mas-miedo-que-los-ninos-weapons-devuelvemela-y-otras-diez-peliculas-de-terror-infantil-que-puedes-ver\/\">algunos de los personajes m\u00e1s terror\u00edficos de la temporada<\/a>,<b> T\u00eda Gladys<\/b>. Este personaje aparece de repente y, con el pretexto de ser una familiar del \u00fanico ni\u00f1o de la clase que no ha desaparecido, acaba desvel\u00e1ndose como <b>un personaje profundamente oscuro y misterioso&#8230; porque, en realidad, no sabemos qui\u00e9n es ni de d\u00f3nde viene.<\/b><\/p>\n<p class=\"paragraph\">El \u00e9xito de la pel\u00edcula, sin embargo, permitir\u00e1 a los fans de esta historia saber mucho m\u00e1s sobre este personaje, puesto que Cregger ha revelado que ya trabaja en <a href=\"https:\/\/www.infobae.com\/espana\/cultura\/2025\/08\/15\/el-fenomeno-weapons-la-pelicula-de-terror-que-esta-desatando-mas-teorias-este-verano-analizamos-sus-claves-y-referencias\/\" target=\"_blank\" rel=\"noreferrer nofollow noopener\" title=\"https:\/\/www.infobae.com\/espana\/cultura\/2025\/08\/15\/el-fenomeno-weapons-la-pelicula-de-terror-que-esta-desatando-mas-teorias-este-verano-analizamos-sus-claves-y-referencias\/\">una precuela que explore a este personaje interpretado por Amy Madigan<\/a>. <b>\u201cEs real y he estado hablando con Warner Bros al respecto<\/b>\u201c, confirmaba el cineasta al ser preguntado por los rumores en una conversaci\u00f3n con la revista Fangoria. Es m\u00e1s, Cregger confirm\u00f3 que la historia, como tal, ya est\u00e1 pensada, y que es un proyecto que le hace mucha ilusi\u00f3n.<b> \u201dNo son tonter\u00edas\u00bb<\/b>, advierte.<\/p>\n<p><img alt=\"Cary Christopher, actor infantil de\" class=\"global-image\" decoding=\"async\" fetchpriority=\"low\" height=\"1080\" loading=\"lazy\" src=\"https:\/\/www.europesays.com\/es\/wp-content\/uploads\/2025\/09\/5UBV7RYRDRD7JHGR7Y7KFBQSLE.jpg\" width=\"1920\"\/>Cary Christopher, actor infantil de \u00abLa hora de la desaparici\u00f3n\u00bb (Warner Bros. Pictures)<\/p>\n<p class=\"paragraph\">Sin embargo, el director ha querido se\u00f1alar que esta precuela no viene provocada por el \u00e9xito de Weapons, pel\u00edcula que recaud\u00f3 260 millones de d\u00f3lares en todo el mundo, sino que ya formaba parte del universo que ten\u00eda en mente incluso antes de su llegada a los cines. \u201cEstaba listo\u201d, asegura. \u201cLo ten\u00eda pr\u00e1cticamente guardado antes de que se estrenara la pel\u00edcula\u201d. Esto tendr\u00eda sentido si se tiene en cuenta el hecho de que los rumores de que podr\u00eda haber una segunda pel\u00edcula aparecieron tan solo unos d\u00edas despu\u00e9s de su proyecci\u00f3n en la gran pantalla. Por aquel entonces, The Hollywood Reporter ya inform\u00f3 de que el argumento de esta segunda pel\u00edcula <b>buscar\u00eda ahondar y expandir el trasfondo de la T\u00eda Gladys<\/b>, un material que, seg\u00fan Cregger, fue retirado de la versi\u00f3n final de Weapons en su fase de desarrollo. <\/p>\n<p class=\"paragraph\">Mientras contin\u00faa el di\u00e1logo con Warner Bros, la emoci\u00f3n del equipo detr\u00e1s del personaje es palpable. A pesar de ello, algunos miembros han pedido cautela hasta que no haya nada firmado, entre ellos <a href=\"https:\/\/www.infobae.com\/espana\/cultura\/2025\/08\/20\/la-actriz-revelacion-de-weapons-recuerda-su-polemico-momento-en-la-gala-de-los-oscar-de-ninguna-manera-ibamos-a-hacerlo\/\" target=\"_blank\" rel=\"noreferrer nofollow noopener\" title=\"https:\/\/www.infobae.com\/espana\/cultura\/2025\/08\/20\/la-actriz-revelacion-de-weapons-recuerda-su-polemico-momento-en-la-gala-de-los-oscar-de-ninguna-manera-ibamos-a-hacerlo\/\">la actriz que interpreta al personaje, Amy Madigan<\/a>. <b>\u201cNo es que lo descarte, pero en este negocio nada es real hasta que lo es. <\/b>Me lo pas\u00e9 genial trabajando con Zach y entrando en su mente. Ese es el verdadero regalo de la pel\u00edcula. Lo dem\u00e1s tiene que ver con otro tipo de conversaciones en las que nunca participar\u00eda, cosas de negocios y por el estilo. Pero, ya sabes, me encanta Gladys, as\u00ed que lo dejo ah\u00ed\u201d.<\/p>\n<p>RESIDENT EVIL 9: Requiem Tr\u00e1iler Espa\u00f1ol Latino. Cr\u00e9dito: YouTube (ONE Media Espa\u00f1ol)<\/p>\n<p class=\"paragraph\">Por otro lado, <b>Cregger <\/b>tiene en agenda otro ambicioso proyecto: <b>el reinicio de la legendaria franquicia de videojuegos de terror <\/b><a href=\"https:\/\/www.infobae.com\/malditos-nerds\/2025\/03\/07\/resident-evil-la-nueva-pelicula-a-cargo-de-zach-cregger-ya-tiene-fecha-de-estreno\/\" target=\"_blank\" rel=\"noreferrer nofollow noopener\" title=\"https:\/\/www.infobae.com\/malditos-nerds\/2025\/03\/07\/resident-evil-la-nueva-pelicula-a-cargo-de-zach-cregger-ya-tiene-fecha-de-estreno\/\"><b>Resident Evil<\/b><\/a>. El director se encuentra centrado ahora en ello, y ya ha adelantado que la pel\u00edcula incluir\u00e1 personajes que no forman parte del material original. \u201cSe atiene a la tradici\u00f3n de los juegos, simplemente es una historia diferente\u201d, afirma. \u201cNo voy a contar la historia de Leon, porque la historia de Leon se cuenta en los juegos\u2026 Soy un gran admirador de los juegos, as\u00ed que cuento una historia que es una carta de amor a los juegos y sigue sus reglas\u201d.<\/p>\n","protected":false},"excerpt":{"rendered":"La precuela se centra en contar la historia de la T\u00eda Gladis (Foto: AP) Este verano el cine&hellip;\n","protected":false},"author":2,"featured_media":135194,"comment_status":"","ping_status":"","sticky":false,"template":"","format":"standard","meta":{"footnotes":""},"categories":[169],"tags":[177,146,147,25,24,176,175,23],"class_list":{"0":"post-135193","1":"post","2":"type-post","3":"status-publish","4":"format-standard","5":"has-post-thumbnail","7":"category-cine","8":"tag-cine","9":"tag-entertainment","10":"tag-entretenimiento","11":"tag-es","12":"tag-espana","13":"tag-film","14":"tag-movies","15":"tag-spain"},"share_on_mastodon":{"url":"","error":""},"_links":{"self":[{"href":"https:\/\/www.europesays.com\/es\/wp-json\/wp\/v2\/posts\/135193","targetHints":{"allow":["GET"]}}],"collection":[{"href":"https:\/\/www.europesays.com\/es\/wp-json\/wp\/v2\/posts"}],"about":[{"href":"https:\/\/www.europesays.com\/es\/wp-json\/wp\/v2\/types\/post"}],"author":[{"embeddable":true,"href":"https:\/\/www.europesays.com\/es\/wp-json\/wp\/v2\/users\/2"}],"replies":[{"embeddable":true,"href":"https:\/\/www.europesays.com\/es\/wp-json\/wp\/v2\/comments?post=135193"}],"version-history":[{"count":0,"href":"https:\/\/www.europesays.com\/es\/wp-json\/wp\/v2\/posts\/135193\/revisions"}],"wp:featuredmedia":[{"embeddable":true,"href":"https:\/\/www.europesays.com\/es\/wp-json\/wp\/v2\/media\/135194"}],"wp:attachment":[{"href":"https:\/\/www.europesays.com\/es\/wp-json\/wp\/v2\/media?parent=135193"}],"wp:term":[{"taxonomy":"category","embeddable":true,"href":"https:\/\/www.europesays.com\/es\/wp-json\/wp\/v2\/categories?post=135193"},{"taxonomy":"post_tag","embeddable":true,"href":"https:\/\/www.europesays.com\/es\/wp-json\/wp\/v2\/tags?post=135193"}],"curies":[{"name":"wp","href":"https:\/\/api.w.org\/{rel}","templated":true}]}}