{"id":13520,"date":"2025-07-30T08:36:12","date_gmt":"2025-07-30T08:36:12","guid":{"rendered":"https:\/\/www.europesays.com\/es\/13520\/"},"modified":"2025-07-30T08:36:12","modified_gmt":"2025-07-30T08:36:12","slug":"libros-irma-miranda-presenta-su-receta-de-vida","status":"publish","type":"post","link":"https:\/\/www.europesays.com\/es\/13520\/","title":{"rendered":"Libros: Irma Miranda presenta su receta de vida"},"content":{"rendered":"<p>La conductora y exreina de belleza Irma Miranda debuta como autora con su primer libro, \u201cDe la pasarela a la cocina. Tiempos perfectos\u201d, una obra que fusiona su pasi\u00f3n por la gastronom\u00eda con vivencias personales que la marcaron dentro y fuera de los reflectores. Un libro que da testigo de un periodo de cambios en trayectoria, desde la incertidumbre posterior a su paso por Miss Universo, a su victoria en \u201cMasterChef Celebrity\u201d, dos sucesos que le cambiaron la vida y que le dieron un sentido, y que la inspiraron para narrar lo vivido en el terreno de la escritura.\u00a0<\/p>\n<p><strong>\u201cDe la pasarela a la cocina. Tiempos perfectos\u201d es una obra \u00edntima y multifac\u00e9tica en la que Irma Miranda entrelaza recetas con momentos clave de su vida.<\/strong> No se trata s\u00f3lo de un recetario, sino de una memoria personal que explora temas como la reinvenci\u00f3n profesional, la presi\u00f3n medi\u00e1tica, la fe en los tiempos de Dios, y la b\u00fasqueda de prop\u00f3sito m\u00e1s all\u00e1 del brillo de las pasarelas. Cada platillo va acompa\u00f1ado de una historia, un sentimiento o una reflexi\u00f3n, permitiendo al lector sumergirse en su mundo emocional y humano, mientras descubre una nueva dimensi\u00f3n de Irma: la mujer que encontr\u00f3 en la cocina un espacio de expresi\u00f3n, sanaci\u00f3n y autenticidad.<\/p>\n<p>En entrevista con <strong>EL INFORMADOR<\/strong>, Irma comparte a fondo c\u00f3mo fue el proceso creativo y emocional detr\u00e1s de esta publicaci\u00f3n, que m\u00e1s all\u00e1 de ser un recetario, es tambi\u00e9n una ventana \u00edntima a sus emociones, su camino profesional y su reinvenci\u00f3n tras su paso por el concurso de belleza y el reality culinario. <strong>Aunque escribir un libro era una idea que rondaba su mente, Irma confiesa que nunca imagin\u00f3 hacerlo tan r\u00e1pido ni con una tem\u00e1tica tan personal.<\/strong><\/p>\n<p>\u201cLa verdad fue un momento muy importante en mi vida. Lo he platicado varias veces: escribir un libro siempre estuvo en mis ideas, pero no sab\u00eda sobre qu\u00e9 iba a ser ni que lo iba a hacer tan pronto\u201d, dice la conductora.\u00a0<\/p>\n<p>\u201cEntonces, cuando se dio la oportunidad de escribirlo, lo vi justo como eso: una oportunidad de plasmar un evento muy significativo para m\u00ed. Y m\u00e1s all\u00e1 de compartir recetas -que s\u00ed, claro, vienen algunas de \u2018MasterChef\u2019 y otras adicionales- tambi\u00e9n quer\u00eda contarle a la gente c\u00f3mo es la vida detr\u00e1s de c\u00e1maras. Mucha gente no tiene idea o no sabe realmente lo que se vive o c\u00f3mo se vive ese tipo de experiencia.\u201d<\/p>\n<p>Tras su participaci\u00f3n en Miss Universo, Irma atraves\u00f3 una etapa de incertidumbre profesional. Fue entonces cuando lleg\u00f3 a su vida \u201cMasterChef\u201d, marcando un punto de inflexi\u00f3n que redefini\u00f3 su rumbo. \u201cFue un momento muy importante porque despu\u00e9s de Miss Universo yo no sab\u00eda qu\u00e9 segu\u00eda. Ten\u00eda expectativas muy altas, pero por una u otra raz\u00f3n no se dieron las cosas. Y luego lleg\u00f3 lo de \u2018MasterChef\u2019. Ah\u00ed me di cuenta de algo muy valioso: los tiempos de Dios son perfectos. Cuando algo no se da, es porque otra cosa viene. Y hay que tener la mente abierta para ver esas oportunidades, aceptarlas, y estar dispuesta incluso a cambiar de rumbo profesional. En mi caso, no quedarme s\u00f3lo con la etiqueta de \u2018reina de belleza\u2019, sino abrirme a nuevos caminos. Estar en esa competencia me distrajo de lo de Miss Universo, y lo vi como una oportunidad para hacer algo distinto.\u201d<\/p>\n<p><strong>Las dificultades de llevar la cocina al papel<\/strong> <\/p>\n<p><strong>Pese a que ya contaba con las recetas, adaptarlas para un libro represent\u00f3 un reto t\u00e9cnico. Irma comparti\u00f3 c\u00f3mo vivi\u00f3 la transici\u00f3n de cocinar \u201cal tanteo\u201d a documentar cada paso con exactitud.<\/strong> \u201cComo ya ten\u00eda las recetas, pens\u00e9 que ser\u00eda m\u00e1s f\u00e1cil. Pero me cost\u00f3 mucho trabajo, sobre todo con los gramajes, porque yo cocinaba \u2018al tanteo\u2019. No ten\u00eda una receta exacta. Todo el proceso tom\u00f3 alrededor de un a\u00f1o y medio: poner los gramajes, tomar las fotos, perfeccionar las recetas y contar la historia de una manera en la que la gente realmente pudiera conectar y sumergirse en ella. Hubo d\u00edas en los que me bloqueaba por completo. <strong>Cerraba la computadora, y quiz\u00e1 dos d\u00edas despu\u00e9s me sentaba a escribir de nuevo y sal\u00edan tres cap\u00edtulos seguidos. Fue un proceso algo atropellado, pero creo que es parte de escribir un primer libro<\/strong>\u201d.<\/p>\n<p>Aunque no ten\u00eda experiencia previa como autora, Irma encontr\u00f3 en la escritura una nueva forma de expresi\u00f3n y de encuentro consigo misma. El proceso estuvo lleno de dudas, obst\u00e1culos y momentos en los que pens\u00f3 en abandonar el proyecto. \u201cHubo momentos en los que sent\u00eda que ya no ten\u00eda sentido seguir. Pensaba: \u2018Ya me tard\u00e9 mucho, ya pas\u00f3 el momento, esto no va a funcionar como pensaba\u2019. Estuve a punto de dejarlo. Pero como ya hab\u00eda empezado, y yo no soy de dejar las cosas a la mitad, segu\u00ed. Es un compromiso que tengo conmigo misma: si empiezo algo, lo termino, y lo termino bien. <strong>Es una parte muy competitiva y perfeccionista m\u00eda que no me permite dejar proyectos inconclusos. Y cuando llegu\u00e9 al final, cuando escrib\u00ed ese \u00faltimo p\u00e1rrafo como agradecimiento a todos los que llegaron hasta esa parte del libro, sent\u00ed una satisfacci\u00f3n enorme.<\/strong> Fue como: \u2018\u00a1Lo logr\u00e9!\u2019.\u201d<\/p>\n<p>                    <strong>Mostrar lo que no se ve en televisi\u00f3n<\/strong> <\/p>\n<p>Parte de la intenci\u00f3n de Irma al escribir este libro fue dar a conocer lo que ocurre detr\u00e1s de c\u00e1maras en programas como \u201cMasterChef\u201d, donde la edici\u00f3n no siempre refleja la intensidad vivida. En ocasiones los cocineros trabajaban m\u00e1s de 18 horas seguidas, situaci\u00f3n que, en pantalla, se resum\u00eda en dos horas de transmisi\u00f3n. Para Irma era muy importante narrar todo lo que el espectador no ve.\u00a0<\/p>\n<p>\u201cEsa es justo la intenci\u00f3n del libro. En televisi\u00f3n ves dos horas de programa cada domingo, pero para grabar eso trabaj\u00e1bamos m\u00e1s de 18 horas en un s\u00f3lo d\u00eda. Hay tanto que no se ve. Editan, cortan, y s\u00f3lo muestran ciertas partes: a veces lo mejor de nosotros, y otras veces lo peor. En esas dos horas no se logra transmitir todo lo que vivimos. As\u00ed que este libro es para eso: para expresar lo que sent\u00ed, lo que viv\u00ed, para abrirme completamente. Quiero que la gente sienta el estr\u00e9s que sent\u00ed, la felicidad que viv\u00ed. Que puedan entender lo que pasa detr\u00e1s, que no todo es perfecto\u201d, finaliz\u00f3.<\/p>\n<p>                    <strong>\u00bfQui\u00e9n es Irma Miranda?<\/strong> <\/p>\n<p>La escritora naci\u00f3 en Ciudad Obreg\u00f3n, Sonora, M\u00e9xico. Su carisma, belleza y elocuencia la llevaron a ganar Mexicana Universal 2022, t\u00edtulo con el que represent\u00f3 a M\u00e9xico en Miss Universo ese mismo a\u00f1o. Posteriormente, Irma incursion\u00f3 con \u00e9xito en la televisi\u00f3n como presentadora y particip\u00f3 en el reality \u201cMasterChef Celebrity M\u00e9xico\u201d, donde mostr\u00f3 una nueva faceta de su personalidad: cercana, apasionada por la cocina y resiliente. Hoy, debuta como autora con \u201cDe la pasarela a la cocina. Tiempos perfectos\u201d, un libro que refleja su crecimiento, sensibilidad y evoluci\u00f3n profesional.<\/p>\n<p>CT<\/p>\n<p>\n            Temas\n        <\/p>\n<p>\n\t\t\t\t\tLee Tambi\u00e9n\n\t\t\t\t<\/p>\n","protected":false},"excerpt":{"rendered":"La conductora y exreina de belleza Irma Miranda debuta como autora con su primer libro, \u201cDe la pasarela&hellip;\n","protected":false},"author":2,"featured_media":13521,"comment_status":"","ping_status":"","sticky":false,"template":"","format":"standard","meta":{"footnotes":""},"categories":[172],"tags":[224,146,147,25,24,4475,225,23],"class_list":{"0":"post-13520","1":"post","2":"type-post","3":"status-publish","4":"format-standard","5":"has-post-thumbnail","7":"category-libros","8":"tag-books","9":"tag-entertainment","10":"tag-entretenimiento","11":"tag-es","12":"tag-espana","13":"tag-gastronomia","14":"tag-libros","15":"tag-spain"},"share_on_mastodon":{"url":"","error":""},"_links":{"self":[{"href":"https:\/\/www.europesays.com\/es\/wp-json\/wp\/v2\/posts\/13520","targetHints":{"allow":["GET"]}}],"collection":[{"href":"https:\/\/www.europesays.com\/es\/wp-json\/wp\/v2\/posts"}],"about":[{"href":"https:\/\/www.europesays.com\/es\/wp-json\/wp\/v2\/types\/post"}],"author":[{"embeddable":true,"href":"https:\/\/www.europesays.com\/es\/wp-json\/wp\/v2\/users\/2"}],"replies":[{"embeddable":true,"href":"https:\/\/www.europesays.com\/es\/wp-json\/wp\/v2\/comments?post=13520"}],"version-history":[{"count":0,"href":"https:\/\/www.europesays.com\/es\/wp-json\/wp\/v2\/posts\/13520\/revisions"}],"wp:featuredmedia":[{"embeddable":true,"href":"https:\/\/www.europesays.com\/es\/wp-json\/wp\/v2\/media\/13521"}],"wp:attachment":[{"href":"https:\/\/www.europesays.com\/es\/wp-json\/wp\/v2\/media?parent=13520"}],"wp:term":[{"taxonomy":"category","embeddable":true,"href":"https:\/\/www.europesays.com\/es\/wp-json\/wp\/v2\/categories?post=13520"},{"taxonomy":"post_tag","embeddable":true,"href":"https:\/\/www.europesays.com\/es\/wp-json\/wp\/v2\/tags?post=13520"}],"curies":[{"name":"wp","href":"https:\/\/api.w.org\/{rel}","templated":true}]}}