{"id":135203,"date":"2025-09-24T03:15:08","date_gmt":"2025-09-24T03:15:08","guid":{"rendered":"https:\/\/www.europesays.com\/es\/135203\/"},"modified":"2025-09-24T03:15:08","modified_gmt":"2025-09-24T03:15:08","slug":"venezuela-se-alista-para-declarar-un-estado-de-conmocion-dw-24-09-2025","status":"publish","type":"post","link":"https:\/\/www.europesays.com\/es\/135203\/","title":{"rendered":"Venezuela se alista para declarar un \u00abestado de conmoci\u00f3n\u00bb \u2013 DW \u2013 24\/09\/2025"},"content":{"rendered":"<p>El gobernante de <a class=\"internal-link\" href=\"https:\/\/www.dw.com\/es\/venezuela\/t-17410652\" rel=\"nofollow noopener\" target=\"_blank\">Venezuela<\/a>, <a class=\"internal-link\" href=\"https:\/\/www.dw.com\/es\/nicol\u00e1s-maduro\/t-17409336\" rel=\"nofollow noopener\" target=\"_blank\">Nicol\u00e1s Maduro<\/a>, anunci\u00f3 este martes (23.09.2025) que eval\u00faa declarar un \u00abestado de conmoci\u00f3n exterior\u00bb para hacer frente a las \u00abagresiones\u00bb de <a class=\"internal-link\" href=\"https:\/\/www.dw.com\/es\/estados-unidos\/t-17411942\" rel=\"nofollow noopener\" target=\"_blank\">Estados Unidos<\/a>, mientras <a class=\"internal-link\" href=\"https:\/\/www.dw.com\/es\/las-milicias-civiles-con-las-que-maduro-quiere-plantar-cara-a-ee-uu\/a-74100943\" rel=\"nofollow noopener\" target=\"_blank\">cientos simpatizantes del chavismo y militares armados<\/a> marcharon en su \u00abdefensa\u00bb en Caracas.<\/p>\n<p>Estados Unidos despleg\u00f3 hace casi un mes ocho buques y un submarino en el Caribe con el argumento de combatir el narcotr\u00e1fico despu\u00e9s de acusar a Maduro de tener v\u00ednculos con un supuesto \u00abCartel de los soles\u00bb.<\/p>\n<p>\u00abYa pudi\u00e9ramos decir est\u00e1 casi constituido el primer decreto\u00bb, dijo Maduro tras mostrar una carpeta roja que dec\u00eda \u00abDecreto por medio del cual se declara estado de conmoci\u00f3n exterior en todo el territorio nacional\u00bb.<\/p>\n<blockquote class=\"tweet embed\" data-id=\"1970617147736154545\"\/>\n<p>\u00abEstamos en preparaci\u00f3n de sendos decretos (&#8230;) para cualquier escenario que se presente. Venezuela saldr\u00e1 adelante\u00bb, a\u00f1adi\u00f3 desde el palacio de Miraflores donde se reuni\u00f3 con altos funcionarios de gobierno.<\/p>\n<p>Maduro no explic\u00f3 qu\u00e9 implica la declaratoria. La constituci\u00f3n establece que puede decretarse cuando se \u00abponga seriamente en peligro la seguridad de la naci\u00f3n\u00bb. Es prorrogable hasta por 90 d\u00edas.<\/p>\n<p><img data-format=\"MASTER_LANDSCAPE\" data-id=\"74079840\" data-url=\"https:\/\/static.dw.com\/image\/74079840_${formatId}.jpg\" data-aspect-ratio=\"16\/9\" alt=\"Dos mujeres venezolandas visten de verde olivo en un cuartel militar donde reciben entrenamiento para aprender &quot;a disparar&quot; y defender al pa\u00eds ante lo que califica como una amenaza de Estados Unidos. (20.09.2025)\" style=\"padding-bottom: 56.25%; height: 0; max-height: 0;\"\/>El gobierno chavista ha presentando im\u00e1genes de milicianos recibiendo entrenamiento militar en cuarteles, para aprender \u00aba disparar\u00bb y defender al pa\u00eds ante lo que califica como una amenaza de Estados Unidos. (20.09.2025)Imagen: Gaby Oraa\/REUTERS<\/p>\n<p>Trump se mofa de milicias chavistas<\/p>\n<p>M\u00e1s temprano y con fusiles en mano, a bordo de veh\u00edculos de guerra, cientos de civiles y militares marcharon para defender a Maduro y rechazar las \u00abburlas\u00bb del presidente estadounidense <a class=\"internal-link\" href=\"https:\/\/www.dw.com\/es\/trump-donald\/t-19445010\" rel=\"nofollow noopener\" target=\"_blank\">Donald\u00a0Trump<\/a> a <a class=\"internal-link\" href=\"https:\/\/www.dw.com\/es\/maduro-anuncia-45-millones-de-milicianos-ante-amenazas\/a-73686668\" rel=\"nofollow noopener\" target=\"_blank\">milicianas venezolanas<\/a>.<\/p>\n<p>\u00abMantengamos en alto el fusil y la moral\u00bb, gritaba desde una tarima enorme una de las animadoras de la marcha.<\/p>\n<p>Trump public\u00f3 en la v\u00edspera un video en su red Truth Social donde mostr\u00f3 a mujeres en entrenamientos militares. \u00abAlto secreto: Capturamos a <a class=\"internal-link\" href=\"https:\/\/www.dw.com\/es\/venezuela-entrena-a-civiles-ante-eventual-ataque-de-eeuu\/a-74077575\" rel=\"nofollow noopener\" target=\"_blank\">la Milicia venezolana en entrenamiento<\/a>. \u00a1Una amenaza muy grave!\u00bb, escribi\u00f3.<\/p>\n<p>Trump dijo este martes durante un discurso ante la ONU que Estados Unidos utiliza su \u00abpoder\u00edo militar\u00bb para destruir <a class=\"internal-link\" href=\"https:\/\/www.dw.com\/es\/venezuela-califica-de-gran-farsa-las-acusaciones-de-eeuu\/a-73925938\" rel=\"nofollow noopener\" target=\"_blank\">\u00abredes de tr\u00e1fico de Venezuela\u00bb, que asegura son encabezadas por Maduro<\/a>, quien niega estas acusaciones.<\/p>\n<blockquote class=\"tweet embed\" data-id=\"1970616666779459763\"\/>\n<p>\u00abLa burla\u00bb, seg\u00fan Padrino<\/p>\n<p>El ministro de Defensa venezolano, <a class=\"internal-link\" href=\"https:\/\/www.dw.com\/es\/padrino-vladimir\/t-39881300\" rel=\"nofollow noopener\" target=\"_blank\">Vladimir Padrino L\u00f3pez<\/a>, calific\u00f3 la publicaci\u00f3n de Trump como \u00abun acto de menosprecio\u00bb inaceptable.<\/p>\n<p>\u00abLa burla es un acto de poco valor humano, la burla es desprecio por el pr\u00f3jimo, es supremacismo, la burla es racismo\u00bb, dijo Padrino L\u00f3pez desde la tarima dispuesta para animar la concentraci\u00f3n.<\/p>\n<p>Padrino dijo que las mujeres que aparecen en el video divulgado por Trump fueron condecoradas.<\/p>\n<p>\u00abQue se burle, pero nosotros somos aqu\u00ed verdaderos, aqu\u00ed estamos preparados para la batalla, a esa gente no hay que hacerle caso\u00bb, declar\u00f3 a la AFP Nohelia Figuera, dirigente comunal de la barriada popular de Ant\u00edmano, en Caracas.<\/p>\n<p>jc (afp, VTV)<\/p>\n<p>\u00a0<\/p>\n","protected":false},"excerpt":{"rendered":"El gobernante de Venezuela, Nicol\u00e1s Maduro, anunci\u00f3 este martes (23.09.2025) que eval\u00faa declarar un \u00abestado de conmoci\u00f3n exterior\u00bb&hellip;\n","protected":false},"author":2,"featured_media":135204,"comment_status":"","ping_status":"","sticky":false,"template":"","format":"standard","meta":{"footnotes":""},"categories":[42],"tags":[17,18,13,14,11,61,62,63,64,19,20,9,10,15,16,12,21,22,65,66,67],"class_list":{"0":"post-135203","1":"post","2":"type-post","3":"status-publish","4":"format-standard","5":"has-post-thumbnail","7":"category-internacional","8":"tag-breaking-news","9":"tag-breakingnews","10":"tag-featured-news","11":"tag-featurednews","12":"tag-headlines","13":"tag-internacional","14":"tag-international","15":"tag-international-news","16":"tag-internationalnews","17":"tag-latest-news","18":"tag-latestnews","19":"tag-news","20":"tag-noticias","21":"tag-noticias-destacadas","22":"tag-noticiasdestacadas","23":"tag-titulares","24":"tag-ultimas-noticias","25":"tag-ultimasnoticias","26":"tag-world","27":"tag-world-news","28":"tag-worldnews"},"share_on_mastodon":{"url":"","error":""},"_links":{"self":[{"href":"https:\/\/www.europesays.com\/es\/wp-json\/wp\/v2\/posts\/135203","targetHints":{"allow":["GET"]}}],"collection":[{"href":"https:\/\/www.europesays.com\/es\/wp-json\/wp\/v2\/posts"}],"about":[{"href":"https:\/\/www.europesays.com\/es\/wp-json\/wp\/v2\/types\/post"}],"author":[{"embeddable":true,"href":"https:\/\/www.europesays.com\/es\/wp-json\/wp\/v2\/users\/2"}],"replies":[{"embeddable":true,"href":"https:\/\/www.europesays.com\/es\/wp-json\/wp\/v2\/comments?post=135203"}],"version-history":[{"count":0,"href":"https:\/\/www.europesays.com\/es\/wp-json\/wp\/v2\/posts\/135203\/revisions"}],"wp:featuredmedia":[{"embeddable":true,"href":"https:\/\/www.europesays.com\/es\/wp-json\/wp\/v2\/media\/135204"}],"wp:attachment":[{"href":"https:\/\/www.europesays.com\/es\/wp-json\/wp\/v2\/media?parent=135203"}],"wp:term":[{"taxonomy":"category","embeddable":true,"href":"https:\/\/www.europesays.com\/es\/wp-json\/wp\/v2\/categories?post=135203"},{"taxonomy":"post_tag","embeddable":true,"href":"https:\/\/www.europesays.com\/es\/wp-json\/wp\/v2\/tags?post=135203"}],"curies":[{"name":"wp","href":"https:\/\/api.w.org\/{rel}","templated":true}]}}