{"id":135211,"date":"2025-09-24T03:24:10","date_gmt":"2025-09-24T03:24:10","guid":{"rendered":"https:\/\/www.europesays.com\/es\/135211\/"},"modified":"2025-09-24T03:24:10","modified_gmt":"2025-09-24T03:24:10","slug":"red-bull-tomara-su-tiempo-para-elegir-al-companero-de-verstappen-grupo-milenio","status":"publish","type":"post","link":"https:\/\/www.europesays.com\/es\/135211\/","title":{"rendered":"Red Bull tomar\u00e1 su tiempo para elegir al compa\u00f1ero de Verstappen- Grupo Milenio"},"content":{"rendered":"<p><strong>Liam Lawson y Yuki Tsunoda<\/strong> celebraron sus mejores marcas personales en Bak\u00fa el fin de semana, pero ambos tendr\u00e1n que esperar noticias sobre su <strong>futuro en la <a href=\"https:\/\/www.milenio.com\/motor\/f1\/sergio-perez-revela-su-objetivo-para-la-proxima-temporada-de-formula-1\" title=\"Sergio P\u00e9rez revela su objetivo para la pr\u00f3xima temporada de F\u00f3rmula 1 en Cadillac\" target=\"_blank\" rel=\"nofollow noopener\">F\u00f3rmula Uno<\/a><\/strong>.<\/p>\n<p>El<strong> Gran Premio de Azerbaiy\u00e1n<\/strong> del domingo fue la primera carrera desde Rusia en 2020 en la que los dos equipos de la marca de bebidas energ\u00e9ticas &#8211;<strong>Red Bull Racing y Racing Bulls<\/strong>&#8211; tuvieron a <strong>todos sus pilotos puntuando<\/strong>.<\/p>\n<p><strong>Max Verstappen<\/strong>, cuatro veces campe\u00f3n del mundo,<strong> gan\u00f3 para Red Bull<\/strong>, mientras que <strong>Lawson<\/strong>, de Racing Bulls, termin\u00f3 quinto tras salir tercero, la mejor posici\u00f3n en la parrilla de F1 para un neozeland\u00e9s desde Chris Amon en 1976.<\/p>\n<p>\t\t<img decoding=\"async\" class=\"nd-media-detail-caption__img\" alt=\"Verstappen conquista el GP de Azerbaiy\u00e1n en fat\u00eddica carrera de Piastri y McLaren\" data-camus-image=\"\" data-camus-toolbar-image-position=\"topleft\" loading=\"lazy\" src=\"https:\/\/images.milenio.com\/GXHPqjSIMS7estGBc-mom45XUHk=\/375x0\/uploads\/media\/2025\/09\/21\/verstappen-conquista-gp-azerbaiyan-fatidica.jpg\" height=\"212\" width=\"375\" onerror=\"this.onerror=null;this.src=\\'\/bundles\/appcamusassets\/dist\/images\/logo-Milenio-2.jpg\\'\"\/><\/p>\n<p>  \tVerstappen conquista el GP de Azerbaiy\u00e1n en fat\u00eddica carrera de Piastri y McLaren (Reuters)<\/p>\n<p>  \t  \t<img decoding=\"async\" alt=\"filter-toggle\" class=\"nd-media-detail-caption__icon__icon\" src=\"https:\/\/www.milenio.com\/bundles\/appcamusassets\/dist\/images\/svg\/expand-solid.svg\" width=\"15\" height=\"15\" onerror=\"this.onerror=null;this.src=\\'\/bundles\/appcamusassets\/dist\/images\/logo-Milenio-2.jpg\\'\" loading=\"lazy\"\/><br \/>\n  \t  ampliar<\/p>\n<p>Un puesto por delante de <strong>Tsunoda<\/strong>, cuyo final fue el mejor desde que pas\u00f3 de Racing Bulls a Red Bull esta temporada y tambi\u00e9n su <strong>mejor posici\u00f3n desde su campa\u00f1a como novato en 2021<\/strong> con AlphaTauri.<\/p>\n<p><strong>Isack Hadjar<\/strong>, de Racing Bulls, firme candidato a novato del a\u00f1o, <strong>fue d\u00e9cimo<\/strong>.<\/p>\n<p><strong>Solo Verstappen puede estar completamente seguro <\/strong>de con qui\u00e9n correr\u00e1 el pr\u00f3ximo a\u00f1o y <strong>Red Bull no tiene prisa por decidir su compa\u00f1ero <\/strong>de equipo despu\u00e9s de un historial de fracasos con movimientos anteriores.<\/p>\n<p>\t\t<img decoding=\"async\" class=\"nd-media-detail-caption__img\" alt=\"Max Verstappen acaba con el dominio de McLaren al ganar el GP de Italia\" data-camus-image=\"\" data-camus-toolbar-image-position=\"topleft\" loading=\"lazy\" src=\"https:\/\/images.milenio.com\/UPbXdQBzpAsWADMfZ835Zz6iNZI=\/375x0\/uploads\/media\/2025\/09\/07\/max-verstappen-acaba-dominio-mclaren-1.jpg\" height=\"212\" width=\"375\" onerror=\"this.onerror=null;this.src=\\'\/bundles\/appcamusassets\/dist\/images\/logo-Milenio-2.jpg\\'\"\/><\/p>\n<p>  \tMax Verstappen (AFP)<\/p>\n<p>  \t  \t<img decoding=\"async\" alt=\"filter-toggle\" class=\"nd-media-detail-caption__icon__icon\" src=\"https:\/\/www.milenio.com\/bundles\/appcamusassets\/dist\/images\/svg\/expand-solid.svg\" width=\"15\" height=\"15\" onerror=\"this.onerror=null;this.src=\\'\/bundles\/appcamusassets\/dist\/images\/logo-Milenio-2.jpg\\'\" loading=\"lazy\"\/><br \/>\n  \t  ampliar<\/p>\n<p>\u200bAunque <strong style=\"font-family: utopia-regular;\">los pilotos tienen contrato con Red Bull<\/strong>, la marca puede colocarlos en el equipo que considere oportuno o prescindir de ellos por completo.<\/p>\n<p>\u00ab<strong>Nuestros pilotos tienen contrato<\/strong> con nosotros, tenemos todas las cartas\u00bb, dijo el fin de semana el jefe de equipo de Red Bull, Laurent Mekies, que conoce bien a los cuatro pilotos tras ser ascendido de Racing Bulls en julio para sustituir a Christian Horner.<\/p>\n<blockquote><p>\u00ab<strong>Tenemos m\u00e1s tiempo<\/strong>. No esperaremos hasta (la ronda final en) Abu Dabi, pero seguro que tenemos algunas carreras m\u00e1s\u00bb.<\/p><\/blockquote>\n<p>\t\t<img decoding=\"async\" class=\"nd-media-detail-caption__img\" alt=\"Conoce qui\u00e9n es Laurent Mekies, el hombre elegido para reemplazar a Christian Horner en Red Bull.\" data-camus-image=\"\" data-camus-toolbar-image-position=\"topleft\" loading=\"lazy\" src=\"https:\/\/images.milenio.com\/G68-d0rjDFTWBl61NuHbH_-0bTQ=\/375x0\/uploads\/media\/2025\/07\/09\/laurent-mekies-hombre-elegido-reemplazar.jpg\" height=\"212\" width=\"375\" onerror=\"this.onerror=null;this.src=\\'\/bundles\/appcamusassets\/dist\/images\/logo-Milenio-2.jpg\\'\"\/><\/p>\n<p>  \tLaurent Mekies (AP)<\/p>\n<p>  \t  \t<img decoding=\"async\" alt=\"filter-toggle\" class=\"nd-media-detail-caption__icon__icon\" src=\"https:\/\/www.milenio.com\/bundles\/appcamusassets\/dist\/images\/svg\/expand-solid.svg\" width=\"15\" height=\"15\" onerror=\"this.onerror=null;this.src=\\'\/bundles\/appcamusassets\/dist\/images\/logo-Milenio-2.jpg\\'\" loading=\"lazy\"\/><br \/>\n  \t  ampliar<\/p>\n<p>\u200b<strong>El lugar de Tsunoda junto a Verstappen<\/strong> en Red Bull Racing ha parecido tenue, con <strong>Hadjar considerado favorito<\/strong> <strong>para tomar su lugar <\/strong>despu\u00e9s de una temporada que ya incluye un primer podio con el tercer lugar en Holanda.<\/p>\n<p><strong>Si Hadjar<\/strong><strong>, que solo tiene 20 a\u00f1os, est\u00e1 preparado <\/strong>para uno de los trabajos m\u00e1s duros del deporte como compa\u00f1ero de equipo de Verstappen es una decisi\u00f3n que Red Bull debe tomar.<\/p>\n<p>Por su parte<strong> el piloto japon\u00e9s cree que est\u00e1 tomando impulso<\/strong>. \u00abSiento que he desbloqueado algo que puedo llevar a futuras carreras\u00bb, declar\u00f3 a periodistas.<\/p>\n<p>    \t<img decoding=\"async\" alt=\"__icon\" class=\"nd-related-news-detail-media-dual__icon\" src=\"https:\/\/www.milenio.com\/bundles\/appcamusassets\/dist\/images\/svg\/arrow-circle-right-solid.svg\" width=\"15\" height=\"15\" onerror=\"this.onerror=null;this.src=\\'\/bundles\/appcamusassets\/dist\/images\/logo-Milenio-2.jpg\\'\" loading=\"lazy\"\/><br \/>\n    TE RECOMENDAMOS<\/p>\n<p>CIG<\/p>\n<p><\/p>\n","protected":false},"excerpt":{"rendered":"Liam Lawson y Yuki Tsunoda celebraron sus mejores marcas personales en Bak\u00fa el fin de semana, pero ambos&hellip;\n","protected":false},"author":2,"featured_media":135212,"comment_status":"","ping_status":"","sticky":false,"template":"","format":"standard","meta":{"footnotes":""},"categories":[270],"tags":[168,25,19943,24,306,271,272,4882,19944,11597,2099,212,23,167,11598],"class_list":{"0":"post-135211","1":"post","2":"type-post","3":"status-publish","4":"format-standard","5":"has-post-thumbnail","7":"category-formula-1","8":"tag-deportes","9":"tag-es","10":"tag-escuderia-red-bull","11":"tag-espana","12":"tag-f1","13":"tag-formula-1","14":"tag-formula1","15":"tag-hadjar","16":"tag-la-aficion","17":"tag-liam-lawson","18":"tag-max-verstappen","19":"tag-red-bull","20":"tag-spain","21":"tag-sports","22":"tag-tsunoda"},"share_on_mastodon":{"url":"","error":""},"_links":{"self":[{"href":"https:\/\/www.europesays.com\/es\/wp-json\/wp\/v2\/posts\/135211","targetHints":{"allow":["GET"]}}],"collection":[{"href":"https:\/\/www.europesays.com\/es\/wp-json\/wp\/v2\/posts"}],"about":[{"href":"https:\/\/www.europesays.com\/es\/wp-json\/wp\/v2\/types\/post"}],"author":[{"embeddable":true,"href":"https:\/\/www.europesays.com\/es\/wp-json\/wp\/v2\/users\/2"}],"replies":[{"embeddable":true,"href":"https:\/\/www.europesays.com\/es\/wp-json\/wp\/v2\/comments?post=135211"}],"version-history":[{"count":0,"href":"https:\/\/www.europesays.com\/es\/wp-json\/wp\/v2\/posts\/135211\/revisions"}],"wp:featuredmedia":[{"embeddable":true,"href":"https:\/\/www.europesays.com\/es\/wp-json\/wp\/v2\/media\/135212"}],"wp:attachment":[{"href":"https:\/\/www.europesays.com\/es\/wp-json\/wp\/v2\/media?parent=135211"}],"wp:term":[{"taxonomy":"category","embeddable":true,"href":"https:\/\/www.europesays.com\/es\/wp-json\/wp\/v2\/categories?post=135211"},{"taxonomy":"post_tag","embeddable":true,"href":"https:\/\/www.europesays.com\/es\/wp-json\/wp\/v2\/tags?post=135211"}],"curies":[{"name":"wp","href":"https:\/\/api.w.org\/{rel}","templated":true}]}}