{"id":135238,"date":"2025-09-24T03:48:12","date_gmt":"2025-09-24T03:48:12","guid":{"rendered":"https:\/\/www.europesays.com\/es\/135238\/"},"modified":"2025-09-24T03:48:12","modified_gmt":"2025-09-24T03:48:12","slug":"dazn-llega-con-sorpresa-las-semifinales-de-supercopa-endesa-en-abierto","status":"publish","type":"post","link":"https:\/\/www.europesays.com\/es\/135238\/","title":{"rendered":"DAZN llega con sorpresa: Las semifinales de Supercopa Endesa, en abierto"},"content":{"rendered":"<p><a href=\"https:\/\/www.merchanendirecto.es\/wp-content\/uploads\/2025\/09\/0000572084-16-9-01.webp\" data-caption=\"Foto: ACB.\" rel=\"nofollow noopener\" target=\"_blank\"><img loading=\"lazy\" decoding=\"async\" width=\"696\" height=\"392\" class=\"entry-thumb td-modal-image\" src=\"https:\/\/www.europesays.com\/es\/wp-content\/uploads\/2025\/09\/0000572084-16-9-01-696x392.webp.webp\"   alt=\"\" title=\"Supercopa Endesa: La inc\u00f3gnita del rival del Unicaja\"\/><\/a>Foto: ACB.<\/p>\n<p><strong>DAZN Espa\u00f1a<\/strong> ha confirmado una sorpresa de bienvenida en la Presentaci\u00f3n de la Liga Endesa: las <strong>dos semifinales<\/strong> de la Supercopa Endesa de este fin de semana se emitir\u00e1n en abierto en su plataforma, contando los encuentros con los comentarios de <strong>V\u00edctor Claver<\/strong> y <strong>Pablo Laso<\/strong>. Una Supercopa Endesa 2025 que se celebra los pr\u00f3ximos <strong>27 y 28 de septiembre<\/strong> en el <strong>Palacio de Deportes Jos\u00e9 Mar\u00eda Mart\u00edn Carpena <\/strong>de M\u00e1laga. Radio MARCA M\u00e1laga ofrecer\u00e1 en directo la participaci\u00f3n de Unicaja como anfitri\u00f3n el pr\u00f3ximo s\u00e1bado desde las 18:00 horas.<\/p>\n<p>Los emparejamientos para las semifinales, definidos tras el sorteo del 5 de septiembre, son los siguientes:<\/p>\n<ul class=\"wp-block-list\">\n<li><strong>Unicaja M\u00e1laga vs. Valencia Basket<\/strong> se enfrentar\u00e1n el s\u00e1bado 27 a las <strong>18:00 horas<\/strong>. <\/li>\n<li><strong>Real Madrid vs. La Laguna Tenerife<\/strong> jugar\u00e1n ese mismo s\u00e1bado a las <strong>21:00 horas<\/strong>. <\/li>\n<\/ul>\n<p>La gran final est\u00e1 prevista para el domingo 28 de septiembre a las <strong>19:00 horas<\/strong>. <\/p>\n<blockquote class=\"twitter-tweet\">\n<p lang=\"es\" dir=\"ltr\">\ud83d\udca5 S\u00ed, <a href=\"https:\/\/twitter.com\/DAZN_ES?ref_src=twsrc%5Etfw\" rel=\"nofollow noopener\" target=\"_blank\">@DAZN_ES<\/a> y <a href=\"https:\/\/twitter.com\/quimdomenech?ref_src=twsrc%5Etfw\" rel=\"nofollow noopener\" target=\"_blank\">@quimdomenech<\/a> no pod\u00edan tenernos una mejor SORPRESA DE BIENVENIDA guardada para la <a href=\"https:\/\/twitter.com\/hashtag\/PresentacionLigaEndesa?src=hash&amp;ref_src=twsrc%5Etfw\" rel=\"nofollow noopener\" target=\"_blank\">#PresentacionLigaEndesa<\/a>\u2026<\/p>\n<p>\u00a1Las DOS SEMIFINALES de <a href=\"https:\/\/twitter.com\/hashtag\/SupercopaEndesa?src=hash&amp;ref_src=twsrc%5Etfw\" rel=\"nofollow noopener\" target=\"_blank\">#SupercopaEndesa<\/a>, en ABIERTO en Dazn, con <a href=\"https:\/\/twitter.com\/Victor_Claver?ref_src=twsrc%5Etfw\" rel=\"nofollow noopener\" target=\"_blank\">@Victor_Claver<\/a> y <a href=\"https:\/\/twitter.com\/pablolaso?ref_src=twsrc%5Etfw\" rel=\"nofollow noopener\" target=\"_blank\">@pablolaso<\/a> como COMENTARISTAS! \ud83d\udc4f<\/p>\n<p>Qu\u00e9 LOCURA estar en este barco \ud83d\ude0c <a href=\"https:\/\/t.co\/XAxXOKiSgj\" rel=\"nofollow\">pic.twitter.com\/XAxXOKiSgj<\/a><\/p>\n<p>\u2014 Liga Endesa (@ACBCOM) <a href=\"https:\/\/twitter.com\/ACBCOM\/status\/1970547335861092479?ref_src=twsrc%5Etfw\" rel=\"nofollow noopener\" target=\"_blank\">September 23, 2025<\/a><\/p><\/blockquote>\n<p>Adem\u00e1s, Unicaja llega al torneo <a href=\"https:\/\/www.merchanendirecto.es\/unicaja\/los-campeones-del-mundo-fiba-ya-estan-en-malaga\/\" rel=\"nofollow noopener\" target=\"_blank\">tras revalidar la <strong>Copa FIBA Intercontinental<\/strong><\/a>, motivo de ausencia de representante cajista en la cita de presentaci\u00f3n en Madrid, derrotando al <strong>NBA G League United<\/strong> en la final por 71-61. Fue una victoria que incluy\u00f3 una remontada, destacando un tercer cuarto decisivo. Con este nuevo t\u00edtulo, Unicaja suma ya <strong>once trofeos<\/strong> en su palmar\u00e9s y buscar\u00e1 sumar el duod\u00e9cimo este pr\u00f3ximo fin de semana.<\/p>\n<p>As\u00ed, <strong>DAZN llega con sorpresa: Las semifinales de Supercopa Endesa, en abierto<\/strong>. Claver y Laso completar\u00e1n el roster de una narraci\u00f3n protagonizada por Fran Guill\u00e9n.<\/p>\n<p><script async src=\"https:\/\/platform.twitter.com\/widgets.js\" charset=\"utf-8\"><\/script><\/p>\n","protected":false},"excerpt":{"rendered":"Foto: ACB. DAZN Espa\u00f1a ha confirmado una sorpresa de bienvenida en la Presentaci\u00f3n de la Liga Endesa: las&hellip;\n","protected":false},"author":2,"featured_media":135239,"comment_status":"","ping_status":"","sticky":false,"template":"","format":"standard","meta":{"footnotes":""},"categories":[269],"tags":[299,298,305,168,25,24,665,18128,23,167,42919],"class_list":{"0":"post-135238","1":"post","2":"type-post","3":"status-publish","4":"format-standard","5":"has-post-thumbnail","7":"category-baloncesto","8":"tag-baloncesto","9":"tag-basketball","10":"tag-dazn","11":"tag-deportes","12":"tag-es","13":"tag-espana","14":"tag-liga-endesa","15":"tag-retransmision","16":"tag-spain","17":"tag-sports","18":"tag-supercopa-endesa-2025"},"share_on_mastodon":{"url":"","error":""},"_links":{"self":[{"href":"https:\/\/www.europesays.com\/es\/wp-json\/wp\/v2\/posts\/135238","targetHints":{"allow":["GET"]}}],"collection":[{"href":"https:\/\/www.europesays.com\/es\/wp-json\/wp\/v2\/posts"}],"about":[{"href":"https:\/\/www.europesays.com\/es\/wp-json\/wp\/v2\/types\/post"}],"author":[{"embeddable":true,"href":"https:\/\/www.europesays.com\/es\/wp-json\/wp\/v2\/users\/2"}],"replies":[{"embeddable":true,"href":"https:\/\/www.europesays.com\/es\/wp-json\/wp\/v2\/comments?post=135238"}],"version-history":[{"count":0,"href":"https:\/\/www.europesays.com\/es\/wp-json\/wp\/v2\/posts\/135238\/revisions"}],"wp:featuredmedia":[{"embeddable":true,"href":"https:\/\/www.europesays.com\/es\/wp-json\/wp\/v2\/media\/135239"}],"wp:attachment":[{"href":"https:\/\/www.europesays.com\/es\/wp-json\/wp\/v2\/media?parent=135238"}],"wp:term":[{"taxonomy":"category","embeddable":true,"href":"https:\/\/www.europesays.com\/es\/wp-json\/wp\/v2\/categories?post=135238"},{"taxonomy":"post_tag","embeddable":true,"href":"https:\/\/www.europesays.com\/es\/wp-json\/wp\/v2\/tags?post=135238"}],"curies":[{"name":"wp","href":"https:\/\/api.w.org\/{rel}","templated":true}]}}