{"id":135254,"date":"2025-09-24T04:01:13","date_gmt":"2025-09-24T04:01:13","guid":{"rendered":"https:\/\/www.europesays.com\/es\/135254\/"},"modified":"2025-09-24T04:01:13","modified_gmt":"2025-09-24T04:01:13","slug":"israel-dice-que-tomara-las-medidas-necesarias-si-la-flotilla-no-atraca-en-sus-puertos","status":"publish","type":"post","link":"https:\/\/www.europesays.com\/es\/135254\/","title":{"rendered":"Israel dice que tomar\u00e1 las \u00abmedidas necesarias\u00bb si la Flotilla no atraca en sus puertos"},"content":{"rendered":"<p>Jerusal\u00e9n, (EFE).- El Ministerio de Exteriores de Israel asegur\u00f3 este martes que si la Flotilla Global Sumud que se dirige a Gaza con ayuda humanitaria no atraca en sus puertos para transferir su carga desde territorio israel\u00ed, en lugar de directamente a la Franja, tomar\u00e1 \u00ablas medidas necesarias\u00bb para detenerla.<\/p>\n<p>\u00abSi la Flotilla sigue rechazando la propuesta pac\u00edfica de Israel, este tomar\u00e1 las medidas necesarias para impedir su entrada en la zona de combate y detener cualquier violaci\u00f3n del bloqueo naval legal, al tiempo que har\u00e1 todo lo posible por garantizar la seguridad de sus pasajeros\u00bb, recogi\u00f3 el comunicado de Exteriores.<\/p>\n<p>La flotilla rechaza en un comunicado la propuesta israel\u00ed<\/p>\n<p>El texto responde al \u00faltimo comunicado de la organizaci\u00f3n, en el que rechaza la propuesta israel\u00ed de que la carga que llevan a Gaza sea descargada en el puerto de Ascal\u00f3n, en Israel y a unos 13 kil\u00f3metros de la Franja.<\/p>\n<p>La iniciativa de la Flotilla se basa desde su creaci\u00f3n en 2010 en romper con el bloqueo que Israel mantiene a la Franja de Gaza, a trav\u00e9s del cual ya controlaba los accesos al enclave por tierra, mar y aire, incluso antes de iniciar su ofensiva.<\/p>\n<p>\u00abEsta respuesta pone de manifiesto una vez m\u00e1s la falta de sinceridad de los miembros de la flotilla y su misi\u00f3n de servir a Ham\u00e1s, en lugar de al pueblo de Gaza\u00bb, contin\u00faa el comunicado.<\/p>\n<p>Israel defiende la transferencia de ayuda desde su territorio<\/p>\n<p>Israel, que durante su ofensiva contra Gaza ha matado a m\u00e1s de 65.000 palestinos y limitado el acceso de bienes b\u00e1sicos como alimento o medicinas, defendi\u00f3 as\u00ed la transferencia de la ayuda desde territorio israel\u00ed como \u00abla forma pac\u00edfica y no violenta\u00bb.<\/p>\n<p>La Flotilla asegur\u00f3 este martes que la propuesta israel\u00ed del lunes es una \u00abobstrucci\u00f3n deliberada a su misi\u00f3n\u00bb.<\/p>\n<p>\u00abEl historial de Israel de interceptar buques, bloquear convoyes y restringir rutas demuestra que su intenci\u00f3n no es facilitar la ayuda humanitaria, sino controlarla, retrasarla y denegarla\u00bb, denunci\u00f3 la Flotilla en un comunicado, en el que record\u00f3 que Amnist\u00eda Internacional y Human Rights Watch calificaron estas pr\u00e1cticas como \u00abviolaciones del derecho internacional y peligrosas obstrucciones a la asistencia imparcial\u00bb.<\/p>\n<p>Unos cincuenta barcos<\/p>\n<p>La Flotilla Global Sumud, integrada por unos cincuenta barcos con activistas, pol\u00edticos, periodistas y m\u00e9dicos de m\u00e1s de cuarenta nacionalidades, est\u00e1 considerada como la mayor flotilla organizada hasta el momento.<\/p>\n<p>Hasta ahora, Israel ha detenido en el mar las naves de la Flotilla de la Libertad que han intentado llegar a Gaza (seg\u00fan la organizaci\u00f3n, en aguas internacionales) y ha deportado a sus miembros, algunos de ellos tras pasar por prisiones israel\u00edes.<\/p>\n","protected":false},"excerpt":{"rendered":"Jerusal\u00e9n, (EFE).- El Ministerio de Exteriores de Israel asegur\u00f3 este martes que si la Flotilla Global Sumud que&hellip;\n","protected":false},"author":2,"featured_media":135255,"comment_status":"","ping_status":"","sticky":false,"template":"","format":"standard","meta":{"footnotes":""},"categories":[42],"tags":[17,18,13,14,8933,11,61,62,63,64,74,19,20,9,10,15,16,76,12,21,22,65,66,67],"class_list":{"0":"post-135254","1":"post","2":"type-post","3":"status-publish","4":"format-standard","5":"has-post-thumbnail","7":"category-internacional","8":"tag-breaking-news","9":"tag-breakingnews","10":"tag-featured-news","11":"tag-featurednews","12":"tag-guerra-gaza","13":"tag-headlines","14":"tag-internacional","15":"tag-international","16":"tag-international-news","17":"tag-internationalnews","18":"tag-israel","19":"tag-latest-news","20":"tag-latestnews","21":"tag-news","22":"tag-noticias","23":"tag-noticias-destacadas","24":"tag-noticiasdestacadas","25":"tag-palestina","26":"tag-titulares","27":"tag-ultimas-noticias","28":"tag-ultimasnoticias","29":"tag-world","30":"tag-world-news","31":"tag-worldnews"},"share_on_mastodon":{"url":"","error":""},"_links":{"self":[{"href":"https:\/\/www.europesays.com\/es\/wp-json\/wp\/v2\/posts\/135254","targetHints":{"allow":["GET"]}}],"collection":[{"href":"https:\/\/www.europesays.com\/es\/wp-json\/wp\/v2\/posts"}],"about":[{"href":"https:\/\/www.europesays.com\/es\/wp-json\/wp\/v2\/types\/post"}],"author":[{"embeddable":true,"href":"https:\/\/www.europesays.com\/es\/wp-json\/wp\/v2\/users\/2"}],"replies":[{"embeddable":true,"href":"https:\/\/www.europesays.com\/es\/wp-json\/wp\/v2\/comments?post=135254"}],"version-history":[{"count":0,"href":"https:\/\/www.europesays.com\/es\/wp-json\/wp\/v2\/posts\/135254\/revisions"}],"wp:featuredmedia":[{"embeddable":true,"href":"https:\/\/www.europesays.com\/es\/wp-json\/wp\/v2\/media\/135255"}],"wp:attachment":[{"href":"https:\/\/www.europesays.com\/es\/wp-json\/wp\/v2\/media?parent=135254"}],"wp:term":[{"taxonomy":"category","embeddable":true,"href":"https:\/\/www.europesays.com\/es\/wp-json\/wp\/v2\/categories?post=135254"},{"taxonomy":"post_tag","embeddable":true,"href":"https:\/\/www.europesays.com\/es\/wp-json\/wp\/v2\/tags?post=135254"}],"curies":[{"name":"wp","href":"https:\/\/api.w.org\/{rel}","templated":true}]}}